{"id":792,"date":"2018-06-01T05:34:19","date_gmt":"2018-06-01T03:34:19","guid":{"rendered":"https:\/\/www.dbrady.at\/raetiae\/?p=792"},"modified":"2021-02-25T15:29:55","modified_gmt":"2021-02-25T14:29:55","slug":"las-hermanas-caronni-craffonara-kacinari","status":"publish","type":"post","link":"https:\/\/www.raetia.net\/it\/las-hermanas-caronni-craffonara-kacinari\/","title":{"rendered":"Las Hermanas Caronni &amp; Craffonara &amp; Ka\u00e7inari"},"content":{"rendered":"<pre class=\"wp-block-preformatted\">Konzert\nzwischen Klassik, Chanson und Kammerfolk \n24 \/ 06 \/ 2018<\/pre>\n\n\n\n<div class=\"wp-block-columns is-layout-flex wp-container-core-columns-is-layout-9d6595d7 wp-block-columns-is-layout-flex\">\n<div class=\"wp-block-column is-layout-flow wp-block-column-is-layout-flow\">\n<figure class=\"wp-block-image size-large\"><img loading=\"lazy\" decoding=\"async\" width=\"992\" height=\"591\" src=\"https:\/\/www.raetia.net\/wp-content\/uploads\/sommer-in-plawenn_Seite_1_Bild_0001.jpg\" alt=\"\" class=\"wp-image-793\" srcset=\"https:\/\/www.raetia.net\/wp-content\/uploads\/sommer-in-plawenn_Seite_1_Bild_0001.jpg 992w, https:\/\/www.raetia.net\/wp-content\/uploads\/sommer-in-plawenn_Seite_1_Bild_0001-400x238.jpg 400w, https:\/\/www.raetia.net\/wp-content\/uploads\/sommer-in-plawenn_Seite_1_Bild_0001-768x458.jpg 768w, https:\/\/www.raetia.net\/wp-content\/uploads\/sommer-in-plawenn_Seite_1_Bild_0001-16x10.jpg 16w\" sizes=\"auto, (max-width: 992px) 100vw, 992px\" \/><\/figure>\n<\/div>\n\n\n\n<div class=\"wp-block-column is-layout-flow wp-block-column-is-layout-flow\">\n<figure class=\"wp-block-image size-large\"><img loading=\"lazy\" decoding=\"async\" width=\"899\" height=\"643\" src=\"https:\/\/www.raetia.net\/wp-content\/uploads\/sommer-in-plawenn_Seite_1_Bild_0003.jpg\" alt=\"\" class=\"wp-image-794\" srcset=\"https:\/\/www.raetia.net\/wp-content\/uploads\/sommer-in-plawenn_Seite_1_Bild_0003.jpg 899w, https:\/\/www.raetia.net\/wp-content\/uploads\/sommer-in-plawenn_Seite_1_Bild_0003-400x286.jpg 400w, https:\/\/www.raetia.net\/wp-content\/uploads\/sommer-in-plawenn_Seite_1_Bild_0003-768x549.jpg 768w, https:\/\/www.raetia.net\/wp-content\/uploads\/sommer-in-plawenn_Seite_1_Bild_0003-16x12.jpg 16w\" sizes=\"auto, (max-width: 899px) 100vw, 899px\" \/><\/figure>\n<\/div>\n<\/div>\n\n\n\n<ul class=\"wp-block-list\"><li>Laura Caronni: Violoncello, voce<\/li><li>Gianna Caronni: Clarinetto, voce<\/li><li>Rina Kacinari: Violoncello, voce<\/li><li>Maria Craffonara: Violino, voce<\/li><\/ul>\n\n\n\n<p>Quattro signore con origini nel campo della tensione tra musica classica, chanson e musica da camera: due sorelle gemelle argentine con radici ticinesi, ispano-ebraiche e russe e residenza in Francia incontrano un ladino altoatesino e un kosovaro con un forte legame con Vienna. Tutti e quattro sono cresciuti multilingue e nel melting pot di culture diverse, hanno anni di esperienza scenica sia nella musica classica che nella musica crossover, e tutti e quattro sono compositori, parolieri e interpreti delle loro opere. <\/p>\n\n\n\n<p>Diese au\u00dfergew\u00f6hnliche Produktion ist eine Auftragsarbeit f\u00fcr das Festival Glatt &amp; Verkehrt,  eine Koproduktion von Klangfeste Schloss Runkelstein (Bozen), Festival Glatt &amp; Verkehrt (Krems) und dem Kulturverein arcus raetiae (Plawenn).<\/p>","protected":false},"excerpt":{"rendered":"","protected":false},"author":1,"featured_media":793,"comment_status":"closed","ping_status":"closed","sticky":false,"template":"","format":"standard","meta":{"footnotes":""},"categories":[6,7],"tags":[],"class_list":["post-792","post","type-post","status-publish","format-standard","has-post-thumbnail","hentry","category-club-of-mult","category-konzert","generate-columns","tablet-grid-50","mobile-grid-100","grid-parent","grid-25","no-featured-image-padding"],"_links":{"self":[{"href":"https:\/\/www.raetia.net\/it\/wp-json\/wp\/v2\/posts\/792","targetHints":{"allow":["GET"]}}],"collection":[{"href":"https:\/\/www.raetia.net\/it\/wp-json\/wp\/v2\/posts"}],"about":[{"href":"https:\/\/www.raetia.net\/it\/wp-json\/wp\/v2\/types\/post"}],"author":[{"embeddable":true,"href":"https:\/\/www.raetia.net\/it\/wp-json\/wp\/v2\/users\/1"}],"replies":[{"embeddable":true,"href":"https:\/\/www.raetia.net\/it\/wp-json\/wp\/v2\/comments?post=792"}],"version-history":[{"count":2,"href":"https:\/\/www.raetia.net\/it\/wp-json\/wp\/v2\/posts\/792\/revisions"}],"predecessor-version":[{"id":1547,"href":"https:\/\/www.raetia.net\/it\/wp-json\/wp\/v2\/posts\/792\/revisions\/1547"}],"wp:featuredmedia":[{"embeddable":true,"href":"https:\/\/www.raetia.net\/it\/wp-json\/wp\/v2\/media\/793"}],"wp:attachment":[{"href":"https:\/\/www.raetia.net\/it\/wp-json\/wp\/v2\/media?parent=792"}],"wp:term":[{"taxonomy":"category","embeddable":true,"href":"https:\/\/www.raetia.net\/it\/wp-json\/wp\/v2\/categories?post=792"},{"taxonomy":"post_tag","embeddable":true,"href":"https:\/\/www.raetia.net\/it\/wp-json\/wp\/v2\/tags?post=792"}],"curies":[{"name":"wp","href":"https:\/\/api.w.org\/{rel}","templated":true}]}}