{"id":775,"date":"2019-01-01T04:47:03","date_gmt":"2019-01-01T03:47:03","guid":{"rendered":"https:\/\/www.dbrady.at\/raetiae\/?p=775"},"modified":"2024-12-25T15:21:56","modified_gmt":"2024-12-25T14:21:56","slug":"die-winterreise","status":"publish","type":"post","link":"https:\/\/www.raetia.net\/it\/die-winterreise\/","title":{"rendered":"Il viaggio invernale (Die Winterreise, Franz Schubert)"},"content":{"rendered":"<pre class=\"wp-block-preformatted\">Die Winterreise \nSoir\u00e9e \nNata\u0161a Mirkovi\u0107 - Matthias Loibner  \n19 \/ 1 \/ 2019<\/pre>\n\n\n\n<div class=\"wp-block-image\"><figure class=\"aligncenter size-large\"><img loading=\"lazy\" decoding=\"async\" width=\"660\" height=\"260\" src=\"https:\/\/www.raetia.net\/wp-content\/uploads\/Natasa_MirkovicMatthias_Loibner.jpg\" alt=\"\" class=\"wp-image-809\" srcset=\"https:\/\/www.raetia.net\/wp-content\/uploads\/Natasa_MirkovicMatthias_Loibner.jpg 660w, https:\/\/www.raetia.net\/wp-content\/uploads\/Natasa_MirkovicMatthias_Loibner-400x158.jpg 400w, https:\/\/www.raetia.net\/wp-content\/uploads\/Natasa_MirkovicMatthias_Loibner-16x6.jpg 16w\" sizes=\"auto, (max-width: 660px) 100vw, 660px\" \/><\/figure><\/div>\n\n\n\n<div class=\"wp-block-columns is-layout-flex wp-container-core-columns-is-layout-9d6595d7 wp-block-columns-is-layout-flex\">\n<div class=\"wp-block-column is-layout-flow wp-block-column-is-layout-flow\">\n<h4 class=\"wp-block-heading\">Der Blumen im Winter sah <\/h4>\n\n\n\n<p>Tenere la delusione e il desiderio di appagamento in entrambe le mani - questa immagine di tumulto interiore si rivela nelle parole di M\u00fcller e nell'ambientazione di Schubert nel 1827, anno della morte di M\u00fcller. In una singolare affinit\u00e0 di anime, entrambi hanno immerso il loro desiderio nella loro arte per dire una cosa in due modi. Unisono di sentimenti scorre in ogni verso e in ogni frase musicale. L'idea del regista di Graz Ernst M. Binder ha suscitato in me un entusiasmo e un'irresistibile attrazione magica per intraprendere questo viaggio attraverso questo inverno di sentimenti. E gi\u00e0 dopo qualche parola di M\u00fcller e alcuni toni di Schubert, \u00e8 nata l'esigenza di raccontare questi sentimenti in modo fragile e nudo, liberato da inutili ornamenti, per servire l'ascoltatore con la voce come specchio, e per farlo partecipare all'intima comunicazione tra M\u00fcller e Schubert, che risplende in modo unico dal profondo dell'intero ciclo.<\/p>\n\n\n\n<p>Mein Herz sieht an dem Himmel<br>Gemalt sein eig&#8217;nes Bild &#8211;<br>Es ist nichts als der Winter,<br>Der Winter kalt und wild !<br><em>aus &#8222;Der st\u00fcrmische Morgen&#8220; <\/em><\/p>\n\n\n\n<p>Nata\u0161a Mirkovi\u0107<br><\/p>\n<\/div>\n\n\n\n<div class=\"wp-block-column is-layout-flow wp-block-column-is-layout-flow\">\n<h4 class=\"wp-block-heading\">Dr\u00fcben hinterm Dorfe<\/h4>\n\n\n\n<p>&#8222;Wunderlicher Alter! Soll ich mit Dir geh&#8217;n?<br>Willst zu meinen Liedern deine Leier drehn?&#8220;<br><em>aus &#8222;Der Leiermann&#8220;, Schluss der &#8222;Winterreise&#8220; <\/em><br> <\/p>\n\n\n\n<p>Il collegamento tra la Winterreise di Schubert e la ghironda \u00e8 nato in modo del tutto naturale attraverso il \"Leiermann\", che nell'ultima canzone del ciclo \u00e8 solitamente inteso come simbolo di follia, morte e torpore. Nei testi di Wilhelm M\u00fcller, sono rimasto affascinato fin dall'inizio dalla costante fuga dell'ego lirico dal tumulto interiore in un desiderio (di morte e di amore), la cui vera insaziabilit\u00e0 diventa palpabile nell'ambiente di Schubert. Come \"lyreman\", ero destinato fin dall'inizio a fallire nella sfida di interpretare le numerose sfumature, soprattutto armoniche, di questo presagio musicale. Cos\u00ec la fine di Winterreise diventa il punto di partenza e porta cos\u00ec in primo piano l'irrealizzabilit\u00e0 e la solitudine in questa versione per voce e ghironda. <\/p>\n\n\n\n<p>Ging nur die dritt&#8216; erst hinterdrein! <br>Im Dunkeln wird mir wohler sein. <br><em>aus &#8222;Die Nebensonnen&#8220;<\/em><\/p>\n\n\n\n<p>Matthias Loibner<br> <\/p>\n<\/div>\n<\/div>","protected":false},"excerpt":{"rendered":"","protected":false},"author":1,"featured_media":809,"comment_status":"closed","ping_status":"closed","sticky":false,"template":"","format":"standard","meta":{"footnotes":""},"categories":[6,7],"tags":[],"class_list":["post-775","post","type-post","status-publish","format-standard","has-post-thumbnail","hentry","category-club-of-mult","category-konzert","generate-columns","tablet-grid-50","mobile-grid-100","grid-parent","grid-25","no-featured-image-padding"],"_links":{"self":[{"href":"https:\/\/www.raetia.net\/it\/wp-json\/wp\/v2\/posts\/775","targetHints":{"allow":["GET"]}}],"collection":[{"href":"https:\/\/www.raetia.net\/it\/wp-json\/wp\/v2\/posts"}],"about":[{"href":"https:\/\/www.raetia.net\/it\/wp-json\/wp\/v2\/types\/post"}],"author":[{"embeddable":true,"href":"https:\/\/www.raetia.net\/it\/wp-json\/wp\/v2\/users\/1"}],"replies":[{"embeddable":true,"href":"https:\/\/www.raetia.net\/it\/wp-json\/wp\/v2\/comments?post=775"}],"version-history":[{"count":5,"href":"https:\/\/www.raetia.net\/it\/wp-json\/wp\/v2\/posts\/775\/revisions"}],"predecessor-version":[{"id":1541,"href":"https:\/\/www.raetia.net\/it\/wp-json\/wp\/v2\/posts\/775\/revisions\/1541"}],"wp:featuredmedia":[{"embeddable":true,"href":"https:\/\/www.raetia.net\/it\/wp-json\/wp\/v2\/media\/809"}],"wp:attachment":[{"href":"https:\/\/www.raetia.net\/it\/wp-json\/wp\/v2\/media?parent=775"}],"wp:term":[{"taxonomy":"category","embeddable":true,"href":"https:\/\/www.raetia.net\/it\/wp-json\/wp\/v2\/categories?post=775"},{"taxonomy":"post_tag","embeddable":true,"href":"https:\/\/www.raetia.net\/it\/wp-json\/wp\/v2\/tags?post=775"}],"curies":[{"name":"wp","href":"https:\/\/api.w.org\/{rel}","templated":true}]}}