{"id":6772,"date":"2026-03-18T14:37:38","date_gmt":"2026-03-18T13:37:38","guid":{"rendered":"https:\/\/www.raetia.net\/?p=6772"},"modified":"2026-03-18T14:38:00","modified_gmt":"2026-03-18T13:38:00","slug":"facundo-rodriguez-chamame-10-5-2026","status":"publish","type":"post","link":"https:\/\/www.raetia.net\/it\/facundo-rodriguez-chamame-10-5-2026\/","title":{"rendered":"Facundo Rodriguez &#8211; Chamam\u00e9 &#8211; 10.5.2026"},"content":{"rendered":"<pre class=\"wp-block-preformatted\">Chamam\u00e9<\/pre>\n\n\n\n<p class=\"has-contrast-2-color has-text-color has-link-color wp-elements-5d729671b34fb813eff06bd4dc38d6f6\"><\/p>\n\n\n<div class=\"wp-block-image is-style-default\">\n<figure class=\"alignright size-full is-resized\"><img loading=\"lazy\" decoding=\"async\" width=\"640\" height=\"640\" src=\"https:\/\/www.raetia.net\/wp-content\/uploads\/gitarrenmann-002.jpg\" alt=\"\" class=\"wp-image-6773\" style=\"width:593px;height:auto\" srcset=\"https:\/\/www.raetia.net\/wp-content\/uploads\/gitarrenmann-002.jpg 640w, https:\/\/www.raetia.net\/wp-content\/uploads\/gitarrenmann-002-400x400.jpg 400w, https:\/\/www.raetia.net\/wp-content\/uploads\/gitarrenmann-002-235x235.jpg 235w, https:\/\/www.raetia.net\/wp-content\/uploads\/gitarrenmann-002-12x12.jpg 12w\" sizes=\"auto, (max-width: 640px) 100vw, 640px\" \/><\/figure>\n<\/div>\n\n\n<p class=\"has-text-align-left has-contrast-2-color has-text-color has-link-color wp-elements-691b851bb78a085d4613def540176835\">Der argentinische Gitarrist wurde 1991 in Lanteri (Santa Fe) geboren. Facundo begann im Alter von 5 Jahren unter Anleitung seines Vaters und seines Bruders Samuel Gitarre zu lernen. In diesen Jahren war er Mitglied verschiedener Chamam\u00e9-Gruppen und anderer Musikrichtungen. Jahre sp\u00e4ter lie\u00df er sich in Corrientes nieder, um Musik zu studieren und seine Karriere professionell voranzutreiben. Dort begleitete er gro\u00dfe Gr\u00f6\u00dfen des Chamam\u00e9 wie Rudi und Nini Flores, Salvador Miqueri, Hector Ch\u00e1vez, Los Barrios, Mateo Villalba und anderen und tourt durch Argentinien, Brasilien, Uruguay und Paraguay. Im Jahr 2013 begleitet er zusammen mit Nini Flores den spanischen Tenor Jos\u00e9 Carreras bei dessen Auftritt in Corrientes.<\/p>\n\n\n\n<p class=\"has-contrast-2-color has-text-color has-link-color wp-elements-901fd869812d2b8cc633156cd8b6fdaa\">Im Jahr 2014 reiste er nach Europa, wo er Konzerte in Frankreich und Belgien gab und Rudi und Nini Flores begleitete. Im folgenden Jahr lie\u00df er sich in Buenos Aires nieder, wo er sein Studium fortsetzte und zusammen mit Guillermo Rubino (Violine), Juan Pablo Navarro (Kontrabass) und Matias Martino (Klavier) musizierte. Mit dieser Besetzung gibt er Konzerte auf den wichtigsten B\u00fchnen von Buenos Aires, wie dem Teatro Col\u00f3n, dem Centro Cultural Kirchner (CCK), der Us\u00edna del Arte und dem Cabildo, unter anderem.<\/p>\n\n\n\n<p class=\"has-contrast-2-color has-text-color has-link-color wp-elements-b894d8b464e20e9f53c61f6ab2263f05\">In dieser Zeit trat er gemeinsam mit gro\u00dfen K\u00fcnstlern wie Hugo Rivas, Juan Fal\u00fa, Luis Landriscina, Julio Pane, Julio Cobelli, Nestor Marconi, Walter R\u00edos, Ra\u00fal Garello und Juanjo Dom\u00ednguez auf und nahm mit ihnen Alben auf. Er nimmt ein Album zusammen mit Rudi Flores auf, \u201eCocomarola en Guitarras\u201c, das 2019 mit dem Premio Gardel als bestes Chamam\u00e9-Album ausgezeichnet wurde.<\/p>\n\n\n\n<p class=\"has-contrast-2-color has-text-color has-link-color wp-elements-a3cbbbad7978f1bd62d606c8f50e7673\">Im Jahr 2021 unternahm er eine Tournee durch Japan, die vom japanischen Akkordeonisten Masahiro Aoki produziert wurde, um den Chamam\u00e9 an die wichtigsten Orte des Landes zu bringen, begleitet von Julio Ram\u00edrez und Fernando Silva. Von den Konzerten dieser Tournee wurden audiovisuelle Aufzeichnungen angefertigt, die auf YouTube sowie als Tontr\u00e4ger auf allen digitalen Plattformen verf\u00fcgbar sind.<\/p>\n\n\n\n<p class=\"has-contrast-2-color has-text-color has-link-color wp-elements-08e2ff73c8e1455bf9caa2d744f6c81f\">Er spielt gemeinsam mit gro\u00dfen Gr\u00f6\u00dfen aus Paraguay wie Marcelo Rojas und Panchi Duarte sowie aus Brasilien mit den<br>Meistern Yamandu Costa, Renato Borgetti, Jorge Guedes und seiner Familie und dem gro\u00dfartigen Luiz Carlos Borges, den er mehrere Jahre lang beim Nationalfest des Chamam\u00e9 begleitet hat. Zusammen mit der Familie Guedes tourte er durch den S\u00fcden Brasiliens und bereiste die Bundesstaaten Rio Grande do Sul, Santa Catarina, Paran\u00e1 und Mato Grosso do Sul.<\/p>\n\n\n\n<p class=\"has-contrast-2-color has-text-color has-link-color wp-elements-e74571c423cafb49f66e1e9a3377baf1\">In den letzten Jahren arbeitet er an seinen Musikprojekten, pr\u00e4sentiert Arrangements f\u00fcr verschiedene Besetzungen (Streichquintett, Trios, Duos) und arbeitet mit K\u00fcnstlern wie Bocha Sheridan, Mateo Villalba, Rudi Flores und anderen zusammen. Seit 2014 bildet er zusammen mit Gabriel Cocomarola, Julio Ramirez, Samuel Rodriguez und Santiago Sheridan das \u201eQuinteto Cocomarola\u201c, mit dem er auch heute noch auf der B\u00fchne steht.<\/p>\n\n\n\n<p>Im Jahr 2023 nimmt er gemeinsam mit dem Meister Hugo Rivas ein Album mit Tangos und Walzern unter dem Titel \u201e\u00cdntimo\u201c auf. Mit ihm tritt er seit 2015 wiederholt als Gastk\u00fcnstler bei Konzerten auf und wirkt an dessen Alben \u201eAbriendo Caminos\u201c, \u201eHugo Rivas Sexteto\u201c und \u201eLeopold\u00edsimo\u201c mit. Im selben Jahr wirkt er als Arrangeur und Gitarrist an der Platte \u201eChamam\u00e9 Sentido\u201c des Singer-Songwriters Coqui Ortiz aus dem Chaco mit.<\/p>\n\n\n\n<p>Seit 2023 produziert und leitet er das audiovisuelle Projekt \u201eChamame y R\u00edo\u201c, das bereits 48 Videos umfasst, aufgeteilt in drei auf YouTube ver\u00f6ffentlichte Staffeln und vier Alben auf digitalen Plattformen. Diese Produktion zielt darauf ab, besondere Begegnungen mit Pers\u00f6nlichkeiten, die einen wichtigen Beitrag zu unserer Musik, dem Chamam\u00e9, leisten, zu w\u00fcrdigen und zu dokumentieren.<\/p>\n\n\n\n<p>Im Jahr 2024 ver\u00f6ffentlicht er sein erstes Album \u201eGuitarra en Mano\u201c, auf dem er neue Arrangements und eigene Kompositionen pr\u00e4sentiert. An diesem Album haben Julio Ram\u00edrez, Agust\u00edn Monz\u00f3n, Anibal Mi\u00f1o, Fernando Silva und Fabi\u00e1n Garc\u00eda mitgewirkt.<\/p>\n\n\n\n<p>Im Januar 2025 reist er nach Porto Alegre (Brasilien), wo er das Album \u201eGuitarras al Sur\u201c im Duett mit dem Meister Yamandu Costa aufnimmt. Ein Album, das eigene Kompositionen sowie Klassiker des Chamam\u00e9, des Tangos und der paraguayischen Polka enth\u00e4lt. Anschlie\u00dfend wird er eingeladen, gemeinsam mit ihm an einer Reihe von Konzerten in Chile, Argentinien und Paraguay im Februar teilzunehmen.<\/p>\n\n\n\n<p>Im April 2025 reist er nach Europa, wo er sich f\u00fcr einige Monate niederl\u00e4sst, um verschiedene Musikprojekte zu entwickeln. Zusammen mit Yamandu Costa tritt er bei renommierten Gitarrenfestivals auf, darunter das Paganini-Festival in Parma, Italien; das Gitarrenfestival &amp; Wettbewerb in Heinsberg, Deutschland; das Musikfestival von Burgund, Frankreich, und das Gitarrenfestival von M\u00e1laga, Spanien. Ebenfalls zusammen mit Julio Ram\u00edrez bereist er verschiedene St\u00e4dte in Frankreich, Deutschland und Portugal und pr\u00e4sentiert den Chamam\u00e9 im Duo-Format.<\/p>\n\n\n\n<p class=\"has-contrast-2-color has-text-color has-link-color wp-elements-a1d7cf7fbbc5c2738d38ec3fb1f60544\">16 Arrivo e messa in sintonia<br>17 Chamam\u00e9<br>18 cena comune<br> open end<\/p>\n\n\n\n<p><strong>Registrazione richiesta<\/strong>: info@raetia.net, +39 335 220789<br><strong>Contributo volontario<\/strong><\/p>\n\n\n\n<hr class=\"wp-block-separator has-alpha-channel-opacity\"\/>\n\n\n\n<p id=\"block-82a019de-e2e9-4501-a6f6-55bea4d93297\"><\/p>\n\n\n\n<p><\/p>","protected":false},"excerpt":{"rendered":"","protected":false},"author":2,"featured_media":6778,"comment_status":"closed","ping_status":"closed","sticky":true,"template":"","format":"standard","meta":{"footnotes":""},"categories":[6,7,1],"tags":[],"class_list":["post-6772","post","type-post","status-publish","format-standard","has-post-thumbnail","hentry","category-club-of-mult","category-konzert","category-neuigkeiten-infos","generate-columns","tablet-grid-50","mobile-grid-100","grid-parent","grid-25","no-featured-image-padding"],"_links":{"self":[{"href":"https:\/\/www.raetia.net\/it\/wp-json\/wp\/v2\/posts\/6772","targetHints":{"allow":["GET"]}}],"collection":[{"href":"https:\/\/www.raetia.net\/it\/wp-json\/wp\/v2\/posts"}],"about":[{"href":"https:\/\/www.raetia.net\/it\/wp-json\/wp\/v2\/types\/post"}],"author":[{"embeddable":true,"href":"https:\/\/www.raetia.net\/it\/wp-json\/wp\/v2\/users\/2"}],"replies":[{"embeddable":true,"href":"https:\/\/www.raetia.net\/it\/wp-json\/wp\/v2\/comments?post=6772"}],"version-history":[{"count":5,"href":"https:\/\/www.raetia.net\/it\/wp-json\/wp\/v2\/posts\/6772\/revisions"}],"predecessor-version":[{"id":6779,"href":"https:\/\/www.raetia.net\/it\/wp-json\/wp\/v2\/posts\/6772\/revisions\/6779"}],"wp:featuredmedia":[{"embeddable":true,"href":"https:\/\/www.raetia.net\/it\/wp-json\/wp\/v2\/media\/6778"}],"wp:attachment":[{"href":"https:\/\/www.raetia.net\/it\/wp-json\/wp\/v2\/media?parent=6772"}],"wp:term":[{"taxonomy":"category","embeddable":true,"href":"https:\/\/www.raetia.net\/it\/wp-json\/wp\/v2\/categories?post=6772"},{"taxonomy":"post_tag","embeddable":true,"href":"https:\/\/www.raetia.net\/it\/wp-json\/wp\/v2\/tags?post=6772"}],"curies":[{"name":"wp","href":"https:\/\/api.w.org\/{rel}","templated":true}]}}