{"id":6705,"date":"2025-11-26T11:00:00","date_gmt":"2025-11-26T10:00:00","guid":{"rendered":"https:\/\/www.raetia.net\/?p=6705"},"modified":"2026-02-14T17:56:35","modified_gmt":"2026-02-14T16:56:35","slug":"horst-eberhoefer-und-die-baeren-18-11-2025","status":"publish","type":"post","link":"https:\/\/www.raetia.net\/it\/horst-eberhoefer-und-die-baeren-18-11-2025\/","title":{"rendered":"Hochfinsterm\u00fcnz &#8211; 7.12.2025"},"content":{"rendered":"<pre class=\"wp-block-preformatted\">Geschichte, M\u00e4rchen und Mythen rund um Hochfinsterm\u00fcnz<\/pre>\n\n\n\n<p class=\"has-text-align-left has-contrast-2-color has-text-color has-link-color wp-elements-b100cbca75eaf543e6ee881d448308bf\">Im obersten Teil des Tiroler Inntales lebt Frau Emmi. Frau Emmi ist Wirtin.<br>Frau Emmi betreibt das Alpenhotel. Das Alpenhotel war ein Grand-Hotel. Das Grand-Hotel hat Dunkelkammer, Raucherzimmer, das erste Freibad, eigene Kapelle, eigene Postautohaltestelle, eigene Tankstelle, eigenen Bauernhof und ein eigenes Postamt. Das Grand-Hotel war eine der besten Adressen Tirols. Das Grand-Hotel hatte eine eigene Ortstafel. Vom Grand-Hotel aus sieht man in drei Staaten und die h\u00f6chsten Berge und Gletscher. Es kamen K\u00f6nige, Adelige, die gr\u00f6\u00dften Schauspieler, die besten Regisseure aus aller Welt. Es wurden gro\u00dfe Filme in der Gegend vom Grand-Hotel gedreht. <\/p>\n\n\n\n<p>So kennen wir Hochfinsterm\u00fcnz vom Vorbeifahren, vom Landeck kommend, hinauffahrend zum Reschenpass, an der linken Stra\u00dfenseite.<\/p>\n\n\n\n<div class=\"wp-block-columns is-layout-flex wp-container-core-columns-is-layout-9d6595d7 wp-block-columns-is-layout-flex\">\n<div class=\"wp-block-column is-layout-flow wp-block-column-is-layout-flow\" style=\"flex-basis:100%\">\n<div class=\"wp-block-group is-nowrap is-layout-flex wp-container-core-group-is-layout-ad2f72ca wp-block-group-is-layout-flex\">\n<div class=\"wp-block-media-text is-stacked-on-mobile is-vertically-aligned-top\"><figure class=\"wp-block-media-text__media\"><img loading=\"lazy\" decoding=\"async\" width=\"800\" height=\"514\" src=\"https:\/\/www.raetia.net\/wp-content\/uploads\/image.jpeg\" alt=\"\" class=\"wp-image-6749 size-full\" srcset=\"https:\/\/www.raetia.net\/wp-content\/uploads\/image.jpeg 800w, https:\/\/www.raetia.net\/wp-content\/uploads\/image-400x257.jpeg 400w, https:\/\/www.raetia.net\/wp-content\/uploads\/image-768x493.jpeg 768w, https:\/\/www.raetia.net\/wp-content\/uploads\/image-18x12.jpeg 18w\" sizes=\"auto, (max-width: 800px) 100vw, 800px\" \/><\/figure><div class=\"wp-block-media-text__content\">\n<p class=\"has-text-align-left\">Manche m\u00f6gen sich fragen, was das einmal war \u2026<br>Drum herum ranken sich M\u00e4rchen und Mythen, aber es hat auch eine wunderbare Geschichte.<\/p>\n\n\n\n<figure class=\"wp-block-image size-large is-resized\"><img loading=\"lazy\" decoding=\"async\" width=\"1024\" height=\"576\" src=\"https:\/\/www.raetia.net\/wp-content\/uploads\/Hermann-Klapeer-5-1024x576.jpg\" alt=\"\" class=\"wp-image-6750\" style=\"aspect-ratio:1.7777162459213158;width:394px;height:auto\" srcset=\"https:\/\/www.raetia.net\/wp-content\/uploads\/Hermann-Klapeer-5-1024x576.jpg 1024w, https:\/\/www.raetia.net\/wp-content\/uploads\/Hermann-Klapeer-5-400x225.jpg 400w, https:\/\/www.raetia.net\/wp-content\/uploads\/Hermann-Klapeer-5-768x432.jpg 768w, https:\/\/www.raetia.net\/wp-content\/uploads\/Hermann-Klapeer-5-18x10.jpg 18w, https:\/\/www.raetia.net\/wp-content\/uploads\/Hermann-Klapeer-5.jpg 1280w\" sizes=\"auto, (max-width: 1024px) 100vw, 1024px\" \/><\/figure>\n<\/div><\/div>\n<\/div>\n<\/div>\n<\/div>\n\n\n\n<p>Hermann Klapeer, Alt-Bm von Nauders, Seele von Altfinsterm\u00fcnz gibt Einblick, am<\/p>\n\n\n\n<p class=\"has-text-align-left has-contrast-2-color has-text-color has-link-color wp-elements-adc8f0c217e10b546b55a68ad43a0474\"><strong>Sonntag, 7. Dezember um 11 Uhr im Ansitz Plawenn.<\/strong><\/p>\n\n\n\n<p class=\"has-contrast-2-color has-text-color has-link-color wp-elements-f0ab3f1d0918ae02a23680e8e28dd1ab\">ab 10 Cafe und ankommen<br>11 Hochfinsterm\u00fcnz<br>ore 12 pasto in comune<br> open end<\/p>\n\n\n\n<p><strong>Registrazione richiesta<\/strong>: info@raetia.net, +39 335 220789<br><strong>Contributo volontario<\/strong><\/p>\n\n\n\n<hr class=\"wp-block-separator has-alpha-channel-opacity\"\/>\n\n\n\n<p id=\"block-82a019de-e2e9-4501-a6f6-55bea4d93297\">Werbetext 1932:<br><strong>&#8222;Luft-Kurort Hochfinsterm\u00fcnz<br>Mit Alpenhotel Hochfinsterm\u00fcnz<\/strong><br>An der staubfreien Stra\u00dfe Landeck &#8211; Meran mitten im Tannen- und L\u00e4rchenwald. Gutgef\u00fchrtes b\u00fcrgerliches Haus, hat Post und Telegraph, Trafik, kath. Kapelle, gro\u00dfe Speiser\u00e4ume, drei offene Veranden, Salon, Lesezimmer, Rauchzimmer, Dunkelkammer mit Photo-Utensilien, Garagen und Boxen f\u00fcr 15 Auto, Shell-Benzin, Dynamin, Aral und verschiedene \u00d6le. Sch\u00f6nste Aussicht ins Engadin, viele Spazierg\u00e4nge, gro\u00dfer Park mit Liegest\u00fchlen, Tennisplatz, Schwimmbad, gutes Familienhotel f\u00fcr l\u00e4nger. Aufenthalt, Di\u00e4tkost, Mittagessen von S 3.- bis S 6.- je nach Menu. Sehr geeignet f\u00fcr Gesellschaften. Im Hotel sind viele sehenswerte Jagdtroph\u00e4en sowie ein lebender Adler. Finsterm\u00fcnz, der \u00e4lteste Pa\u00df-\u00dcbergang Europas, mit der alten Zollbr\u00fccke an der R\u00f6merstra\u00dfe, oben am Felsen Schlo\u00df Siegmundseck. Schlittenverbindung mit dem Samnauntal.&#8220;<\/p>\n\n\n\n<p id=\"block-82a019de-e2e9-4501-a6f6-55bea4d93297\"><em>aus: Nauders am Reschen-Scheideck, Tirol. Historisch-geographische Skizze mit F\u00fchrer. Hermann v. Tschiggfrey, Innsbruck 1932.<\/em><\/p>\n\n\n\n<hr class=\"wp-block-separator has-alpha-channel-opacity\"\/>\n\n\n\n<p id=\"block-82a019de-e2e9-4501-a6f6-55bea4d93297\"><\/p>\n\n\n\n<p><\/p>","protected":false},"excerpt":{"rendered":"","protected":false},"author":2,"featured_media":6748,"comment_status":"closed","ping_status":"closed","sticky":false,"template":"","format":"standard","meta":{"footnotes":""},"categories":[6,5],"tags":[],"class_list":["post-6705","post","type-post","status-publish","format-standard","has-post-thumbnail","hentry","category-club-of-mult","category-seminar","generate-columns","tablet-grid-50","mobile-grid-100","grid-parent","grid-25","no-featured-image-padding"],"_links":{"self":[{"href":"https:\/\/www.raetia.net\/it\/wp-json\/wp\/v2\/posts\/6705","targetHints":{"allow":["GET"]}}],"collection":[{"href":"https:\/\/www.raetia.net\/it\/wp-json\/wp\/v2\/posts"}],"about":[{"href":"https:\/\/www.raetia.net\/it\/wp-json\/wp\/v2\/types\/post"}],"author":[{"embeddable":true,"href":"https:\/\/www.raetia.net\/it\/wp-json\/wp\/v2\/users\/2"}],"replies":[{"embeddable":true,"href":"https:\/\/www.raetia.net\/it\/wp-json\/wp\/v2\/comments?post=6705"}],"version-history":[{"count":3,"href":"https:\/\/www.raetia.net\/it\/wp-json\/wp\/v2\/posts\/6705\/revisions"}],"predecessor-version":[{"id":6751,"href":"https:\/\/www.raetia.net\/it\/wp-json\/wp\/v2\/posts\/6705\/revisions\/6751"}],"wp:featuredmedia":[{"embeddable":true,"href":"https:\/\/www.raetia.net\/it\/wp-json\/wp\/v2\/media\/6748"}],"wp:attachment":[{"href":"https:\/\/www.raetia.net\/it\/wp-json\/wp\/v2\/media?parent=6705"}],"wp:term":[{"taxonomy":"category","embeddable":true,"href":"https:\/\/www.raetia.net\/it\/wp-json\/wp\/v2\/categories?post=6705"},{"taxonomy":"post_tag","embeddable":true,"href":"https:\/\/www.raetia.net\/it\/wp-json\/wp\/v2\/tags?post=6705"}],"curies":[{"name":"wp","href":"https:\/\/api.w.org\/{rel}","templated":true}]}}