{"id":6396,"date":"2024-11-16T17:07:10","date_gmt":"2024-11-16T16:07:10","guid":{"rendered":"https:\/\/www.raetia.net\/?p=6396"},"modified":"2025-08-12T14:51:55","modified_gmt":"2025-08-12T12:51:55","slug":"opas-diandl-20-7-2025","status":"publish","type":"post","link":"https:\/\/www.raetia.net\/it\/opas-diandl-20-7-2025\/","title":{"rendered":"Opas Diandl &#8211; 20.7.2025"},"content":{"rendered":"<pre class=\"wp-block-preformatted\">Riarn &amp; gspiarn<\/pre>\n\n\n<div class=\"wp-block-image\">\n<figure class=\"alignright size-large is-resized\"><img loading=\"lazy\" decoding=\"async\" width=\"683\" height=\"1024\" src=\"https:\/\/www.raetia.net\/wp-content\/uploads\/opas-diandl-2-683x1024.jpg\" alt=\"\" class=\"wp-image-6398\" style=\"width:516px;height:auto\" srcset=\"https:\/\/www.raetia.net\/wp-content\/uploads\/opas-diandl-2-683x1024.jpg 683w, https:\/\/www.raetia.net\/wp-content\/uploads\/opas-diandl-2-267x400.jpg 267w, https:\/\/www.raetia.net\/wp-content\/uploads\/opas-diandl-2-8x12.jpg 8w, https:\/\/www.raetia.net\/wp-content\/uploads\/opas-diandl-2.jpg 754w\" sizes=\"auto, (max-width: 683px) 100vw, 683px\" \/><\/figure>\n<\/div>\n\n\n<p>Auch nach 15 Jahren dr\u00e4ngen von innen nach au\u00dfen und von au\u00dfen nach innen, nicht anders als Luft und Wasser und nicht weniger als Blut und W\u00e4rme die Melodien und Rhythmen, die W\u00f6rter und Silben, in Jodlern, Weisen und T\u00e4nzen in diesem f\u00fcnfk\u00f6pfigen Organismus.<br>Sie wirbeln, schimmern und flimmern, pulsieren und flie\u00dfen auf die B\u00fchne, in den Raum, in die Ohren und Herzen.<\/p>\n\n\n\n<p>Mit neuem Programm pr\u00e4sentiert sich das Quintett aus S\u00fcdtirol \/ Vorarlberg und freut sich mit alten und neuen Bekannten zu teilen, was rein und raus und um die Musiker stetig str\u00f6mt:<br><br>das Leben, die Liebe und die Musik.<\/p>\n\n\n\n<hr class=\"wp-block-separator has-alpha-channel-opacity\"\/>\n\n\n\n<p class=\"has-contrast-2-color has-text-color has-link-color wp-elements-3c4ae733c74af251b747862e1783e1d9\">Um 12.00 Uhr gemeinsames Mittagessen mit<br>Opas Diandl. Anschlie\u00dfend je nach Witterung Wanderung auf die Plawenner Alm oder Stuben- oder Gartenmusik.<\/p>\n\n\n\n<p class=\"has-contrast-2-color has-text-color has-link-color wp-elements-cc73d4c6f865231e072e671c22393fd1\">16 concerto<br>18 merenda<br> open end<\/p>\n\n\n\n<p><strong>Registrazione richiesta<\/strong>:<br>info@raetia.net, +39 335 220789<\/p>\n\n\n\n<p><strong>Contributo volontario<\/strong>, Mahlzeit zum Selbstkostenpreis plus Getr\u00e4nk<\/p>\n\n\n\n<hr class=\"wp-block-separator has-alpha-channel-opacity\"\/>\n\n\n\n<p id=\"block-82a019de-e2e9-4501-a6f6-55bea4d93297\"><\/p>\n\n\n\n<p><\/p>","protected":false},"excerpt":{"rendered":"","protected":false},"author":2,"featured_media":6397,"comment_status":"closed","ping_status":"closed","sticky":false,"template":"","format":"standard","meta":{"footnotes":""},"categories":[6,7],"tags":[],"class_list":["post-6396","post","type-post","status-publish","format-standard","has-post-thumbnail","hentry","category-club-of-mult","category-konzert","generate-columns","tablet-grid-50","mobile-grid-100","grid-parent","grid-25","no-featured-image-padding"],"_links":{"self":[{"href":"https:\/\/www.raetia.net\/it\/wp-json\/wp\/v2\/posts\/6396","targetHints":{"allow":["GET"]}}],"collection":[{"href":"https:\/\/www.raetia.net\/it\/wp-json\/wp\/v2\/posts"}],"about":[{"href":"https:\/\/www.raetia.net\/it\/wp-json\/wp\/v2\/types\/post"}],"author":[{"embeddable":true,"href":"https:\/\/www.raetia.net\/it\/wp-json\/wp\/v2\/users\/2"}],"replies":[{"embeddable":true,"href":"https:\/\/www.raetia.net\/it\/wp-json\/wp\/v2\/comments?post=6396"}],"version-history":[{"count":2,"href":"https:\/\/www.raetia.net\/it\/wp-json\/wp\/v2\/posts\/6396\/revisions"}],"predecessor-version":[{"id":6493,"href":"https:\/\/www.raetia.net\/it\/wp-json\/wp\/v2\/posts\/6396\/revisions\/6493"}],"wp:featuredmedia":[{"embeddable":true,"href":"https:\/\/www.raetia.net\/it\/wp-json\/wp\/v2\/media\/6397"}],"wp:attachment":[{"href":"https:\/\/www.raetia.net\/it\/wp-json\/wp\/v2\/media?parent=6396"}],"wp:term":[{"taxonomy":"category","embeddable":true,"href":"https:\/\/www.raetia.net\/it\/wp-json\/wp\/v2\/categories?post=6396"},{"taxonomy":"post_tag","embeddable":true,"href":"https:\/\/www.raetia.net\/it\/wp-json\/wp\/v2\/tags?post=6396"}],"curies":[{"name":"wp","href":"https:\/\/api.w.org\/{rel}","templated":true}]}}