{"id":4467,"date":"2023-01-01T10:00:00","date_gmt":"2023-01-01T09:00:00","guid":{"rendered":"https:\/\/www.raetia.net\/?p=4467"},"modified":"2024-06-19T07:50:20","modified_gmt":"2024-06-19T05:50:20","slug":"verortung-perspektive-1-52","status":"publish","type":"post","link":"https:\/\/www.raetia.net\/it\/verortung-perspektive-1-52\/","title":{"rendered":"Verortung &#038; Perspektive 1-52"},"content":{"rendered":"<div class=\"wp-block-columns alignwide is-layout-flex wp-container-core-columns-is-layout-9d6595d7 wp-block-columns-is-layout-flex\">\n<div class=\"wp-block-column is-layout-flow wp-block-column-is-layout-flow\">\n<div class=\"wp-block-columns is-layout-flex wp-container-core-columns-is-layout-9d6595d7 wp-block-columns-is-layout-flex\">\n<div class=\"wp-block-column is-layout-flow wp-block-column-is-layout-flow\" style=\"flex-basis:100%\">\n<figure class=\"wp-block-image size-full\"><img loading=\"lazy\" decoding=\"async\" width=\"609\" height=\"407\" src=\"https:\/\/www.raetia.net\/wp-content\/uploads\/Unbenannt-1-2.jpg\" alt=\"\" class=\"wp-image-4842\" srcset=\"https:\/\/www.raetia.net\/wp-content\/uploads\/Unbenannt-1-2.jpg 609w, https:\/\/www.raetia.net\/wp-content\/uploads\/Unbenannt-1-2-400x267.jpg 400w, https:\/\/www.raetia.net\/wp-content\/uploads\/Unbenannt-1-2-18x12.jpg 18w\" sizes=\"auto, (max-width: 609px) 100vw, 609px\" \/><figcaption class=\"wp-element-caption\">Renald Deppe<\/figcaption><\/figure>\n<\/div>\n<\/div>\n<\/div>\n\n\n\n<div class=\"wp-block-column is-layout-flow wp-block-column-is-layout-flow\">\n<h6 class=\"wp-block-heading\" id=\"wasserstand-12-juni-2022\">Endstand 1. J\u00e4nner 2023<\/h6>\n\n\n\n<p>Am ersten Sonntag im Januar 2022 fand im Institut zur Verbesserung der Lage die erste Pr\u00e4sentation zum Thema&nbsp;<\/p>\n\n\n\n<p><strong>ab- und zu-STAND<\/strong><br><strong>Verortung &amp; Perspektive<\/strong><\/p>\n\n\n\n<p>statt. Seitdem wurden jeden Sonntag des Jahres 2022 in diesem Forum B\u00fccher vorgestellt, gelesen und diskutiert.<br>Am ersten Sonntag im Januar 2023 findet im Institut zur Verbesserung der Lage der Versuch eines Res\u00fcmees&nbsp;\u00fcber das Vorgestellte, Gelesene und Diskutierte statt.&nbsp;<\/p>\n\n\n\n<p><strong>R\u00e4ume der Stille. Lekt\u00fcren.<\/strong><\/p>\n\n\n\n<p>die menschen nehmen einander<br>wegen der stille<br>man h\u00f6rt sie nur zu zweit<br>anders nicht<br>und anders erdr\u00fcckt sie<br>anders bricht<br>der mensch zusammen<br>unter der stille<br><br><strong>Jan Sk\u00e1cel&nbsp;<\/strong>(1922-1989_Tschechien)<\/p>\n\n\n\n<p>Stille kann vieles (be)deuten.<br>Stille kann in, an &amp; um uns wirken.<br>Stille kann tosen, rauschen, schweigen, klagen, jubeln, bedrohen, bedr\u00fccken, begl\u00fccken, befreien.<br>B\u00fccher k\u00f6nnen Menschen niemals ersetzen.<br>B\u00fccher k\u00f6nnen Menschen aber vor dem drohenden Zusammenbruch sch\u00fctzen.<br>B\u00fccher brauchen immer den Menschen. Anders existieren diese Texturen nicht.<br>Menschen sollten \u00f6fters (mindestens) zu zweit h\u00f6ren, sehen, f\u00fchlen &amp; wahrnehmen.<br>Menschen sollten nicht erdr\u00fcckt, abgelehnt, abgeschrieben, abgestellt werden &amp; zusammenbrechen.<br>Menschen sollten unbedingt (um)verteilen k\u00f6nnen. Dazu braucht es den\/die Mitmenschen. Und Vertrauen.<\/p>\n\n\n\n<p>\u00bbAlles was ich tue &#8211; Komponieren, Dirigieren, Klavierspielen -,&nbsp;bedeutet den Versuch,&nbsp;meine Gef\u00fchle und Gedanken \u00fcber Musik mit anderen Menschen zu teilen.&nbsp;F\u00fcr mich existiert nichts wirklich,&nbsp;bevor ich es nicht mit jemanden geteilt habe.\u00ab<\/p>\n\n\n\n<p><strong>Leonard Bernstein<\/strong><\/p>\n\n\n\n<p><strong>ab- und zu-STAND<\/strong><br><strong>Verortung &amp; Perspektive:<\/strong>&nbsp;der Versuch, Gedanken &amp; Gef\u00fchle \u00fcber Worte, Kl\u00e4nge, Dinge, W\u00fcsten, Bilder &amp; Zeichen zu teilen. Zum Beispiel.<\/p>\n\n\n\n<p><strong><strong>ab- und zu-STAND<\/strong><\/strong><br><strong>Verortung &amp; Perspektive:<\/strong>&nbsp;die Suche nach Gemeinsamkeiten, Unterschiede, Eigenem, Fremden, Utopien, Wirklichkeiten &amp; Existenzen.<\/p>\n\n\n\n<p><strong><strong>ab- und zu-STAND<\/strong><\/strong><br><strong>Verortung &amp; Perspektive:<\/strong>&nbsp;eine (eigentlich) t\u00e4gliche \u00dcbung\/M\u00f6glichkeit zur Entschleunigung, Korrektur, Ein- &amp; Umkehr. Zum Beispiel.<\/p>\n\n\n\n<p>Das Institut zur Verbesserung der Lage hei\u00dft Sie herzlich Willkommen!<\/p>\n\n\n\n<p>(Renald Deppe)&nbsp;<\/p>\n\n\n\n<figure class=\"wp-block-audio\"><audio controls src=\"https:\/\/www.raetia.net\/wp-content\/uploads\/1-01-Sonata-in-D-Major-Hob.-XVI_42_-I.-Andante-con-Espressione.m4a\"><\/audio><figcaption class=\"wp-element-caption\"><strong>Joseph Haydn<\/strong> (1732 &#8211; 1809) :&nbsp;Sonata in C Major, Hob. XVI:48: I. Andante con Espressione<\/figcaption><\/figure>\n<\/div>\n<\/div>\n\n\n\n<hr class=\"wp-block-separator has-alpha-channel-opacity is-style-dots\"\/>\n\n\n\n<h3 class=\"wp-block-heading\" id=\"perspektive-24\"><mark style=\"background-color:rgba(0, 0, 0, 0)\" class=\"has-inline-color has-accent-color\">Perspektive 01-53<\/mark><\/h3>\n\n\n\n<p>Aus aktuellem Anlass erlaubt sich das Institut zur Verbesserung der Lage abschlie\u00dfend auf folgendes Buch hinzuweisen:<\/p>\n\n\n\n<figure class=\"wp-block-image size-full\"><img loading=\"lazy\" decoding=\"async\" width=\"275\" height=\"183\" src=\"https:\/\/www.raetia.net\/wp-content\/uploads\/George-Steiner-II.jpg\" alt=\"\" class=\"wp-image-4475\" srcset=\"https:\/\/www.raetia.net\/wp-content\/uploads\/George-Steiner-II.jpg 275w, https:\/\/www.raetia.net\/wp-content\/uploads\/George-Steiner-II-18x12.jpg 18w\" sizes=\"auto, (max-width: 275px) 100vw, 275px\" \/><\/figure>\n\n\n\n<h2 class=\"wp-block-heading\"><strong><mark style=\"background-color:rgba(0, 0, 0, 0)\" class=\"has-inline-color has-accent-color\">George Steiner<\/mark><\/strong><br><mark style=\"background-color:rgba(0, 0, 0, 0)\" class=\"has-inline-color has-accent-color\">(1929-2020)<\/mark><\/h2>\n\n\n\n<p><strong><mark style=\"background-color:rgba(0, 0, 0, 0);color:#ff0000\" class=\"has-inline-color\">Im Raum der Stille: Lekt\u00fcren<\/mark><\/strong><br>Aus dem Englischen von Nicolaus Bornhorn<br>Suhrkamp Verlag, Berlin 2011<\/p>\n\n\n\n<p>Nach seinem gro\u00dfen Erfolg &#8222;Warum Denken traurig macht. Zehn (m\u00f6gliche) Gr\u00fcnde&#8220; legt George Steiner mit diesen Essays ein weiteres Werk bei Suhrkamp vor.&nbsp;<br>Darin folgt der Meister des Lesens in literarisch-philosophischen Essays einem Zug glanzvoller Namen: Beckett und Brecht, Broch und Celan, Cioran und Canetti, Nabokov und Koestler, Kraus und Bernhard, Benjamin und Scholem, C\u00e9line, Simone Weil und L\u00e9vi-Strauss, um nur einige zu nennen.&nbsp;<br>Die Mehrzahl von ihnen verbindet sich mit dem von Steiner selbst gepr\u00e4gten Begriff der \u203aSuhrkamp-Kultur\u2039.&nbsp;<br>Geheimnis und Wunder, aber auch die Abgr\u00fcnde k\u00fcnstlerischer Sch\u00f6pfung sind es, die den Kritiker anziehen.&nbsp;<br>Unter seinem scharfen Blick k\u00f6nnen intellektuelle Masken durchaus fallen. Und doch ist George Steiner vor allem eines: ein Liebender. Versessen auf die Lekt\u00fcre, auf den physiognomischen Klang der jeweils ganz eigenen Stimme, zieht er sie hinein in einen \u00bbRaum des Geistes, wo dieser seine Fl\u00fcgel \u00f6ffnen kann: in die Stille\u00ab (Antoine de Saint-Exup\u00e9ry).<\/p>\n\n\n\n<p>(Klappentext)<\/p>\n\n\n\n<p><strong>Konrad Me\u00dfner &amp; Renald Deppe w\u00fcnschen wildstillmilde Lesefreude (nicht nur) zum Neujahrsfest!<\/strong><\/p>\n\n\n\n<hr class=\"wp-block-separator has-alpha-channel-opacity is-style-wide\"\/>","protected":false},"excerpt":{"rendered":"","protected":false},"author":2,"featured_media":4476,"comment_status":"closed","ping_status":"closed","sticky":false,"template":"","format":"standard","meta":{"footnotes":""},"categories":[15],"tags":[],"class_list":["post-4467","post","type-post","status-publish","format-standard","has-post-thumbnail","hentry","category-ab-und-zu-stand","generate-columns","tablet-grid-50","mobile-grid-100","grid-parent","grid-25","no-featured-image-padding","resize-featured-image"],"_links":{"self":[{"href":"https:\/\/www.raetia.net\/it\/wp-json\/wp\/v2\/posts\/4467","targetHints":{"allow":["GET"]}}],"collection":[{"href":"https:\/\/www.raetia.net\/it\/wp-json\/wp\/v2\/posts"}],"about":[{"href":"https:\/\/www.raetia.net\/it\/wp-json\/wp\/v2\/types\/post"}],"author":[{"embeddable":true,"href":"https:\/\/www.raetia.net\/it\/wp-json\/wp\/v2\/users\/2"}],"replies":[{"embeddable":true,"href":"https:\/\/www.raetia.net\/it\/wp-json\/wp\/v2\/comments?post=4467"}],"version-history":[{"count":9,"href":"https:\/\/www.raetia.net\/it\/wp-json\/wp\/v2\/posts\/4467\/revisions"}],"predecessor-version":[{"id":4907,"href":"https:\/\/www.raetia.net\/it\/wp-json\/wp\/v2\/posts\/4467\/revisions\/4907"}],"wp:featuredmedia":[{"embeddable":true,"href":"https:\/\/www.raetia.net\/it\/wp-json\/wp\/v2\/media\/4476"}],"wp:attachment":[{"href":"https:\/\/www.raetia.net\/it\/wp-json\/wp\/v2\/media?parent=4467"}],"wp:term":[{"taxonomy":"category","embeddable":true,"href":"https:\/\/www.raetia.net\/it\/wp-json\/wp\/v2\/categories?post=4467"},{"taxonomy":"post_tag","embeddable":true,"href":"https:\/\/www.raetia.net\/it\/wp-json\/wp\/v2\/tags?post=4467"}],"curies":[{"name":"wp","href":"https:\/\/api.w.org\/{rel}","templated":true}]}}