{"id":4359,"date":"2022-12-04T10:00:00","date_gmt":"2022-12-04T09:00:00","guid":{"rendered":"https:\/\/www.raetia.net\/?p=4359"},"modified":"2024-06-19T07:50:44","modified_gmt":"2024-06-19T05:50:44","slug":"verortung-perspektive-_49","status":"publish","type":"post","link":"https:\/\/www.raetia.net\/it\/verortung-perspektive-_49\/","title":{"rendered":"Verortung &#038; Perspektive _49"},"content":{"rendered":"<div class=\"wp-block-columns alignwide is-layout-flex wp-container-core-columns-is-layout-9d6595d7 wp-block-columns-is-layout-flex\">\n<div class=\"wp-block-column is-layout-flow wp-block-column-is-layout-flow\">\n<div class=\"wp-block-columns is-layout-flex wp-container-core-columns-is-layout-9d6595d7 wp-block-columns-is-layout-flex\">\n<div class=\"wp-block-column is-layout-flow wp-block-column-is-layout-flow\" style=\"flex-basis:100%\"><div class=\"wp-block-image\">\n<figure class=\"alignright size-full\"><img loading=\"lazy\" decoding=\"async\" width=\"240\" height=\"180\" src=\"https:\/\/www.raetia.net\/wp-content\/uploads\/Bodo-Hell-III.jpg\" alt=\"\" class=\"wp-image-4372\" srcset=\"https:\/\/www.raetia.net\/wp-content\/uploads\/Bodo-Hell-III.jpg 240w, https:\/\/www.raetia.net\/wp-content\/uploads\/Bodo-Hell-III-16x12.jpg 16w\" sizes=\"auto, (max-width: 240px) 100vw, 240px\" \/><\/figure>\n<\/div><\/div>\n<\/div>\n<\/div>\n\n\n\n<div class=\"wp-block-column is-layout-flow wp-block-column-is-layout-flow\">\n<h6 class=\"wp-block-heading\" id=\"wasserstand-12-juni-2022\">Hochstand 4. Dezember 2022<\/h6>\n\n\n\n<h2 class=\"wp-block-heading\"><strong><strong><strong><strong><strong><strong><strong><strong><strong><strong><strong><strong><strong><strong><mark style=\"background-color:rgba(0, 0, 0, 0);color:#488ec1\" class=\"has-inline-color\"><strong>Bodo Hell<\/strong>&nbsp;<\/mark><\/strong><\/strong><\/strong><\/strong><\/strong><\/strong><\/strong><\/strong><\/strong><\/strong><\/strong><\/strong><\/strong><\/strong><br><mark style=\"background-color:rgba(0, 0, 0, 0)\" class=\"has-inline-color has-accent-color\">(*1943)<\/mark><\/h2>\n\n\n\n<p><strong><mark style=\"background-color:rgba(0, 0, 0, 0);color:#ff0000\" class=\"has-inline-color\"><strong><strong><strong><strong><strong><strong><strong><strong>Ritus &amp; Rita<\/strong><\/strong><\/strong><\/strong><\/strong><\/strong><\/strong>&nbsp;<\/strong><\/mark><\/strong><br>Essay 69<br><em>Droschl Literaturverlag, Graz 2017<\/em><\/p>\n\n\n\n<p>Wie in seinem 2008 erschienenen Band Nothelfer spielt Bodo Hell auch hier mit den Ikonographien christlicher M\u00e4rtyrer und Heiliger, vor allem aber mit dem, was sich an Legende und Wissen, an Fakten und Fiktionen rund um sie angelagert hat.&nbsp;<\/p>\n\n\n\n<p>Die Kleiderordnung der Muttergottes, die Christmette, die Formen und Kl\u00e4nge der Glocken (Kirche- und Kuh-), Abseitiges und Wissenswertes dazu aus Kunstgeschichte und Brauchtum \u2013 all das und mehr speist Bodo Hell seiner unverwechselbaren Dichtungsmaschine ein und wird damit, wie Ernst Jandl \u00fcber ihn sagte, \u00bbmein Lesetempo verlangsamen, nicht die T\u00e4tigkeit meines Gehirns\u00ab.<\/p>\n\n\n\n<p>Es sind erwartungsgem\u00e4\u00df \u00fcberaus komische \u2013 manchmal bizarre und groteske \u2013 Details, die da \u00fcber die verschiedenen Annen, Liesln, Helenas, Valentins und Ritas zur Sprache kommen, und zwar in der ungemein energetischen Sprache Bodo Hells; er bedient sich dabei unterschiedlicher zeitgem\u00e4\u00dfer Formen, deren Wurzeln er manchmal schon in kirchlichen Sprechritualen entdeckt (Aufz\u00e4hlungen, Reihungen, Variationen), und immer verpackt er darin eine maximale Wissensf\u00fclle aus allen m\u00f6glichen Kultur- und auch Naturbereichen.&nbsp;<\/p>\n\n\n\n<p>Selten ist traditionelles Wissen (und Scheinwissen), Anschauung von H\u00f6r- und Sichtbarem, \u00dcberlieferung und Distanz so fr\u00f6hlich und in so fein dosierter Ironie aufgehoben wie bei Bodo Hell!<\/p>\n\n\n\n<p>(Klappentext)<\/p>\n\n\n\n<h2 class=\"wp-block-heading\"><mark style=\"background-color:rgba(0, 0, 0, 0)\" class=\"has-inline-color has-accent-color\">&amp;<\/mark><\/h2>\n\n\n\n<h2 class=\"wp-block-heading\"><strong><strong><strong><strong><strong><strong><strong><strong><strong><strong><strong><strong><strong><strong><mark style=\"background-color:rgba(0, 0, 0, 0);color:#488ec1\" class=\"has-inline-color\"><strong>Bodo Hell<\/strong>&nbsp;<\/mark><\/strong><\/strong><\/strong><\/strong><\/strong><\/strong><\/strong><\/strong><\/strong><\/strong><\/strong><\/strong><\/strong><\/strong><br><mark style=\"background-color:rgba(0, 0, 0, 0)\" class=\"has-inline-color has-accent-color\">(*1943)<\/mark><\/h2>\n\n\n\n<p><strong><mark style=\"background-color:rgba(0, 0, 0, 0);color:#ff0000\" class=\"has-inline-color\"><strong><strong><strong><strong><strong><strong><strong><strong><strong>Auffahrt<\/strong><\/strong><\/strong><\/strong><\/strong><\/strong><\/strong><\/strong>&nbsp;<\/strong><\/mark><\/strong><br>Essay 71<br><em>Droschl Literaturverlag, Graz 2019<\/em><\/p>\n\n\n\n<p>In Auffahrt widmet sich Bodo Hell in seiner unnachahmlichen Art den Fakten \u00fcber Heilige, deren Tun und Nichttun.&nbsp;Er schaut auf Brauchtum und Aberglauben, geht Legenden und Erz\u00e4hlungen auf die Spur.&nbsp;Hell folgt erfundenen und erfindet nur folgerichtige (oder doch nicht?) F\u00e4hrten \u2013 es kommt auf die Perspektive (oder: den Glauben?) an.<\/p>\n\n\n\n<p>Wir finden Aufschlussreiches zu Agatha, Barbara, Florian, Nikolaus, Rosalie und Thekla; aber auch Litaneien, ein Christinen-Terzett, eine Wortbildungslehre zu Himmel und Fahrt oder eine r\u00fcckl\u00e4ufige Ann\u00e4herung an Krippe, Bettstroh und Gotteskind.<\/p>\n\n\n\n<p>Was Bodo Hell in diesen Texten treibt, ist kaum zu glauben: so verspielt und witzig sie einerseits sind, so viel enzyklop\u00e4disches Wissen aus der Kunst- und Kulturgeschichte sowie der Ikonographie versammelt er in seinen S\u00e4tzen.<\/p>\n\n\n\n<p>(Klappentext)<\/p>\n\n\n\n<figure class=\"wp-block-audio\"><audio controls src=\"https:\/\/www.raetia.net\/wp-content\/uploads\/02-Paert_Passacaglia-2003.m4a\"><\/audio><figcaption class=\"wp-element-caption\"><strong><strong><strong>Arvo P\u00e4rt<\/strong> <\/strong><\/strong>(*1935) : Passacaglia (2003)<\/figcaption><\/figure>\n<\/div>\n<\/div>\n\n\n\n<hr class=\"wp-block-separator has-alpha-channel-opacity is-style-dots\"\/>\n\n\n\n<h3 class=\"wp-block-heading\" id=\"perspektive-24\">Perspektive 49<\/h3>\n\n\n\n<p>Bodo Hell wird auf der Website seines Verlages wie folgt pr\u00e4sentiert:<\/p>\n\n\n\n<p><strong>\u2022<\/strong>&nbsp;Bodo Hell, geboren 1943 in Salzburg, Studien am Salzburger Mozarteum (Orgel), an der Akademie f\u00fcr Musik und darstellende Kunst in Wien (Film und Fernsehen) sowie an der Universit\u00e4t Wien (Philosophie, Germanistik, Geschichte).&nbsp;<\/p>\n\n\n\n<p>Er lebt heute als Dichter, Essayist und K\u00fcnstler in Wien, im Sommer als Senner auf einer steirischen Alm am Dachstein.&nbsp;<\/p>\n\n\n\n<p>Hell erweist sich mehr und mehr als Meister eines Montage-Realismus, der dem Alltag, d. h. dem ganz normalen Wahnsinn, zur Sprache verhilft und so auf \u00e4u\u00dferst am\u00fcsante Weise dem Leser Einblick verschafft in sich selbst und ins Haus, das er bewohnt, ins Tollhaus unserer Gesellschaft.<\/p>\n\n\n\n<p>Hells vielseitiges avantgardistisches Werk umfasst neben Texten auch Fotografien, Filme, H\u00f6rspiele, Musikalben und Theaterst\u00fccke. Zusammenarbeit mit Friederike Mayr\u00f6cker, Liesl Ujvary und Hil de Gard.&nbsp;<\/p>\n\n\n\n<p>Ausgezeichnet wurde er u. a. mit dem Rauriser Literaturpreis (1972), dem Erich Fried-Preis (1991), dem Berliner Literaturpreis (1998), dem Preis der Stadt Wien (1999), dem Preis der Literaturh\u00e4user (2003) und dem Telekom-Preis Klagenfurt (2006).&nbsp;2017 erh\u00e4lt er den Christine-Lavant-Preis und den Heimrad-B\u00e4cker-Preis; aus der Begr\u00fcndung der Jury:<\/p>\n\n\n\n<p>\u00bbBodo Hell er\u00f6ffnet mit seinem Werk ein gro\u00dfartiges Panoptikum \u2013 er erkundet die Welt auf der Basis ihrer sprachlichen Aspekte und umgekehrt: sein Werk schafft sprachliche Szenarien, die uns unsere Umwelt neu erfahren lassen.\u00ab&nbsp;<strong>\u2022<\/strong><\/p>\n\n\n\n<p>Bodo Hell ist ein auf-, an- &amp; erregendes Gesamtkunstwerk.<br>In seinen Arbeiten gestaltet er als aufmerksamer Archivar des All- &amp; Festtaglebens neue &amp; ungewohnte Erlebnisqualit\u00e4ten.<br>Als zum Staunen bef\u00e4higter Zeit- &amp; Leidgenosse bereichert er unser Ged\u00e4chtnis f\u00fcr sonst kaum Er- &amp; Bekanntes.<\/p>\n\n\n\n<p>Bodo Hell ist ein virtuoser Meister der Sprachgestaltung.<br>Seine hochmusikalischen Texturen vermeiden die Be- &amp; Umschreibung subjektiver Befindlichkeiten.<br>Und \u00fcberlassen damit dem Leser Raum &amp; M\u00f6glichkeiten f\u00fcr f\u00fcr den sogenannten \u201eeigenen Reim\u201c zur Wahrnehmung der Dinge.<\/p>\n\n\n\n<p>Bodo Hell ist ein vielseitig orientierter Spuren- &amp; F\u00e4hrtensucher.<br>Stets aufmerksam &amp; neugierig vermag er nicht nur Buchstaben zu lesen &amp; zu deuten.<br>Wissend das der Mensch lesen konnte bevor er die Schrift beherrschte beschr\u00e4nken sich seine Lekt\u00fcren nicht nur auf B\u00fccher.&nbsp;<\/p>\n\n\n\n<p>Bodo Hell pflegt &amp; kultiviert das kostbar weil seltene Prinzip der Hoffnung.<br>Niemals dem vorschnellen Ab- &amp; Vorurteil verpflichtet \u00fcberl\u00e4sst er uns in seinem Labyrinth der Verweise unz\u00e4hlige Notausg\u00e4nge.<br>Peinsame Lamentationen &amp; Suaden werden vermieden. Trotz eindeutiger Stellungnahmen zu den Dokumentationen des Scheiterns.<\/p>\n\n\n\n<p>Das Institut zur Verbesserung der Lage verk\u00fcndet ein stolztrotziges \u00bb!Herzliches Willkommen!\u00ab<\/p>\n\n\n\n<p>(Renald Deppe)<\/p>\n\n\n\n<p>*****<\/p>\n\n\n\n<p><strong>Schenken<\/strong><\/p>\n\n\n\n<p>Schenke gro\u00df oder klein,<br>Aber immer gediegen.<br>Wenn die Bedachten<br>Die Gaben wiegen,<br>Sei dein Gewissen rein.<br>Schenke herzlich und frei.<br>Schenke dabei<br>Was in dir wohnt<br>An Meinung, Geschmack und Humor,<br>So dass die eigene Freude zuvor<br>Dich reichlich belohnt.<br>Schenke mit Geist ohne List.<br>Sei eingedenk,<br>Dass dein Geschenk<br>Du selber bist.<\/p>\n\n\n\n<p><strong>Joachim Ringelnatz<\/strong> (1883-1934)<\/p>\n\n\n\n<p>Das Institut zur Verbesserung der Lage&nbsp;<br>erlaubt sich folgende \u00dcberraschungen f\u00fcr den weihnachtlichen Gabentisch zu empfehlen:<\/p>\n\n\n\n<p><strong><mark style=\"background-color:rgba(0, 0, 0, 0)\" class=\"has-inline-color has-accent-color\">Navid Kermani<\/mark><\/strong> (*1967)<\/p>\n\n\n\n<p><strong><mark style=\"background-color:rgba(0, 0, 0, 0);color:#ff1818\" class=\"has-inline-color\">Entlang den Grenzen<\/mark><\/strong><br>Eine Reise durch das \u00f6stliche Europa bis nach Isfahan<br><em>Verlag C.H. Beck, M\u00fcnchen 2018<\/em><\/p>\n\n\n\n<p>*****<\/p>\n\n\n\n<p><strong><mark style=\"background-color:rgba(0, 0, 0, 0)\" class=\"has-inline-color has-accent-color\">Annie Ernaux<\/mark><\/strong> (*1940)<\/p>\n\n\n\n<p><mark style=\"background-color:rgba(0, 0, 0, 0);color:#ff0000\" class=\"has-inline-color\"><strong>Die Jahre<\/strong>\u00a0<\/mark><br>Aus dem Franz\u00f6sischen von Sonja Finck<br>Bibliothek Suhrkamp, Band 1502<br><em>Suhrkamp Verlag, Berlin 2017<\/em><\/p>\n\n\n\n<p>*****<\/p>\n\n\n\n<p><strong><mark style=\"background-color:rgba(0, 0, 0, 0)\" class=\"has-inline-color has-accent-color\">Max Frisch<\/mark><\/strong><mark style=\"background-color:rgba(0, 0, 0, 0)\" class=\"has-inline-color has-contrast-color\"> (1911 &#8211; 1991)<\/mark><\/p>\n\n\n\n<p><strong><mark style=\"background-color:rgba(0, 0, 0, 0);color:#ff0000\" class=\"has-inline-color\">Montauk<\/mark><\/strong><br>Eine Erz\u00e4hlung<br>suhrkamp taschenbuch 700<br><em>Suhrkamp Verlag, Frankfurt am Main 1975<\/em><\/p>\n\n\n\n<p>*****<\/p>\n\n\n\n<p><strong><mark style=\"background-color:rgba(0, 0, 0, 0)\" class=\"has-inline-color has-accent-color\">Ilse Aichinger<\/mark><\/strong> (1921 &#8211; 2016)&nbsp;<\/p>\n\n\n\n<p><strong><mark style=\"background-color:rgba(0, 0, 0, 0);color:#ff0000\" class=\"has-inline-color\">Die gr\u00f6\u00dfere Hoffnung<\/mark><\/strong><br>Roman<br>Fischer Taschenbuchverlag<br><em>S. Fischer Verlag, Frankfurt am Main 1991<\/em><\/p>\n\n\n\n<p>*****<\/p>\n\n\n\n<p><strong><mark style=\"background-color:rgba(0, 0, 0, 0)\" class=\"has-inline-color has-accent-color\">Carel Schaik<\/mark><\/strong> (*1953)<br>&amp;<br><strong><mark style=\"background-color:rgba(0, 0, 0, 0)\" class=\"has-inline-color has-accent-color\">Kai Michel<\/mark><\/strong> (*1967)<\/p>\n\n\n\n<p><strong><mark style=\"background-color:rgba(0, 0, 0, 0);color:#ff0000\" class=\"has-inline-color\">Die Wahrheit \u00fcber Eva<\/mark><\/strong><br>Die Erfindung der Ungleichheit von Frauen und M\u00e4nnern<br><em>Rowohlt Verlag, Hamburg 2020<\/em><\/p>\n\n\n\n<p>*****<\/p>\n\n\n\n<p><strong><mark style=\"background-color:rgba(0, 0, 0, 0)\" class=\"has-inline-color has-accent-color\">Monika Helfer<\/mark><\/strong> (*1947)<\/p>\n\n\n\n<p><strong><mark style=\"background-color:rgba(0, 0, 0, 0);color:#ff0000\" class=\"has-inline-color\">Die Bagage<\/mark><\/strong><br>Roman<\/p>\n\n\n\n<p><strong><mark style=\"background-color:rgba(0, 0, 0, 0);color:#ff0000\" class=\"has-inline-color\">Vati<\/mark><\/strong><br>Roman<\/p>\n\n\n\n<p><strong><mark style=\"background-color:rgba(0, 0, 0, 0);color:#ff0000\" class=\"has-inline-color\">L\u00f6wenherz<\/mark><\/strong><br>Roman<\/p>\n\n\n\n<p>Familienroman-Trilogie<br>Carl Hanser Verlag, M\u00fcnchen 2020 &#8211; 2022<\/p>\n\n\n\n<p>(Renald Deppe)<\/p>","protected":false},"excerpt":{"rendered":"","protected":false},"author":2,"featured_media":4371,"comment_status":"closed","ping_status":"closed","sticky":false,"template":"","format":"standard","meta":{"footnotes":""},"categories":[15],"tags":[],"class_list":["post-4359","post","type-post","status-publish","format-standard","has-post-thumbnail","hentry","category-ab-und-zu-stand","generate-columns","tablet-grid-50","mobile-grid-100","grid-parent","grid-25","no-featured-image-padding","resize-featured-image"],"_links":{"self":[{"href":"https:\/\/www.raetia.net\/it\/wp-json\/wp\/v2\/posts\/4359","targetHints":{"allow":["GET"]}}],"collection":[{"href":"https:\/\/www.raetia.net\/it\/wp-json\/wp\/v2\/posts"}],"about":[{"href":"https:\/\/www.raetia.net\/it\/wp-json\/wp\/v2\/types\/post"}],"author":[{"embeddable":true,"href":"https:\/\/www.raetia.net\/it\/wp-json\/wp\/v2\/users\/2"}],"replies":[{"embeddable":true,"href":"https:\/\/www.raetia.net\/it\/wp-json\/wp\/v2\/comments?post=4359"}],"version-history":[{"count":9,"href":"https:\/\/www.raetia.net\/it\/wp-json\/wp\/v2\/posts\/4359\/revisions"}],"predecessor-version":[{"id":4378,"href":"https:\/\/www.raetia.net\/it\/wp-json\/wp\/v2\/posts\/4359\/revisions\/4378"}],"wp:featuredmedia":[{"embeddable":true,"href":"https:\/\/www.raetia.net\/it\/wp-json\/wp\/v2\/media\/4371"}],"wp:attachment":[{"href":"https:\/\/www.raetia.net\/it\/wp-json\/wp\/v2\/media?parent=4359"}],"wp:term":[{"taxonomy":"category","embeddable":true,"href":"https:\/\/www.raetia.net\/it\/wp-json\/wp\/v2\/categories?post=4359"},{"taxonomy":"post_tag","embeddable":true,"href":"https:\/\/www.raetia.net\/it\/wp-json\/wp\/v2\/tags?post=4359"}],"curies":[{"name":"wp","href":"https:\/\/api.w.org\/{rel}","templated":true}]}}