{"id":4346,"date":"2022-12-11T10:00:00","date_gmt":"2022-12-11T09:00:00","guid":{"rendered":"https:\/\/www.raetia.net\/?p=4346"},"modified":"2024-06-19T07:50:39","modified_gmt":"2024-06-19T05:50:39","slug":"verortung-perspektive-_50","status":"publish","type":"post","link":"https:\/\/www.raetia.net\/it\/verortung-perspektive-_50\/","title":{"rendered":"Verortung &#038; Perspektive _50"},"content":{"rendered":"<div class=\"wp-block-columns alignwide is-layout-flex wp-container-core-columns-is-layout-9d6595d7 wp-block-columns-is-layout-flex\">\n<div class=\"wp-block-column is-layout-flow wp-block-column-is-layout-flow\">\n<div class=\"wp-block-columns is-layout-flex wp-container-core-columns-is-layout-9d6595d7 wp-block-columns-is-layout-flex\">\n<div class=\"wp-block-column is-layout-flow wp-block-column-is-layout-flow\" style=\"flex-basis:100%\"><div class=\"wp-block-image\">\n<figure class=\"alignright size-large\"><img loading=\"lazy\" decoding=\"async\" width=\"1024\" height=\"766\" src=\"https:\/\/www.raetia.net\/wp-content\/uploads\/Thomas-Mann-II-1024x766.jpg\" alt=\"\" class=\"wp-image-4351\" srcset=\"https:\/\/www.raetia.net\/wp-content\/uploads\/Thomas-Mann-II-1024x766.jpg 1024w, https:\/\/www.raetia.net\/wp-content\/uploads\/Thomas-Mann-II-400x299.jpg 400w, https:\/\/www.raetia.net\/wp-content\/uploads\/Thomas-Mann-II-768x575.jpg 768w, https:\/\/www.raetia.net\/wp-content\/uploads\/Thomas-Mann-II-16x12.jpg 16w, https:\/\/www.raetia.net\/wp-content\/uploads\/Thomas-Mann-II.jpg 1200w\" sizes=\"auto, (max-width: 1024px) 100vw, 1024px\" \/><\/figure>\n<\/div><\/div>\n<\/div>\n<\/div>\n\n\n\n<div class=\"wp-block-column is-layout-flow wp-block-column-is-layout-flow\">\n<h6 class=\"wp-block-heading\" id=\"wasserstand-12-juni-2022\">Berufsstand 11. Dezember 2022<\/h6>\n\n\n\n<h2 class=\"wp-block-heading\"><strong><strong><strong><strong><strong><strong><strong><strong><strong><strong><strong><strong><strong><strong><mark style=\"background-color:rgba(0, 0, 0, 0);color:#488ec1\" class=\"has-inline-color\"><strong>Thomas Mann<\/strong>&nbsp;<\/mark><\/strong><\/strong><\/strong><\/strong><\/strong><\/strong><\/strong><\/strong><\/strong><\/strong><\/strong><\/strong><\/strong><\/strong><br><mark style=\"background-color:rgba(0, 0, 0, 0)\" class=\"has-inline-color has-accent-color\">(1875 &#8211; 1955)<\/mark><\/h2>\n\n\n\n<p><strong><mark style=\"background-color:rgba(0, 0, 0, 0);color:#ff0000\" class=\"has-inline-color\"><strong><strong><strong><strong><strong><strong><strong><strong>Bekenntnisse des Hochstaplers Felix Krull<\/strong><\/strong><\/strong><\/strong><\/strong><\/strong><\/strong>&nbsp;<\/strong><\/mark><\/strong><br>In der Fassung der Gro\u00dfen kommentierten Frankfurter Ausgabe<br>Thomas Mann, Gro\u00dfe kommentierte Frankfurter Ausgabe. Werke, Briefe, Tageb\u00fccher, Band 12<br>Herausgegeben von: Thomas Sprecher, &nbsp;Monica Bussmann<br><em>Fischer Taschenbuchverlag, Berlin 2014<\/em><\/p>\n\n\n\n<p>Thomas Mann kr\u00f6nt sein umfangreiches Romanwerk mit der Hochstaplergeschichte von Felix Krull. Die sprachliche Eleganz dieser fiktiven Autobiographie, ihre ironische Doppelb\u00f6digkeit erweisen ebenso wie Krulls Handeln, dass er \u00bbder Gott der Diebe\u00ab ist. Ein Tausendsassa, der jeder neuen und unerwarteten Situation gewachsen ist.&nbsp;<\/p>\n\n\n\n<p>Kein anderes Werk hat Thomas Mann \u00fcber einen so langen Zeitraum besch\u00e4ftigt wie der Krull-Roman. Begonnen 1910, erschien der Roman 1954 und begleitete damit beinahe das gesamte schriftstellerische Leben des Autors.&nbsp;<\/p>\n\n\n\n<p>Im Rahmen der \u203aGro\u00dfen kommentierten Frankfurter Ausgabe\u2039 wurde der Text, unter Ber\u00fccksichtigung s\u00e4mtlicher \u00dcberlieferungen im Nachlass, vollst\u00e4ndig neu ediert.<\/p>\n\n\n\n<p>(Klappentext)<\/p>\n\n\n\n<figure class=\"wp-block-audio\"><audio controls src=\"https:\/\/www.raetia.net\/wp-content\/uploads\/2-03-3-Intermezzi-for-piano-Op.-117_-Intermezzo-No.-3-in-C-Sharp-Minor-Op.-117-Andante-con-Moto.m4a\"><\/audio><figcaption class=\"wp-element-caption\"><strong><strong>Johannes Brahms <\/strong><\/strong>(1833 &#8211; 1897) : 3 Intermezzi f\u00fcr Klavier, Op. 117 Nr. 2 : Andante con moto e molto espressione&nbsp;<\/figcaption><\/figure>\n<\/div>\n<\/div>\n\n\n\n<hr class=\"wp-block-separator has-alpha-channel-opacity is-style-dots\"\/>\n\n\n\n<h3 class=\"wp-block-heading\" id=\"perspektive-24\">Perspektive 50<\/h3>\n\n\n\n<p>Die Welt von Gestern ist stets auch ein Teil einer Welt der Gegenwart &amp; Zukunft.<br>Die Erz\u00e4hlkunst der von Thomas Mann verschrifteten Zu- &amp; Umst\u00e4nde ist in der Welt von Gestern verortet.<br>Und berichtet somit stets auch \u00fcber einen Teil der Welt der Gegenwart &amp; Zukunft.<\/p>\n\n\n\n<p>Kein anderer Schriftsteller ist bereits zu Lebzeiten so verleumdet, beneidet, verachtet &amp; marginalisiert worden.<br>Und bewundert. (Th. Mann erhielt 1929 den Literaturnobelpreis.)<br>Auch die Gegenwart (und wahrscheinlich die Zukunft) verkennt, verspottet, verunglimpft Werk &amp; Person.<\/p>\n\n\n\n<p>Und doch wird besonders sein Schaffen insgeheim wie provokant \u00f6ffentlich bewundert, gepriesen &amp; bestaunt.<br>&#8222;Genie ist Flei\u00df\u201c verlautbarte einst sein Dichterkollege Theodor Fontane (1819 &#8211; 1898).<br>Thomas Mann war ungemein diszipliniert, zielstrebig auf sein Schaffen fokussiert und: flei\u00dfig.<\/p>\n\n\n\n<p>Die Bekenntnisse des Hochstaplers Felix Krull: Ein Klassiker. Ein Meisterwerk.<br>Die Bekenntnisse des Hochstaplers Felix Krull: Eine Welt von Gestern. Und trotzdem Literatur ohne Ablaufdatum.<br>Die Bekenntnisse des Hochstaplers Felix Krull: Ein stilistisches Feuerwerk. Keine bildungsb\u00fcrgerliche Asche.<\/p>\n\n\n\n<p>Thomas Mann schildert in seinem Roman alle Abgr\u00fcnde &amp; Begehrlichkeiten humaner Befindlichkeiten.<br>Thomas Mann benennt liebevoll mit viel Humor &amp; Witz all das t\u00e4glich Hochgestapelte unseres Seins.<br>Thomas Mann vermeidet charmant Zeigefinger-Schuldzuweisungen und moralinsaure Rezepturen.<\/p>\n\n\n\n<p>Selten ist in der deutschsprachigen Literatur solch eine bet\u00f6rende Wunderkammer der Tods\u00fcnden zu finden.<br>Wissend um die Unvollkommenheiten des M\u00e4ngelwesen Mensch erinnert Th. Mann uns zumeist g\u00fctig an diese.<br>Wir alle sind oftmals gen\u00f6tigt zu l\u00fcgen, zu t\u00e4uschen, zu verbergen, zu verschweigen, zu stehlen &amp;: hochzustapeln.<\/p>\n\n\n\n<p>Sein &amp; Schein. Lug &amp; Trug. Lust &amp; Frust. Sehnsucht &amp; Begehren. Alles hat hier seinen Platz. Und vieles mehr.<br>Trotzdem leuchtet hinter all den Vergeblichkeiten &amp; Verirrungen des Lebens tr\u00f6stlich die Hoffnung auf Wahrhaftes &amp; Vergebung.<br>Denn ohne die oftmals bel\u00e4chelten Begriffe wie \u201eGnade\u201c &amp; \u201eG\u00fcte\u201c bricht der Mensch in seiner Ohnmacht zusammen.&nbsp;<\/p>\n\n\n\n<p>Die Bekenntnisse des Hochstaplers Felix Krull: ein subtiles Pl\u00e4doyer zum Respekt f\u00fcr die Minderleistungen der Hochleistenden.<br>Die Bekenntnisse des Hochstaplers Felix Krull: eine magische Reise in (ver)st\u00f6rende Innen- &amp; Au\u00dfenwelten.&nbsp;<br>Die Bekenntnisse des Hochstaplers Felix Krull: eine weise Eulenspiegelei \u00fcber all die gro\u00dfkleinen Monster in &amp; um uns.<\/p>\n\n\n\n<p>Hochstapler:&nbsp;Person, die in betr\u00fcgerischer Absicht den Eindruck erwecken m\u00f6chte, eine h\u00f6here gesellschaftliche Stellung innezuhaben.<br>Bekenntnis:&nbsp;das (Sich)bekennen, (Ein)Gest\u00e4ndnis.<br>Unsere Gegenwart kennt viele Hochstapler und wenig Bekenntnisse.<\/p>\n\n\n\n<p>Heute versuchen Hochstapler in Politik, Wirtschaft &amp; den Medien den Lauf der Dinge (entscheidend) zu beeinflussen.<br>Ohne jedweden ethischen Skrupel wird die Vort\u00e4uschung falscher Tatsachen vorbehaltlos angestrebt, gefeiert &amp; kultiviert.<br>Der spanische Philosoph Fernando Savater bringt die N\u00f6te des aktuell herrschenden Zeitgeistes auf den Punkt:&nbsp;<\/p>\n\n\n\n<p><strong>\u2022<\/strong> In den letzten hundert Jahren ist die Information zur Achse der Gesellschaft geworden.&nbsp;Die M\u00e4chtigsten sind die, die Informationen aus erster Hand haben, und ihre Macht ist gr\u00f6\u00dfer als die derer, die viele greifbare G\u00fcter besitzen. Es gibt einen Unterschied zwischen denen, die Informationen zu den andern bringen, und denen, die sie empfangen.&nbsp;Diese Unterschiede sind entscheidend, und da kommt die Wahrheit als Schl\u00fcsselthema ins Spiel.<br>Wir alle wissen, dass Information keine absoluten Wahrheiten bieten kann.&nbsp;Das Gebiet der Information ist nicht dasselbe wie das der Meinung.&nbsp;Die Medien m\u00fcssen klar trennen zwischen der Weitergabe von Informationen, bei der sie sich weitgehend an die objektiven Tatsachen halten sollten, und der \u00c4u\u00dferung von Meinungen, die subjektiv sind, Interpretationen, die eine Unterschrift tragen.<br><strong>Wahrheit ist eine Angleichung dessen, was wir verstandesm\u00e4\u00dfig als Wirklichkeit erfassen, und dem, was wir sagen oder erz\u00e4hlen.<\/strong><\/p>\n\n\n\n<p>(Aus: \u00bbDie Zehn Gebote im 21. Jahrhundert, 2004)<\/p>\n\n\n\n<p>Tiefstapler:&nbsp;Person, die untertreibt, die vorgibt, weniger zu sein und zu k\u00f6nnen, als sie ist und kann.<br>Diese Spezies soll es gegeben haben. Soll es angeblich noch geben. Wird es vermutlich stets geben?<br>Aber das ist wieder eine andere Geschichte.<\/p>\n\n\n\n<p>(Renald Deppe)<\/p>","protected":false},"excerpt":{"rendered":"","protected":false},"author":2,"featured_media":4352,"comment_status":"closed","ping_status":"closed","sticky":false,"template":"","format":"standard","meta":{"footnotes":""},"categories":[15],"tags":[],"class_list":["post-4346","post","type-post","status-publish","format-standard","has-post-thumbnail","hentry","category-ab-und-zu-stand","generate-columns","tablet-grid-50","mobile-grid-100","grid-parent","grid-25","no-featured-image-padding","resize-featured-image"],"_links":{"self":[{"href":"https:\/\/www.raetia.net\/it\/wp-json\/wp\/v2\/posts\/4346","targetHints":{"allow":["GET"]}}],"collection":[{"href":"https:\/\/www.raetia.net\/it\/wp-json\/wp\/v2\/posts"}],"about":[{"href":"https:\/\/www.raetia.net\/it\/wp-json\/wp\/v2\/types\/post"}],"author":[{"embeddable":true,"href":"https:\/\/www.raetia.net\/it\/wp-json\/wp\/v2\/users\/2"}],"replies":[{"embeddable":true,"href":"https:\/\/www.raetia.net\/it\/wp-json\/wp\/v2\/comments?post=4346"}],"version-history":[{"count":6,"href":"https:\/\/www.raetia.net\/it\/wp-json\/wp\/v2\/posts\/4346\/revisions"}],"predecessor-version":[{"id":4786,"href":"https:\/\/www.raetia.net\/it\/wp-json\/wp\/v2\/posts\/4346\/revisions\/4786"}],"wp:featuredmedia":[{"embeddable":true,"href":"https:\/\/www.raetia.net\/it\/wp-json\/wp\/v2\/media\/4352"}],"wp:attachment":[{"href":"https:\/\/www.raetia.net\/it\/wp-json\/wp\/v2\/media?parent=4346"}],"wp:term":[{"taxonomy":"category","embeddable":true,"href":"https:\/\/www.raetia.net\/it\/wp-json\/wp\/v2\/categories?post=4346"},{"taxonomy":"post_tag","embeddable":true,"href":"https:\/\/www.raetia.net\/it\/wp-json\/wp\/v2\/tags?post=4346"}],"curies":[{"name":"wp","href":"https:\/\/api.w.org\/{rel}","templated":true}]}}