{"id":4305,"date":"2022-11-13T10:00:00","date_gmt":"2022-11-13T09:00:00","guid":{"rendered":"https:\/\/www.raetia.net\/?p=4305"},"modified":"2024-06-19T07:51:03","modified_gmt":"2024-06-19T05:51:03","slug":"verortung-perspektive-_46","status":"publish","type":"post","link":"https:\/\/www.raetia.net\/it\/verortung-perspektive-_46\/","title":{"rendered":"Verortung &#038; Perspektive _46"},"content":{"rendered":"<div class=\"wp-block-columns alignwide is-layout-flex wp-container-core-columns-is-layout-9d6595d7 wp-block-columns-is-layout-flex\">\n<div class=\"wp-block-column is-layout-flow wp-block-column-is-layout-flow\">\n<div class=\"wp-block-columns is-layout-flex wp-container-core-columns-is-layout-9d6595d7 wp-block-columns-is-layout-flex\">\n<div class=\"wp-block-column is-layout-flow wp-block-column-is-layout-flow\" style=\"flex-basis:100%\"><div class=\"wp-block-image\">\n<figure class=\"alignright size-full\"><img loading=\"lazy\" decoding=\"async\" width=\"300\" height=\"168\" src=\"https:\/\/www.raetia.net\/wp-content\/uploads\/Robert-Musil-III.jpg\" alt=\"\" class=\"wp-image-4313\" srcset=\"https:\/\/www.raetia.net\/wp-content\/uploads\/Robert-Musil-III.jpg 300w, https:\/\/www.raetia.net\/wp-content\/uploads\/Robert-Musil-III-18x10.jpg 18w\" sizes=\"auto, (max-width: 300px) 100vw, 300px\" \/><\/figure>\n<\/div><\/div>\n<\/div>\n<\/div>\n\n\n\n<div class=\"wp-block-column is-layout-flow wp-block-column-is-layout-flow\">\n<h6 class=\"wp-block-heading\" id=\"wasserstand-12-juni-2022\">Verstand 13. November 2022<\/h6>\n\n\n\n<h2 class=\"wp-block-heading\"><strong><strong><strong><strong><strong><strong><strong><strong><strong><strong><strong><strong>Robert Musil<\/strong><\/strong><\/strong><\/strong><\/strong><\/strong><\/strong><\/strong><\/strong><\/strong><\/strong><\/strong><br>(1880-1942)<\/h2>\n\n\n\n<p><strong><mark style=\"background-color:rgba(0, 0, 0, 0);color:#ff0000\" class=\"has-inline-color\"><strong><strong><strong><strong><strong>Die Verwirrungen des Z\u00f6glings T\u00f6rle\u00df<\/strong><\/strong><\/strong><\/strong>&nbsp;<\/strong><\/mark><\/strong><br>Roman<br><em>Fischer Taschenbuch, Frankfurt am Main, 2017<\/em><\/p>\n\n\n\n<p>Ein Milit\u00e4r-Internat zur Zeit der Donaumonarchie:&nbsp;<\/p>\n\n\n\n<p>Die Kadetten T\u00f6rle\u00df, Reiting und Beineberg \u00fcberf\u00fchren ihren Mitsch\u00fcler Basini des Diebstahls und missbrauchen ihn als Versuchsobjekt.&nbsp;<\/p>\n\n\n\n<p>Robert Musils ber\u00fchmte Sch\u00fclergeschichte aus dem Jahr 1906 erz\u00e4hlt nicht nur von den Unsicherheiten und Abgr\u00fcnden der Pubert\u00e4t, sondern auch von den Gewaltpotentialen am Vorabend des Ersten Weltkriegs.&nbsp;<\/p>\n\n\n\n<p>1966 von Volker Schl\u00f6ndorff verfilmt, ist Musils Roman eine bis heute aktuelle Parabel \u00fcber Gleichg\u00fcltigkeit und Gewalt.<\/p>\n\n\n\n<p>Es geht um T\u00e4terschaft und Voyeurismus, um M\u00e4nnlichkeit und Sexualit\u00e4t, um die Mitschuld des Zuschauers und die Angst vor dem Fremden im Eigenen.<\/p>\n\n\n\n<p>(Klappentext)<\/p>\n\n\n\n<figure class=\"wp-block-audio\"><audio controls src=\"https:\/\/www.raetia.net\/wp-content\/uploads\/08-Concerto-in-F-Minor-Bwv-1056-II.-Largo.m4a\"><\/audio><figcaption class=\"wp-element-caption\"><strong><strong><strong>Johann Sebastian Bach<\/strong>&nbsp;<\/strong><\/strong>(1685-1750) : Concerto in F Minor, Bwv 1056 : II Largo<br>&nbsp;<\/figcaption><\/figure>\n<\/div>\n<\/div>\n\n\n\n<hr class=\"wp-block-separator has-alpha-channel-opacity is-style-dots\"\/>\n\n\n\n<h3 class=\"wp-block-heading\" id=\"perspektive-24\">Perspektive 46<\/h3>\n\n\n\n<p>Robert Musil wurde 1880 als einziges Kind von Alfred &amp; Hermine Musil in Klagenfurt geboren.<br>Robert Musil studierte von 1903-1908 in Berlin Philosophie, Psychologie, Mathematik und Physik.<br>Robert Musil ver\u00f6ffentlichte 1906 seinen autobiographisch gef\u00e4rbten ersten Roman:&nbsp;Die Verwirrungen des Z\u00f6glings T\u00f6rle\u00df.<\/p>\n\n\n\n<p>Ein ungemein aktueller Text:<br>\u00fcber Irrungen &amp; Verwirrungen,&nbsp;\u00fcber Beziehung &amp; Erziehung,<br>\u00fcber T\u00e4ter &amp; Verr\u00e4ter, \u00fcber das Zuschauen &amp; Wegschauen,<br>\u00fcber Lust &amp; Frust, \u00fcber Perversion &amp; Obsession,<br>\u00fcber Scham- &amp; Ehrlosigkeiten, \u00fcber sadistische Bildungswege &amp; Sadismus als Bildungsweg,&nbsp;<br>\u00fcber Missbrauch &amp; Brauchtum, Pein- &amp; Gehorsames, Leiden &amp; Schweigen.<\/p>\n\n\n\n<p>Ein ungemein aktueller Text:<br>wird doch die Kindheit &amp; Pubert\u00e4t bis heute von all den oben aufgez\u00e4hlten Befindlichkeiten gepr\u00e4gt, verschattet &amp; deformiert.<br>Und somit der weitere Lebensweg des&nbsp;\u201eZ\u00f6glings\u201c entscheidend gestaltet, beeinflu\u00dft &amp; dominiert.<\/p>\n\n\n\n<p>Wie umgehen mit all den Abgr\u00fcnden in und um uns\u2026?<br>Der Philosoph Epiktet, ein&nbsp;ehemaliger r\u00f6mischer Sklave, unterbreitet dazu eine nicht unwesentliche Gebrauchsanweisung:<\/p>\n\n\n\n<p><strong>Aber vor sich selber ist er auf der Hut,&nbsp;wie vor einem Feinde und Verr\u00e4ter.<\/strong><\/p>\n\n\n\n<p>Zum Beispiel.<br>Eine (unbequeme) M\u00f6glichkeit zur Verbesserung der Lage. &nbsp;&nbsp;<\/p>\n\n\n\n<p>(Renald Deppe)<\/p>\n\n\n\n<hr class=\"wp-block-separator has-alpha-channel-opacity is-style-dots\"\/>","protected":false},"excerpt":{"rendered":"","protected":false},"author":2,"featured_media":4314,"comment_status":"closed","ping_status":"closed","sticky":false,"template":"","format":"standard","meta":{"footnotes":""},"categories":[15],"tags":[],"class_list":["post-4305","post","type-post","status-publish","format-standard","has-post-thumbnail","hentry","category-ab-und-zu-stand","generate-columns","tablet-grid-50","mobile-grid-100","grid-parent","grid-25","no-featured-image-padding","resize-featured-image"],"_links":{"self":[{"href":"https:\/\/www.raetia.net\/it\/wp-json\/wp\/v2\/posts\/4305","targetHints":{"allow":["GET"]}}],"collection":[{"href":"https:\/\/www.raetia.net\/it\/wp-json\/wp\/v2\/posts"}],"about":[{"href":"https:\/\/www.raetia.net\/it\/wp-json\/wp\/v2\/types\/post"}],"author":[{"embeddable":true,"href":"https:\/\/www.raetia.net\/it\/wp-json\/wp\/v2\/users\/2"}],"replies":[{"embeddable":true,"href":"https:\/\/www.raetia.net\/it\/wp-json\/wp\/v2\/comments?post=4305"}],"version-history":[{"count":6,"href":"https:\/\/www.raetia.net\/it\/wp-json\/wp\/v2\/posts\/4305\/revisions"}],"predecessor-version":[{"id":4388,"href":"https:\/\/www.raetia.net\/it\/wp-json\/wp\/v2\/posts\/4305\/revisions\/4388"}],"wp:featuredmedia":[{"embeddable":true,"href":"https:\/\/www.raetia.net\/it\/wp-json\/wp\/v2\/media\/4314"}],"wp:attachment":[{"href":"https:\/\/www.raetia.net\/it\/wp-json\/wp\/v2\/media?parent=4305"}],"wp:term":[{"taxonomy":"category","embeddable":true,"href":"https:\/\/www.raetia.net\/it\/wp-json\/wp\/v2\/categories?post=4305"},{"taxonomy":"post_tag","embeddable":true,"href":"https:\/\/www.raetia.net\/it\/wp-json\/wp\/v2\/tags?post=4305"}],"curies":[{"name":"wp","href":"https:\/\/api.w.org\/{rel}","templated":true}]}}