{"id":3815,"date":"2022-08-28T10:00:00","date_gmt":"2022-08-28T08:00:00","guid":{"rendered":"https:\/\/www.raetia.net\/?p=3815"},"modified":"2024-06-11T15:08:48","modified_gmt":"2024-06-11T13:08:48","slug":"verortung-perspektive-_35","status":"publish","type":"post","link":"https:\/\/www.raetia.net\/it\/verortung-perspektive-_35\/","title":{"rendered":"Verortung &#038; Perspektive _35"},"content":{"rendered":"<div class=\"wp-block-columns alignwide is-layout-flex wp-container-core-columns-is-layout-9d6595d7 wp-block-columns-is-layout-flex\">\n<div class=\"wp-block-column is-layout-flow wp-block-column-is-layout-flow\">\n<div class=\"wp-block-columns is-layout-flex wp-container-core-columns-is-layout-9d6595d7 wp-block-columns-is-layout-flex\">\n<div class=\"wp-block-column is-layout-flow wp-block-column-is-layout-flow\" style=\"flex-basis:100%\"><div class=\"wp-block-image\">\n<figure class=\"alignright size-full\"><img loading=\"lazy\" decoding=\"async\" width=\"260\" height=\"194\" src=\"https:\/\/www.raetia.net\/wp-content\/uploads\/Thomas-von-Steinaecker.jpg\" alt=\"\" class=\"wp-image-3819\" srcset=\"https:\/\/www.raetia.net\/wp-content\/uploads\/Thomas-von-Steinaecker.jpg 260w, https:\/\/www.raetia.net\/wp-content\/uploads\/Thomas-von-Steinaecker-16x12.jpg 16w\" sizes=\"auto, (max-width: 260px) 100vw, 260px\" \/><figcaption class=\"wp-element-caption\">Thomas von Steinaecker<\/figcaption><\/figure>\n<\/div><\/div>\n<\/div>\n\n\n<div class=\"wp-block-image\">\n<figure class=\"alignright size-full\"><img loading=\"lazy\" decoding=\"async\" width=\"259\" height=\"194\" src=\"https:\/\/www.raetia.net\/wp-content\/uploads\/Nadia-Durrani-1.jpg\" alt=\"\" class=\"wp-image-3822\" srcset=\"https:\/\/www.raetia.net\/wp-content\/uploads\/Nadia-Durrani-1.jpg 259w, https:\/\/www.raetia.net\/wp-content\/uploads\/Nadia-Durrani-1-16x12.jpg 16w\" sizes=\"auto, (max-width: 259px) 100vw, 259px\" \/><figcaption class=\"wp-element-caption\">Nadia Durrani<\/figcaption><\/figure>\n<\/div>\n\n<div class=\"wp-block-image\">\n<figure class=\"alignright size-full\"><img loading=\"lazy\" decoding=\"async\" width=\"262\" height=\"192\" src=\"https:\/\/www.raetia.net\/wp-content\/uploads\/Brian-FAgan.jpg\" alt=\"\" class=\"wp-image-3823\" srcset=\"https:\/\/www.raetia.net\/wp-content\/uploads\/Brian-FAgan.jpg 262w, https:\/\/www.raetia.net\/wp-content\/uploads\/Brian-FAgan-16x12.jpg 16w\" sizes=\"auto, (max-width: 262px) 100vw, 262px\" \/><figcaption class=\"wp-element-caption\">Brian Fagan<\/figcaption><\/figure>\n<\/div><\/div>\n\n\n\n<div class=\"wp-block-column is-layout-flow wp-block-column-is-layout-flow\">\n<h6 class=\"wp-block-heading\" id=\"wasserstand-12-juni-2022\">Sonnenstand (V) 28. August2022<\/h6>\n\n\n\n<h2 class=\"wp-block-heading\"><mark style=\"background-color:rgba(0, 0, 0, 0)\" class=\"has-inline-color has-accent-color\"><strong><strong>Thomas von Steinaecker<\/strong><\/strong>\u00a0<\/mark><br><mark style=\"background-color:rgba(0, 0, 0, 0)\" class=\"has-inline-color has-accent-color\">(*1977)<\/mark>\u00a0<\/h2>\n\n\n\n<p><strong><mark style=\"background-color:rgba(0, 0, 0, 0);color:#ff0303\" class=\"has-inline-color\"><strong><strong><strong><strong><strong><strong><strong><strong><strong><strong><strong><strong><strong><strong><strong><strong><strong><strong><strong><strong><strong><strong>ENDE OFFEN<\/strong><\/strong><\/strong><\/strong><\/strong><\/strong><\/strong><\/strong><\/strong><\/strong><\/strong><\/strong><\/strong><\/strong><\/strong><\/strong><\/strong><\/strong><\/strong><\/strong><\/strong><\/strong><\/mark><\/strong><br>Das Buch der gescheiterten Kunstwerke<br><em>S. Fischer Verlag, Frankfurt am Main 2021<\/em><\/p>\n\n\n\n<p><\/p>\n\n\n\n<p><strong>\u2022<\/strong>&nbsp;Die Liste der gescheiterten Kunstwerke der Kulturgeschichte ist lang und spektakul\u00e4r.<br>Die Gr\u00fcnde f\u00fcr das Scheitern sind so unterschiedlich wie die einzelnen Projekte: Mal war es der Gr\u00f6\u00dfenwahn des K\u00fcnstlers, ein anderes Mal fehlte pl\u00f6tzlich das Geld, nicht selten kam ein fr\u00fcher Tod dazwischen.&nbsp;<br>Der Schriftsteller Thomas von Steinaecker erz\u00e4hlt in seinem Buch die au\u00dfergew\u00f6hnlichsten Geschichten hinter dem Scheitern und zeigt, wie einflu\u00dfreich Ideen sein k\u00f6nnen, die nur in unserer Phantasie existieren.<\/p>\n\n\n\n<p>Ever&nbsp;<br>tried.<br>Ever&nbsp;<br>failed.<br>No<br>matter.<\/p>\n\n\n\n<p>Try&nbsp;<br>again.<br>Fail&nbsp;<br>again.<br>Fail&nbsp;<br>better.<\/p>\n\n\n\n<p>Samuel Becket: Worstward Ho<br>(Klappentext)&nbsp;<\/p>\n\n\n\n<figure class=\"wp-block-audio\"><audio controls src=\"https:\/\/www.raetia.net\/wp-content\/uploads\/1-17-Die-Jahreszeiten-Hob.-XXI_3-Der-Sommer_-IX.-_Ach-Das-Ungewitter-Naht_-Chorus.m4a\"><\/audio><figcaption class=\"wp-element-caption\"><strong>Josef Haydn<\/strong> (1732-1809) : Die Jahreszeiten, Hob. XXI:3 : Der Sommer, IX. \u201eAch, das Ungewitter naht\u2026\u201c<\/figcaption><\/figure>\n\n\n\n<h2 class=\"wp-block-heading\"><strong><mark style=\"background-color:rgba(0, 0, 0, 0)\" class=\"has-inline-color has-accent-color\">&amp;<\/mark><\/strong><\/h2>\n\n\n\n<h2 class=\"wp-block-heading\"><strong><mark style=\"background-color:rgba(0, 0, 0, 0)\" class=\"has-inline-color has-accent-color\">Nadia Durrani<\/mark><\/strong><\/h2>\n\n\n\n<h2 class=\"wp-block-heading\"><mark style=\"background-color:rgba(0, 0, 0, 0)\" class=\"has-inline-color has-accent-color\"><strong>&amp; Brian Fagan<\/strong> (*1936)<\/mark><\/h2>\n\n\n\n<p><strong><mark style=\"background-color:rgba(0, 0, 0, 0);color:#ff1a00\" class=\"has-inline-color\">Was im Bett geschah<\/mark><\/strong><\/p>\n\n\n\n<p>Eine horizontale Geschichte der Menschheit<br>Aus dem Englischen \u00fcbersetzt von Holger Hanowell<br><em>Philipp Reclam jun. Verlag, Ditzingen 2022<\/em><\/p>\n\n\n\n<p><strong>\u2022<\/strong>&nbsp;Das Bett ist ein politischer Ort &#8211; das wussten nicht erst Yoko Ono und John Lennon.<br>Denn im Bett wurde seit jeher nicht nur geschlafen, sondern auch regiert, kommuniziert, Nachwuchs gezeugt und zur Welt gebracht, aber nat\u00fcrlich auch gelitten und gestorben.<br>Das, was im Bett geschieht, war \u00fcber Jahrhunderte weitgehend \u00f6ffentlich und Teil eines gesellschaftlichen Miteinanders.<br>Erst in der j\u00fcngsten Vergangenheit scheint sich das Bett ins Private zur\u00fcckgezogen haben\u2026 oder doch nicht?<br>Nadia Durrani &amp; Brian Fagan haben sich die verbl\u00fcffend vielschichtige Geschichte des Bettes genauer angeschaut &#8211; von den allerersten Liegen der Steinzeit \u00fcber die goldene Ruhestatt von Tutanchamun bis hin zum Siegeszug des Wasserbetts.<br>Das Bett war lange Zeit das Prunkst\u00fcck der Wohnung.<br>Dem Aufstehen und Ankleiden des \u00bbSonnenk\u00f6nigs\u00ab Louis XIV. (der allerdings 500 Betten sein eigen nannte) wohnte traditionell der gesamte Hofstaat bei.<br>Inzwischen sind unsere Schlafst\u00e4tten meist Besucherblicken<br>entzogen und verschwinden manchmal sogar in der Wand.&nbsp;<br>Zugleich sind wir im Bett dank moderner Technologien mit der ganzen Welt in Kontakt.<br>Und bis heute gilt: Was im Bett geschieht, verr\u00e4t am meisten \u00fcber das Wesen der Menschen.<\/p>\n\n\n\n<p>(Klappentext)<\/p>\n\n\n\n<figure class=\"wp-block-audio\"><audio controls src=\"https:\/\/www.raetia.net\/wp-content\/uploads\/01-Sommer-Sonne-Kaktus.m4a\"><\/audio><figcaption class=\"wp-element-caption\">Helge Schneider : Sommer, Sonne, Kaktus! (2013)<\/figcaption><\/figure>\n<\/div>\n<\/div>\n\n\n\n<hr class=\"wp-block-separator has-css-opacity\"\/>\n\n\n\n<h3 class=\"wp-block-heading\" id=\"perspektive-24\">Perspektive 35<\/h3>\n\n\n\n<p>Sommerzeit. Ferienzeit. Lesezeit?<br>Das Institut zur Verbesserung der Lage unterbreitet (ein letztes) Ferragosto-Lese-Angebot.<br>B\u00fccher zum Um-, Be-, \u00dcber-, Nach- &amp; Vordenken.<br>B\u00fccher (nicht nur) f\u00fcr Sommer-, Tropen- und Vollmondn\u00e4chte.<br>B\u00fccher (nicht nur) f\u00fcr Sommer-, Regen- und Hundstage.<br>B\u00fccher (nicht nur) f\u00fcr ZeitgenossInnen, die (auch) daran glauben:&nbsp;<br>Jeder geliebte Gegenstand, Mensch,Traum, Wunsch kann\/k\u00f6nnte der Mittelpunkt eines Paradieses sein.&nbsp;<br>Auf den Bergen, an den Str\u00e4nden, in den W\u00fcsten, den Wohn-, Schlaf- &amp; Traumwelten unseres Planeten. Und anderswo.<br>In den Betten- &amp; Hofburgen, den Kriegs- &amp; Wellnesszonen, den Vino-, Disco-, Media-, Arto- &amp; Bibliotheken. Zum Beispiel.<\/p>\n\n\n\n<p>Das Institut zur Verbesserung der Lage unterbreitet ein Angebot: Geschichten \u00fcber Geschichte zu lesen.<br>\u00dcber Geschichten vom Scheitern. Von gelungenen Fehlversuchen. Von Musil, Mondrian, Mahler. Und anderen. &nbsp;&nbsp;<br>\u00dcber Geschichten von Fragmenten. Vom vollendeten Unvollendeten. Von Schubert, Kafka, Michelangelo. Und anderen.<br>\u00dcber Geschichten von Utopien. Von gegenwartsferner Zukunft. Von Da Vinci, John Cage, Orson Welles. Und anderen.<\/p>\n\n\n\n<p>Das Institut zur Verbesserung der Lage unterbreitet ein Angebot: Geschichten \u00fcber Vollmenschen. \u00dcber uns.<br>Wir m\u00fcssen das Scheitern verbergen. Und scheitern t\u00e4glich, zumeist kl\u00e4glich.&nbsp;<br>Wir sollen Fragmentiertes vermeiden. Und produzieren Makulatur rund um die Uhr.&nbsp;<br>Wir d\u00fcrfen den Utopien nicht trauen. &nbsp;Und brauchen Hoffnungsfrohes st\u00fcndlich, auch m\u00fcndlich.<\/p>\n\n\n\n<p>Thomas von Steinaecker erz\u00e4hlt kompetent mit Respekt &amp; Empathie \u00fcber bekannte und unbekannte Quer- &amp; FreidenkerInnen.<br>Thomas von Steinaecker berichtet spannend wie auch ungemein sachlich \u00fcber Ausnahme-, Einzel-, An-, Un- &amp; Todesf\u00e4lle.&nbsp;<br>Thomas von Steinaecker dokumentiert das Leben von kreativen Vollmenschen, vermeintlichen Halbg\u00f6ttern und anderen<br>Wahnsinnigen.<br>Thomas von Steinaecker schildert Zweifel &amp; Verzweiflung, Mut &amp; Wut, Widerstand &amp; Aufbegehren, Zuversicht &amp; Resignation.<\/p>\n\n\n\n<p>Zum Beispiel: \u00fcber Theodor Fontane\u2026:<\/p>\n\n\n\n<p><strong>\u2022<\/strong> Es muss ein harter Schlag f\u00fcr Emilie Fontane gewesen sein, als ihr Mann ihr 1876 umstandslos mitteilte, er wolle von nun an vorrangig als Romancier leben.<br>Die Entscheidung, eine Existenz als freier Schriftsteller zu f\u00fchren, ist aus \u00f6konomischer Sicht immer eine katastrophale.<\/p>\n\n\n\n<p>Doch meist f\u00e4llt sie in einem Alter, in dem man nur f\u00fcr sich verantwortlich und mit der vagen Idee begabt ist, es schon irgendwie zu schaffen, kurz: Man wei\u00df es noch nicht besser.<br>Als jedoch Fontane beschlie\u00dft, von nun an nur mehr nebenbei Theaterkritiken und in erster Linie Romane zu schreiben, ist er bereits \u00fcber 57 Jahre alt, hatte diverse Anstellungen unter anderem als Apotheker und Auslandskorrespondent in London.<br>Vor allem hatte er eine Frau und vier Kinder zu versorgen\u2026<br>Was die Sache noch pikanter macht: Fontane hat eben erst eine lukrative und prestigetr\u00e4chtige Stelle als St\u00e4ndiger Sekret\u00e4r der Akademie der K\u00fcnste in Berlin erhalten &#8211; die er nun einfach so in den Wind schie\u00dft.<br>Eine Entscheidung wider den gesunden Menschenverstand also?<br>Fontanes Antwort darauf in einen Brief an seine Vertraute Mathilde von Rohr:<\/p>\n\n\n\n<p><em>Die Weisheit der Menschen nutzt mir nichts.<\/em><br><em>Was sie mir sagen k\u00f6nnen, hab\u2019&nbsp;ich mir in hundert schlaflosen Stunden l\u00e4ngst selbst gesagt<\/em><br><em>Die Gl\u00fccksarten der Menschen sind eben verschieden; \u00bbden enen sin Uhl is den annern sin Nachtigall\u00ab.<\/em><br><em>Mir ist die Freiheit Nachtigall, den andern Leuten das Gehalt.<strong> \u2022<\/strong><\/em><\/p>\n\n\n\n<p>Wie die Geschichte mit der Nachtigall weitergeht?<br>Das Institut zur Verbesserung der Lage unterbreitet ein Angebot: Es im benannten Buche bitte nachzulesen.<br>Soviel sei an dieser Stelle verraten:&nbsp;<br>Fontane schrieb danach Romane, die zu den H\u00f6hepunkten (nicht nur) der deutschsprachigen Literatur gez\u00e4hlt werden:&nbsp;<br>\u00bbEffie Briest\u00ab und den \u00bbStechlin\u00ab. Zum Beispiel.<br>Und, bitte nicht &amp; niemals zu vergessen:&nbsp;Thomas von Steinaecker erinnert uns daran:&nbsp;<br>Letzten Endes allerdings hat Emilie das getan, was die unbesungenen Heldinnen in fast jeder Schriftstellerehe wohl oder \u00fcbel taten &#8211; ob sie nun Christiane von Goethe oder Sofja Tolstoi hie\u00dfen: Sie hielt ihren Mann \u201eschwimmf\u00e4hig\u201c.&nbsp;<\/p>\n\n\n\n<p>&nbsp;<strong>&amp;<\/strong><\/p>\n\n\n\n<p>Zur horizontalen Geschichte der Menschheit:<br>\u201eAlles was man nicht im Bett tun kann, braucht man gar nicht erst anzufangen\u201c (Groucho Marx)<br>Was alles in diesen Geschichten \u00fcber Bettgeschichten und die Geschichte des Bettes m\u00f6glich (oder nicht m\u00f6glich) ist,<br>was alles die Arch\u00e4ologen Nadia Durrani &amp; Brian Fagan an Bettgefl\u00fcster zwischen Kissen, K\u00fcssen &amp; Matratzen herausfiltern,<br>was &amp; wer alles ans Bett gefesselt war, ins Bett gemacht hat, das Bett h\u00fcten musste, von Tisch und Bett getrennt wurde,<br>sich ins gemachte Bett legte, mit jemanden ins Bett stieg und warum, Bettflucht betrieb &amp; Bettwanzen vertrieb:<br>hier ist es pikant unterhaltsam wie sittlich korrekt nachzulesen. Auch nachzuerleben.<\/p>\n\n\n\n<p>Sei es in Indien, China, Persien, \u00c4gypten, Mexiko, Europa und Lichtenstein, der Mongolei und Ungarn, &nbsp;<br>Japan, Taiwan &amp; Nebenan, Nord-, S\u00fcd- &amp; Ostamerika, Austria &amp; Australien, in der Sahara &amp; der Arktis, &nbsp;<br>im nahen, mittleren &amp; fernen Westen, im hohen, rohen, blauen &amp; grauen Norden, im Welt- &amp; \u00dcberall.<\/p>\n\n\n\n<p>\u201eAlles was man nicht im Bett tun kann, braucht man gar nicht erst anzufangen\u201c<br>Wie recht Groucho Marx doch hatte.<br>Jean Liedloff, Autorin des ber\u00fchmten Bestsellers aus dem Jahr 1975&nbsp;<br>\u201eAuf der Suche nach dem verlorenen Gl\u00fcck: gegen die Zerst\u00f6rung unserer Gl\u00fccksf\u00e4higkeit in der fr\u00fchen Kindheit&#8220;&nbsp;<br>berichtet diesbez\u00fcglich Bemerkenswertes von den Yequana im Regenwald von Venezuela:<br>\u00bbTats\u00e4chlich \u00e4hnelte es ihrer Gewohnheit, mitten in der Nacht, wenn sie alle schliefen, einen Witz zu erz\u00e4hlen.<br>Obwohl einige laut schnarchten, wachten alle sofort auf, lachten und schliefen innerhalb von Sekunden wieder ein, mit Schnarchen und allem.\u00ab<\/p>\n\n\n\n<p>Das Institut zur Verbesserung der Lage unterbreitet (ein letztes) Ferragosto-Angebot:<br>Lachend aufzuwachen. Trotzdem. Im Bett. Auch anderswo. Allein oder mit anderen. Zum Beispiel.<\/p>\n\n\n\n<p>(Renald Deppe)<\/p>","protected":false},"excerpt":{"rendered":"","protected":false},"author":2,"featured_media":3825,"comment_status":"closed","ping_status":"closed","sticky":false,"template":"","format":"standard","meta":{"footnotes":""},"categories":[15],"tags":[],"class_list":["post-3815","post","type-post","status-publish","format-standard","has-post-thumbnail","hentry","category-ab-und-zu-stand","generate-columns","tablet-grid-50","mobile-grid-100","grid-parent","grid-25","no-featured-image-padding"],"_links":{"self":[{"href":"https:\/\/www.raetia.net\/it\/wp-json\/wp\/v2\/posts\/3815","targetHints":{"allow":["GET"]}}],"collection":[{"href":"https:\/\/www.raetia.net\/it\/wp-json\/wp\/v2\/posts"}],"about":[{"href":"https:\/\/www.raetia.net\/it\/wp-json\/wp\/v2\/types\/post"}],"author":[{"embeddable":true,"href":"https:\/\/www.raetia.net\/it\/wp-json\/wp\/v2\/users\/2"}],"replies":[{"embeddable":true,"href":"https:\/\/www.raetia.net\/it\/wp-json\/wp\/v2\/comments?post=3815"}],"version-history":[{"count":7,"href":"https:\/\/www.raetia.net\/it\/wp-json\/wp\/v2\/posts\/3815\/revisions"}],"predecessor-version":[{"id":4442,"href":"https:\/\/www.raetia.net\/it\/wp-json\/wp\/v2\/posts\/3815\/revisions\/4442"}],"wp:featuredmedia":[{"embeddable":true,"href":"https:\/\/www.raetia.net\/it\/wp-json\/wp\/v2\/media\/3825"}],"wp:attachment":[{"href":"https:\/\/www.raetia.net\/it\/wp-json\/wp\/v2\/media?parent=3815"}],"wp:term":[{"taxonomy":"category","embeddable":true,"href":"https:\/\/www.raetia.net\/it\/wp-json\/wp\/v2\/categories?post=3815"},{"taxonomy":"post_tag","embeddable":true,"href":"https:\/\/www.raetia.net\/it\/wp-json\/wp\/v2\/tags?post=3815"}],"curies":[{"name":"wp","href":"https:\/\/api.w.org\/{rel}","templated":true}]}}