{"id":2937,"date":"2022-04-10T10:00:00","date_gmt":"2022-04-10T08:00:00","guid":{"rendered":"https:\/\/www.raetia.net\/?p=2937"},"modified":"2024-06-11T15:18:33","modified_gmt":"2024-06-11T13:18:33","slug":"verortung-perspektive-_15","status":"publish","type":"post","link":"https:\/\/www.raetia.net\/it\/verortung-perspektive-_15\/","title":{"rendered":"Verortung &#038; Perspektive _15"},"content":{"rendered":"<div class=\"wp-block-columns alignwide is-layout-flex wp-container-core-columns-is-layout-9d6595d7 wp-block-columns-is-layout-flex\">\n<div class=\"wp-block-column is-layout-flow wp-block-column-is-layout-flow\"><div class=\"wp-block-image\">\n<figure class=\"alignright size-full\"><img loading=\"lazy\" decoding=\"async\" width=\"297\" height=\"170\" src=\"https:\/\/www.raetia.net\/wp-content\/uploads\/Peter-Bichsel-II.jpg\" alt=\"\" class=\"wp-image-2945\" srcset=\"https:\/\/www.raetia.net\/wp-content\/uploads\/Peter-Bichsel-II.jpg 297w, https:\/\/www.raetia.net\/wp-content\/uploads\/Peter-Bichsel-II-18x10.jpg 18w\" sizes=\"auto, (max-width: 297px) 100vw, 297px\" \/><\/figure>\n<\/div>\n\n\n<p><\/p>\n<\/div>\n\n\n\n<div class=\"wp-block-column is-layout-flow wp-block-column-is-layout-flow\">\n<h6 class=\"wp-block-heading\" id=\"kopfstand-10-april-2022\">Kopfstand 10. April 2022<\/h6>\n\n\n\n<h2 class=\"wp-block-heading\" id=\"marcel-proust-1871-1922\"><strong><strong><strong><strong><strong><strong><strong><strong>Peter Bichsel<\/strong><\/strong><\/strong><\/strong><\/strong><\/strong><\/strong><\/strong><br>(*1935)<\/h2>\n\n\n\n<p><strong><mark style=\"background-color:rgba(0, 0, 0, 0);color:#ff0303\" class=\"has-inline-color\"><strong><strong><strong><strong><strong><strong>Eigentlich m\u00f6chte Frau Blum den Milchmann kennenlernen.<\/strong><\/strong><\/strong><\/strong><\/strong><\/strong><\/mark><\/strong><br>21 Geschichten<br><em>Walter Verlag, Olten 1964<\/em><br>Neuausgabe:<br><em>Suhrkamp Verlag, Frankfurt 1996<\/em><br>73 Seiten<\/p>\n\n\n\n<p><\/p>\n\n\n\n<p>Erkl\u00e4rung<\/p>\n\n\n\n<p>Am Morgen lag Schnee.<br>Man h\u00e4tte sich freuen k\u00f6nnen.<br>Man h\u00e4tte Schneeh\u00fctten bauen k\u00f6nnen oder Schneem\u00e4nner,<br>man h\u00e4tte sie als W\u00e4chter vor das Haus get\u00fcrmt.<br>Der Schnee ist tr\u00f6stlich, das ist alles was er ist &#8211;<br>und er halte warm, sagt man, wenn man sich in ihn eingrabe.<\/p>\n\n\n\n<p>Aber er dringt in die Schuhe, blockiert die Autos, bringt Eisenbahnen zum Entgleisen und macht entlegene D\u00f6rfer einsam.<\/p>\n\n\n\n<p><\/p>\n\n\n\n<p>Kontrapunkt<\/p>\n\n\n\n<figure class=\"wp-block-audio\"><audio controls src=\"https:\/\/www.raetia.net\/wp-content\/uploads\/1-32-Webern_-6-Bagatelles-Op.-9-3.-Ziemlich-Fliessend-1.m4a\"><\/audio><figcaption class=\"wp-element-caption\"><strong><strong>Anton von Webern<\/strong> <\/strong>(1883 &#8211; 1945) : 6 Bagatellen, Op. 9, III. Ziemlich Flie\u00dfend<\/figcaption><\/figure>\n<\/div>\n<\/div>\n\n\n\n<hr class=\"wp-block-separator has-css-opacity\"\/>\n\n\n\n<h3 class=\"wp-block-heading\" id=\"perspektive-15\">Perspektive 15<\/h3>\n\n\n\n<p>Eigentlich sollten sie Herrn Peter Bichsel kennenlernen.<\/p>\n\n\n\n<p>Peter Bichsel schreibt stets Kurz- &amp; K\u00fcrzestgeschichten.<br>Bichsel schreibt. Verknappt. Verk\u00fcrzt. Verdichtet.<br>P. B. schreibt. Auch Leerzeilen.<br>B. schreibt, liest &amp; entdeckt.<br>Zwischen den Zeilen.<\/p>\n\n\n\n<p>Eigentlich sollten Sie das Institut zur Verbesserung der Lage kennenlernen.<\/p>\n\n\n\n<p>Das Institut zur Verbesserung der Lage erkl\u00e4rt. Womit wir die Verbesserung der Lage erreichen k\u00f6nnen.&nbsp;<br>Das Institut zur Verbesserung freut sich. \u00dcber die Verbesserung der Lage.<br>Das Institut baut. Auf Verbesserer.<br>Das Institut t\u00fcrmt. Niemals.&nbsp;<br>Das Institut tr\u00f6stet. T\u00e4glich.<br>Das Institut w\u00e4rmt. Alle.<br>Aber.<br>Das Institut blockiert. Unverbesserliches.<br>Das Institut zur Verbesserung dringt ein. In Unverbesserliche.<br>Das Institut zur Verbesserung der Lage l\u00e4\u00dft entgleisen. Alle Strategien zur Verschlechterung.<br>Das Institut zur Verbesserung der Lage macht einsam. Alle Institute zur Verschlechterung der Lage.<\/p>\n\n\n\n<p>Eigentlich sollten sie Peter Bichsel &amp; das Institut zur Verbesserung der Lage kennenlernen.<\/p>\n\n\n\n<p>Peter Bichsel schreibt als Schweizer nicht nur \u00fcber die Schweiz.&nbsp;<br>Peter B. schreibt Kurz- &amp; K\u00fcrzestkolumnen in der Schweiz.<br>P. Bichsel schreibt zur Verbesserung der Lage.<br>P. B. versucht die Lage zu beschreiben.<br>B. lernt. Nicht nur von der Schweiz.<\/p>\n\n\n\n<p>Z. B.:&nbsp;P. B.: \u00bbAlles von mir gelernt\u00ab. (Kolumnen 1995-1999)&nbsp;<\/p>\n\n\n\n<p><strong>\u00bb<\/strong>Die Welt rast,&nbsp;und wer nicht mitrast, ist verloren.&nbsp;<br>Und so rasen wir halt &#8211; die Jungen etwas schneller und die Alten hinterher.&nbsp;<br>Und mitten in die Raserei hinein platzt kurz die Pisastudie,&nbsp;die feststellt,&nbsp;<br>da\u00df es schlecht steht um die Lesef\u00e4higkeit der Jungen.&nbsp;<br>Und selbstverst\u00e4ndlich kann das nur die Schule gewesen sein, die versagt hat.&nbsp;<br>Ja,&nbsp;dar\u00fcber sind sich nun alle einig: Die Schule muss verbessert werden,&nbsp;<br>muss effektiver werden,&nbsp;muss mehr Leistung bringen.<\/p>\n\n\n\n<p>Doch ich f\u00fcrchte, die Schule hat nur insofern damit zu tun,&nbsp;<br>dass sie eben ein Teil der Welt ist &#8211; jener Welt, die l\u00e4ngst zu schnell geworden ist f\u00fcr das Lesen.&nbsp;<br>Ich f\u00fcrchte, wieder einmal mehr wird hier etwas auf die Schule geschoben,&nbsp;<br>was nicht die Schule angeht, sondern uns alle &#8211;&nbsp;<br>und eine Pisastudie unter Erwachsenen h\u00e4tte wohl noch viel erschreckendere Ergebnisse.<\/p>\n\n\n\n<p>Das Verh\u00e4ltnis der Gesellschaft zur Schule ist verlogen.&nbsp;Eine Welt, die nicht mehr liest, m\u00f6chte lesende Sch\u00fcler.&nbsp;<br>Eine Welt der Gewaltigen und in der Gewalt t\u00e4tigen m\u00f6chte eine Schule, die zur Gewaltfreiheit erzieht.&nbsp;<br>Die erfolgreichen Einzelk\u00e4mpfer m\u00f6chten eine Schule, die das Sozialverst\u00e4ndnis f\u00f6rdert.&nbsp;<br>Aber in Wirklichkeit m\u00f6chten wir doch nur eine Schule f\u00fcr Erfolgreiche,&nbsp;f\u00fcr eine erfolgreiche Wirtschaft zum Beispiel.&nbsp;<br>Und diese Schule haben wir doch &#8211; und diese Wirtschaft auch.&nbsp;<br>Und nicht die Schule hat die Welt schnell gemacht, sondern wir.<br>Ich danke, dass sie sich Zeit genommen haben, zu lesen.<strong>\u00ab<\/strong><\/p>\n\n\n\n<p>Eigentlich sollten sie Herrn Bichsel, Frau Blum und den Milchmann kennenlernen.<\/p>\n\n\n\n<p>Haben Sie Kinder?<br>Lesen sie?<\/p>\n\n\n\n<p>Lesen Sie?<\/p>\n\n\n\n<p>Entschuldigung.<\/p>\n\n\n\n<p>Danke.<\/p>\n\n\n\n<p>(Renald Deppe)<\/p>","protected":false},"excerpt":{"rendered":"","protected":false},"author":2,"featured_media":2946,"comment_status":"closed","ping_status":"closed","sticky":false,"template":"","format":"standard","meta":{"footnotes":""},"categories":[15],"tags":[],"class_list":["post-2937","post","type-post","status-publish","format-standard","has-post-thumbnail","hentry","category-ab-und-zu-stand","generate-columns","tablet-grid-50","mobile-grid-100","grid-parent","grid-25","no-featured-image-padding","resize-featured-image"],"_links":{"self":[{"href":"https:\/\/www.raetia.net\/it\/wp-json\/wp\/v2\/posts\/2937","targetHints":{"allow":["GET"]}}],"collection":[{"href":"https:\/\/www.raetia.net\/it\/wp-json\/wp\/v2\/posts"}],"about":[{"href":"https:\/\/www.raetia.net\/it\/wp-json\/wp\/v2\/types\/post"}],"author":[{"embeddable":true,"href":"https:\/\/www.raetia.net\/it\/wp-json\/wp\/v2\/users\/2"}],"replies":[{"embeddable":true,"href":"https:\/\/www.raetia.net\/it\/wp-json\/wp\/v2\/comments?post=2937"}],"version-history":[{"count":9,"href":"https:\/\/www.raetia.net\/it\/wp-json\/wp\/v2\/posts\/2937\/revisions"}],"predecessor-version":[{"id":5033,"href":"https:\/\/www.raetia.net\/it\/wp-json\/wp\/v2\/posts\/2937\/revisions\/5033"}],"wp:featuredmedia":[{"embeddable":true,"href":"https:\/\/www.raetia.net\/it\/wp-json\/wp\/v2\/media\/2946"}],"wp:attachment":[{"href":"https:\/\/www.raetia.net\/it\/wp-json\/wp\/v2\/media?parent=2937"}],"wp:term":[{"taxonomy":"category","embeddable":true,"href":"https:\/\/www.raetia.net\/it\/wp-json\/wp\/v2\/categories?post=2937"},{"taxonomy":"post_tag","embeddable":true,"href":"https:\/\/www.raetia.net\/it\/wp-json\/wp\/v2\/tags?post=2937"}],"curies":[{"name":"wp","href":"https:\/\/api.w.org\/{rel}","templated":true}]}}