{"id":2489,"date":"2023-01-10T19:00:00","date_gmt":"2023-01-10T18:00:00","guid":{"rendered":"https:\/\/www.raetia.net\/?p=2489"},"modified":"2024-07-09T07:05:13","modified_gmt":"2024-07-09T05:05:13","slug":"literaturverzeichnis","status":"publish","type":"post","link":"https:\/\/www.raetia.net\/it\/literaturverzeichnis\/","title":{"rendered":"Literaturverzeichnis"},"content":{"rendered":"<hr class=\"wp-block-separator has-css-opacity is-style-default\"\/>\n\n\n\n<h3 class=\"wp-block-heading\">&nbsp; I) Sprache &amp; Schrift<\/h3>\n\n\n\n<p><strong>Gaston Dorren<\/strong><\/p>\n\n\n\n<p><strong><span style=\"color:#f90515\" class=\"has-inline-color\">In 20 Sprachen um die Welt<\/span><\/strong><br>Die gr\u00f6\u00dften Sprachen und was sie so&nbsp;besonders&nbsp;macht<br><em>Verlag C.H. Beck, M\u00fcnchen 2021<\/em><\/p>\n\n\n\n<hr class=\"wp-block-separator has-css-opacity is-style-dots\"\/>\n\n\n\n<p><strong>Matthias Heine<\/strong><\/p>\n\n\n\n<p><strong><span style=\"color:#f10505\" class=\"has-inline-color\">Das ABC der Menschheit<\/span><\/strong><br>Eine Weltgeschichte des Alphabets<br><em>Hoffmann und Campe Verlag, Hamburg 2020<\/em><\/p>\n\n\n\n<hr class=\"wp-block-separator has-css-opacity is-style-dots\"\/>\n\n\n\n<p><strong>Martin Puchner<\/strong><\/p>\n\n\n\n<p><strong><span style=\"color:#fa0303\" class=\"has-inline-color\">Die Macht der Schrift<\/span><\/strong><br>Wie die Literatur die Geschichte der&nbsp;Menschheit&nbsp;formte<br><em>Karl Blessing Verlag, M\u00fcnchen 2019<\/em><\/p>\n\n\n\n<hr class=\"wp-block-separator has-css-opacity is-style-dots\"\/>\n\n\n\n<p><strong>Silvia Ferrara<\/strong><\/p>\n\n\n\n<p><strong><span style=\"color:#fa0303\" class=\"has-inline-color\">DIE GROSSE ERFINDUNG<\/span><\/strong><br>Eine Geschichte der Welt in neun geheimnisvollen Schriften<br><em>C.H. Beck Verlag, M\u00fcnchen 2021<\/em><\/p>\n\n\n\n<hr class=\"wp-block-separator has-css-opacity is-style-default\"\/>\n\n\n\n<h3 class=\"wp-block-heading\">&nbsp;II) Zeichen &amp; Bilder<\/h3>\n\n\n\n<p><strong>Martin Kuckenburg<\/strong><\/p>\n\n\n\n<p><strong><span style=\"color:#f40905\" class=\"has-inline-color\">EINE WELT AUS ZEICHEN<\/span><\/strong><br>Die Geschichte der Schrift<br><em>Konrad Theiss Verlag, Darmstadt 2015<\/em><\/p>\n\n\n\n<hr class=\"wp-block-separator has-css-opacity is-style-dots\"\/>\n\n\n\n<p><strong>Walter&nbsp;Koschatzky<\/strong><br><br><span style=\"color:#fb0303\" class=\"has-inline-color\"><strong>Die Kunst der GRAPHIK<\/strong><\/span><br>Technik, Geschichte, Meisterwerke<br><em>Residenz Verlag, Salzburg 1972<\/em><\/p>\n\n\n\n<hr class=\"wp-block-separator has-css-opacity is-style-dots\"\/>\n\n\n\n<p><strong>Walter Koschatzky<\/strong><\/p>\n\n\n\n<p><strong><span style=\"color:#f80703\" class=\"has-inline-color\">Die Kunst der ZEICHNUNG<\/span><\/strong><br>Technik, Geschichte, Meisterwerke<br><em>Residenz Verlag, Salzburg 1977<\/em><\/p>\n\n\n\n<hr class=\"wp-block-separator has-css-opacity is-style-dots\"\/>\n\n\n\n<p><strong>Wassily Kandinsky<\/strong><\/p>\n\n\n\n<p><strong><span style=\"color:#f60703\" class=\"has-inline-color\">Punkt und Linie zu Fl\u00e4che<\/span><\/strong><br>Bauhausb\u00fccher<br><em>Verlag Langen, M\u00fcnchen 1926<\/em><\/p>\n\n\n\n<hr class=\"wp-block-separator has-css-opacity is-style-dots\"\/>\n\n\n\n<p><strong>John Cage<\/strong><\/p>\n\n\n\n<p><strong><span style=\"color:#f50404\" class=\"has-inline-color\">NOTATIONS<\/span><\/strong><br><em>something else press, New York 1996<\/em><\/p>\n\n\n\n<hr class=\"wp-block-separator has-css-opacity is-style-dots\"\/>\n\n\n\n<p><strong>Erhard Karkoschka<\/strong><\/p>\n\n\n\n<p><mark style=\"background-color:rgba(0, 0, 0, 0);color:#fa0606\" class=\"has-inline-color\"><strong>Das Schriftbild der Neuen Musik<\/strong>\u00a0<\/mark><br>Bestandsaufnahme neuer Notationssymbole\u00a0<br>Anleitung zu deren Deutung, Realisation und Kritik<br><em>Edition Moeck, Celle 1966<\/em><\/p>\n\n\n\n<hr class=\"wp-block-separator has-css-opacity is-style-dots\"\/>\n\n\n\n<p><strong>Franz Marc Museumsgesellschaft (Hg.)<\/strong><\/p>\n\n\n\n<p><strong><span style=\"color:#f90404\" class=\"has-inline-color\">Lekt\u00fcre<\/span><\/strong><br>Bilder vom Lesen &#8211; Vom Lesen der Bilder<br><em>Schirmer\/Mosel Verlag, M\u00fcnchen 2018<\/em><\/p>\n\n\n\n<hr class=\"wp-block-separator has-css-opacity is-style-dots\"\/>\n\n\n\n<p><strong>Bernd Roeck<\/strong><\/p>\n\n\n\n<p><strong><span style=\"color:#f80400\" class=\"has-inline-color\">Gelehrte K\u00fcnstler<\/span><\/strong><br>Maler, Bildhauer und Architekten der Renaissance \u00fcber Kunst<br><em>Verlag Klaus Wagenbach, Berlin 2013<\/em><\/p>\n\n\n\n<hr class=\"wp-block-separator has-css-opacity is-style-dots\"\/>\n\n\n\n<p><strong>Hermann Parzinger<\/strong><\/p>\n\n\n\n<p><strong><span style=\"color:#f60400\" class=\"has-inline-color\">Abenteuer Arch\u00e4ologie<\/span><\/strong><br>Eine Reise durch die Menschheitsgeschichte<br><em>C.H. Beck Verlag, M\u00fcnchen 2016<\/em><\/p>\n\n\n\n<hr class=\"wp-block-separator has-css-opacity is-style-dots\"\/>\n\n\n\n<p><strong>Karl Schl\u00f6gel<\/strong><\/p>\n\n\n\n<p><strong><span style=\"color:#f70505\" class=\"has-inline-color\">DAS SOWJETISCHE JAHRHUNDERT<\/span><\/strong><br>Arch\u00e4ologie einer untergegangenen Welt<br><em>C.H.Beck Verlag, M\u00fcnchen 2017<\/em><\/p>\n\n\n\n<hr class=\"wp-block-separator has-css-opacity is-style-dots\"\/>\n\n\n\n<p><strong>Markus Hattstein<\/strong><br><strong>Peter Delius (Hg.)<\/strong><\/p>\n\n\n\n<p><strong><span style=\"color:#fc0202\" class=\"has-inline-color\">islam<\/span><\/strong><br>Kunst und Architektur<br><em>f.h.ullmann (Tandem Verlag), Salzburg 2011<\/em><\/p>\n\n\n\n<hr class=\"wp-block-separator has-css-opacity is-style-dots\"\/>\n\n\n\n<p><strong>Bodo Hell<\/strong><\/p>\n\n\n\n<p><strong><span style=\"color:#f20804\" class=\"has-inline-color\">Kunstschrift<\/span><\/strong><br>Verni-Midi-Finissagen&#8230;<br><em>Verlag Bibliothek der Provinz, edition seidengasse, Weitra 2017<\/em><\/p>\n\n\n\n<hr class=\"wp-block-separator has-css-opacity is-style-dots\"\/>\n\n\n\n<p><strong>Harald Haarmann<\/strong><\/p>\n\n\n\n<p><strong><span style=\"color:#f90101\" class=\"has-inline-color\">Auf den Spuren der Indoeurop\u00e4er<\/span><\/strong><br>Von den neolithischen Steppennomaden bis zu den fr\u00fchen Hochkulturen<br><em>C.H. Beck Verlag, M\u00fcnchen 2016<\/em><\/p>\n\n\n\n<hr class=\"wp-block-separator has-css-opacity is-style-default\"\/>\n\n\n\n<h3 class=\"wp-block-heading\">III) Lesen &amp; Schreiben<\/h3>\n\n\n\n<p><strong>Michael Maar<\/strong><\/p>\n\n\n\n<p><strong><span style=\"color:#f30606\" class=\"has-inline-color\">Die Schlange im Wolfspelz<\/span><\/strong><br>Das Geheimnis gro\u00dfer Literatur<br><em>Rowohlt Verlag, Hamburg 2020<\/em><\/p>\n\n\n\n<hr class=\"wp-block-separator has-css-opacity is-style-dots\"\/>\n\n\n\n<p><strong>Simon Sebag Montefiore<\/strong><\/p>\n\n\n\n<p><strong><span style=\"color:#fb0808\" class=\"has-inline-color\">Geschichte schreiben<\/span><\/strong><br>Briefe, die die Welt ver\u00e4nderten<br><em>J. G. Cotta&#8217;sche Buchhandlung, Stuttgart 2021<\/em><\/p>\n\n\n\n<hr class=\"wp-block-separator has-css-opacity is-style-dots\"\/>\n\n\n\n<p><strong>Isolde Ohlbaum<\/strong><\/p>\n\n\n\n<p><strong><span style=\"color:#f70303\" class=\"has-inline-color\">Lesen &amp; Schreiben<\/span><\/strong><br>Eine Liebeserkl\u00e4rung an die Welt der B\u00fccher<br><em>ars vivendi verlag, Cadolzburg 2017<\/em><\/p>\n\n\n\n<hr class=\"wp-block-separator has-css-opacity is-style-dots\"\/>\n\n\n\n<p><strong>Umberto Eco<\/strong><\/p>\n\n\n\n<p><strong><span style=\"color:#f90501\" class=\"has-inline-color\">Die Kunst des B\u00fccherliebens<\/span><\/strong><br><em>Carl Hanser Verlag, M\u00fcnchen 2011<\/em><\/p>\n\n\n\n<hr class=\"wp-block-separator has-css-opacity is-style-dots\"\/>\n\n\n\n<p><strong>Christopher de Hamel<\/strong><\/p>\n\n\n\n<p><strong><span style=\"color:#fc0000\" class=\"has-inline-color\">Pracht und Anmut<\/span><\/strong><br>Begegnungen mit zw\u00f6lf herausragenden Handschriften des Mittelalters<br><em>C. Bertelsmann Verlag, M\u00fcnchen 2016<\/em><\/p>\n\n\n\n<hr class=\"wp-block-separator has-css-opacity is-style-dots\"\/>\n\n\n\n<p><strong>Helmut Brandst\u00e4tter (Hg.)<\/strong><\/p>\n\n\n\n<p><strong><span style=\"color:#ff0000\" class=\"has-inline-color\">Schreiben<\/span><\/strong><br>Der Griff zu Feder<br>Texte-Briefe-B\u00fccher<br><em>Kurier Zeitungsverlag, Wien 2017<\/em><\/p>\n\n\n\n<hr class=\"wp-block-separator has-css-opacity is-style-dots\"\/>\n\n\n\n<p><strong>Bodo Hell<\/strong><\/p>\n\n\n\n<p><strong><span style=\"color:#f80101\" class=\"has-inline-color\">Stadtschrift<\/span><\/strong><br><em>Verlag Bibliothek der Provinz, edition seidengasse, Weitra<\/em><br><em>(edition neue texte, Linz 1998)<\/em><\/p>\n\n\n\n<hr class=\"wp-block-separator has-css-opacity is-style-dots\"\/>\n\n\n\n<p><strong>Franz Schuh<\/strong><\/p>\n\n\n\n<p><strong><span style=\"color:#fa0400\" class=\"has-inline-color\">Lachen und Sterben<\/span><\/strong><br><em>Paul Zsolnay Verlag, Wien 2021<\/em><\/p>\n\n\n\n<hr class=\"wp-block-separator has-css-opacity is-style-dots\"\/>\n\n\n\n<p><strong>Haruki Murakami<\/strong><\/p>\n\n\n\n<p><strong><span style=\"color:#f80101\" class=\"has-inline-color\">Von Beruf Schriftsteller<\/span><\/strong><br><em>DUMont Buchverlag, K\u00f6ln 2016<\/em><\/p>\n\n\n\n<hr class=\"wp-block-separator has-css-opacity is-style-dots\"\/>\n\n\n\n<p><strong>Paul Auster<\/strong><\/p>\n\n\n\n<p><strong><span style=\"color:#ff0000\" class=\"has-inline-color\">Bericht aus dem Inneren<\/span><\/strong><br><em>Rowohlt Verlag, Reinbek bei Hamburg 2014<\/em><\/p>\n\n\n\n<hr class=\"wp-block-separator has-css-opacity is-style-dots\"\/>\n\n\n\n<p><strong>Konrad Paul Liessmann<\/strong><\/p>\n\n\n\n<p><strong><span style=\"color:#fd0000\" class=\"has-inline-color\">GEIST<\/span><span style=\"color:#f80202\" class=\"has-inline-color\">ERSTUNDE<\/span><\/strong><br>Die Praxis der Unbildung<br>Eine Streitschrift<br><em>Paul Zsolnay Verlag, Wien 2014<\/em><\/p>\n\n\n\n<hr class=\"wp-block-separator has-css-opacity is-style-dots\"\/>\n\n\n\n<p><strong>Ralph-Johannes Lilie<\/strong><\/p>\n\n\n\n<p><strong><span style=\"color:#fd0101\" class=\"has-inline-color\">BYZANZ<\/span><\/strong><br>Das zweite Rom<br><em>Siedler Verlag, Berlin 2003<\/em><\/p>\n\n\n\n<hr class=\"wp-block-separator has-css-opacity is-style-default\"\/>\n\n\n\n<h3 class=\"wp-block-heading\">&nbsp;IV) Druck &amp; Papier<\/h3>\n\n\n\n<p><strong>Robert Klanten &amp; Lincoln Dexter (Hg.)<\/strong><\/p>\n\n\n\n<p><strong><span style=\"color:#ff0000\" class=\"has-inline-color\">D<\/span><span style=\"color:#fc0000\" class=\"has-inline-color\">as Streben nach Vollkommenheit<\/span><\/strong><br>Japanisches Handwerk zwischen Tradition und Moderne<br><em>Die Gestalten Verlag, Berlin 2020<\/em><\/p>\n\n\n\n<hr class=\"wp-block-separator has-css-opacity is-style-dots\"\/>\n\n\n\n<p><strong>Joachim Elias Zender<\/strong><\/p>\n\n\n\n<p><strong><span style=\"color:#fa0202\" class=\"has-inline-color\">LEXIKON<\/span><\/strong><br>Buch<br>Druck<br>Papier<br><em>Haupt Verlag, Bern, Stuttgart, Wien 2008<\/em><\/p>\n\n\n\n<hr class=\"wp-block-separator has-css-opacity is-style-dots\"\/>\n\n\n\n<p><strong>Erik Orsenna<\/strong><\/p>\n\n\n\n<p><strong><span style=\"color:#ff0000\" class=\"has-inline-color\">Auf der Spur des Papiers<\/span><\/strong><br>Eine Liebeserkl\u00e4rung<br><em>C.H. Beck Verlag, M\u00fcnchen 2015<\/em><\/p>\n\n\n\n<hr class=\"wp-block-separator has-css-opacity is-style-dots\"\/>\n\n\n\n<p><strong>Lothar M\u00fcller<\/strong><\/p>\n\n\n\n<p><strong><span style=\"color:#f90202\" class=\"has-inline-color\">Weisse Magie<\/span><\/strong><br>Die Epoche des Papiers<br><em>Carl Hanser Verlag, M\u00fcnchen 2012<\/em><\/p>\n\n\n\n<hr class=\"wp-block-separator has-css-opacity is-style-dots\"\/>\n\n\n\n<p><strong>Therese Weber<\/strong><\/p>\n\n\n\n<p><strong><span style=\"color:#fb0303\" class=\"has-inline-color\">Die Sprache des Papiers<\/span><\/strong><br>Eine 2000-j\u00e4hrige Geschichte<br><em>Verlag Haupt, Bern, Stuttgart, Wien 2004<\/em><\/p>\n\n\n\n<hr class=\"wp-block-separator has-css-opacity is-style-default\"\/>\n\n\n\n<h3 class=\"wp-block-heading\">&nbsp;V) Tusche &amp; Feder<\/h3>\n\n\n\n<p><strong>Eduardo Fazzioli<\/strong><\/p>\n\n\n\n<p><mark style=\"background-color:rgba(0, 0, 0, 0);color:#ff0101\" class=\"has-inline-color\"><strong>Gemalte W\u00f6rte<\/strong>r<\/mark><br>214 chinesische Schriftzeichen &#8211; vom Bild zum Begriff<br>Ein Schl\u00fcssel zum Verst\u00e4ndnis Chinas, seiner Menschen und seiner Kultur<br><em>Matrix Verlag, Wiesbaden 2014<\/em><\/p>\n\n\n\n<hr class=\"wp-block-separator has-css-opacity is-style-dots\"\/>\n\n\n\n<p><strong>Sandrine Bailly<\/strong><\/p>\n\n\n\n<p><strong><span style=\"color:#fe0000\" class=\"has-inline-color\">J<\/span><span style=\"color:#ff0000\" class=\"has-inline-color\">APAN<\/span><\/strong><br>Die Harmonie der Stille<br><em>Knesebeck Verlag, M\u00fcnchen 2009<\/em><\/p>\n\n\n\n<hr class=\"wp-block-separator has-css-opacity is-style-dots\"\/>\n\n\n\n<p><strong>Mark de Fraye<\/strong><br><strong>Frits Vos<\/strong><\/p>\n\n\n\n<p><strong><span style=\"color:#fb0400\" class=\"has-inline-color\">KORE<\/span><\/strong><br>Land der Berge und Buddhas<br><em>Schillinger Verlag, Freiburg 1995<\/em><\/p>\n\n\n\n<hr class=\"wp-block-separator has-css-opacity is-style-dots\"\/>\n\n\n\n<p><strong>Andreas Lambrou<\/strong><\/p>\n\n\n\n<p><strong><span style=\"color:#fd0602\" class=\"has-inline-color\">F\u00fcllfederhalter<\/span><\/strong><br>Ein \u00dcberblick \u00fcber die Entstehungsgeschichte&nbsp;<br>und die wichtigsten internationalen Marken<br><em>Heyne Verlag, M\u00fcnchen 1992<\/em><\/p>\n\n\n\n<hr class=\"wp-block-separator has-css-opacity is-style-dots\"\/>\n\n\n\n<p><strong>Ulrich H\u00e4usermann<\/strong><\/p>\n\n\n\n<p><mark style=\"background-color:rgba(0, 0, 0, 0);color:#ff0501\" class=\"has-inline-color\"><strong>Gedanke<\/strong><br><strong>Feder<\/strong><br><strong>und<\/strong><br><strong>Papier<\/strong><\/mark><br><em>Privatdruck f\u00fcr die Freunde des Hauses Hartmann und Mittler, Augsburg 1961 (Prestel Verlag)<\/em><\/p>\n\n\n\n<hr class=\"wp-block-separator has-css-opacity is-style-default\"\/>\n\n\n\n<h3 class=\"wp-block-heading\">&nbsp;VI) DichterInnen &amp; DenkerInnen<\/h3>\n\n\n\n<p><br><strong>Andreas Guski<\/strong><\/p>\n\n\n\n<p><strong><span style=\"color:#ff0000\" class=\"has-inline-color\">Dostojewskij<\/span><\/strong><br>Eine Biographie<br><em>Verlag C.H. Beck, M\u00fcnchen 2018<\/em><\/p>\n\n\n\n<hr class=\"wp-block-separator has-css-opacity is-style-dots\"\/>\n\n\n\n<p><strong>HP Riegel<\/strong><\/p>\n\n\n\n<p><strong><span style=\"color:#fe0000\" class=\"has-inline-color\">Beuys<\/span><\/strong><br>Die Biographie<br><em>Aufbau Verlag, Berlin 2013<\/em><\/p>\n\n\n\n<hr class=\"wp-block-separator has-css-opacity is-style-dots\"\/>\n\n\n\n<p><strong>Joel F. Harrington<\/strong><\/p>\n\n\n\n<p><strong><span style=\"color:#ff0000\" class=\"has-inline-color\">Meister Eckhart<\/span><\/strong><br>Der M\u00f6nch, der die Kirche herausforderte<br>und seinen eignen Weg zu Gott fand<br><em>Siedler Verlag, M\u00fcnchen 2021<\/em><\/p>\n\n\n\n<hr class=\"wp-block-separator has-css-opacity is-style-dots\"\/>\n\n\n\n<p><strong>Volker Reinhardt<\/strong><\/p>\n\n\n\n<p><strong><span style=\"color:#ff0000\" class=\"has-inline-color\">Leonardo da Vinci<\/span><\/strong><br>Das Auge der Welt<br>biorafia<br><em>C.H. Beck Verlag, M\u00fcnchen 2018<\/em><\/p>\n\n\n\n<hr class=\"wp-block-separator has-css-opacity is-style-dots\"\/>\n\n\n\n<p><strong>Friedrich Rothe<\/strong><\/p>\n\n\n\n<p><strong><span style=\"color:#fa0000\" class=\"has-inline-color\">Harry Graf Kessler<\/span><\/strong><br>biorafia<br><em>Siedler Verlag, M\u00fcnchen 2008<\/em><\/p>\n\n\n\n<hr class=\"wp-block-separator has-css-opacity is-style-dots\"\/>\n\n\n\n<p><strong>R\u00fcdiger Safranski<\/strong><\/p>\n\n\n\n<p><strong><span style=\"color:#fd0000\" class=\"has-inline-color\">NIETZSCHE<\/span><\/strong><br>Biographie seines Denkens<br><em>C.H. Beck Verlag, M\u00fcnchen 2016<\/em><\/p>\n\n\n\n<hr class=\"wp-block-separator has-css-opacity is-style-dots\"\/>\n\n\n\n<p><strong>Sue Prideaux<\/strong><\/p>\n\n\n\n<p><strong><span style=\"color:#fc0000\" class=\"has-inline-color\">ICH BIN DYNAMIT<\/span><\/strong><br>Das Leben des Friedrich Nietzsche<br><em>J.G. Cotta\u2019sche Buchhandlung, Stuttgart 2020<\/em><\/p>\n\n\n\n<hr class=\"wp-block-separator has-css-opacity is-style-dots\"\/>\n\n\n\n<p><strong>Herfried M\u00fcnkler<\/strong><\/p>\n\n\n\n<p><mark style=\"background-color:rgba(0, 0, 0, 0);color:#fe0101\" class=\"has-inline-color\"><strong>MARX\u00a0<\/strong><br><strong>WAGNER<\/strong><br><strong>NIETZSCHE<\/strong><\/mark><br>Welt im Umbruch<br><em>Rowohlt Verlag, Berlin 2021<\/em><\/p>\n\n\n\n<hr class=\"wp-block-separator has-css-opacity is-style-dots\"\/>\n\n\n\n<p><strong>Konrad Paul Liessmann<\/strong><\/p>\n\n\n\n<p><strong><span style=\"color:#f90000\" class=\"has-inline-color\">Al<\/span><span style=\"color:#ff0000\" class=\"has-inline-color\">le Lust will Ewigkeit<\/span><\/strong><br>Mittern\u00e4chtliche Versuchungen<br>(Betrachtungen zu Nietzsches \u00bbZarathustra\u00ab)<br><em>Paul Zsolnay Verlag, Wien 2021<\/em><\/p>\n\n\n\n<hr class=\"wp-block-separator has-css-opacity is-style-dots\"\/>\n\n\n\n<p><strong>Bernd-J\u00fcrgen Fischer<\/strong><\/p>\n\n\n\n<p><strong><span style=\"color:#ff0000\" class=\"has-inline-color\">A<\/span><span style=\"color:#fa0000\" class=\"has-inline-color\">uf der Suche nach Marcel Proust<\/span><\/strong><br>Ein Album in Bildern und Texten<br><em>PhilippReclam jun. Verlag, Stuttgart 2020<\/em><\/p>\n\n\n\n<hr class=\"wp-block-separator has-css-opacity is-style-dots\"\/>\n\n\n\n<p><strong>Lothar M\u00fcller<\/strong><\/p>\n\n\n\n<p><mark style=\"background-color:rgba(0, 0, 0, 0);color:#fc0f02\" class=\"has-inline-color\"><strong>Adrien Proust<\/strong><br><strong>und sein Sohn Marcel<\/strong><\/mark><br>Beobachter einer erkrankten Welt<br><em>Verlag Klaus Wagenbach, Berlin 2021<\/em><\/p>\n\n\n\n<hr class=\"wp-block-separator has-css-opacity is-style-dots\"\/>\n\n\n\n<p><strong>Wilfried F. Schoeller<\/strong><\/p>\n\n\n\n<p><strong><span style=\"color:#ff0101\" class=\"has-inline-color\">D\u00d6BLIN<\/span><\/strong><br>Eine Biographie<br><em>Carl Hanser Verlag, M\u00fcnchen 2011<\/em><\/p>\n\n\n\n<hr class=\"wp-block-separator has-css-opacity is-style-dots\"\/>\n\n\n\n<p><strong>Philipp Blom<\/strong><\/p>\n\n\n\n<p><strong><span style=\"color:#fe0000\" class=\"has-inline-color\">B\u00d6SE PHILOSOPHEN<\/span><\/strong><br>Ein Salon in Paris<br>und das vergessenen Erbe der Aufkl\u00e4rung<br><em>dtv Verlagsgesellschaft, M\u00fcnchen 2020<\/em><\/p>\n\n\n\n<hr class=\"wp-block-separator has-css-opacity is-style-dots\"\/>\n\n\n\n<p><strong>R\u00fcdiger Safranski<\/strong><\/p>\n\n\n\n<p><strong><span style=\"color:#fc0303\" class=\"has-inline-color\">E<\/span><span style=\"color:#fa0000\" class=\"has-inline-color\">INZELN SEIN<\/span><\/strong><br>Eine philosophische Herausforderung<br><em>Carl Hanser Verlag, M\u00fcnchen 2021<\/em><\/p>\n\n\n\n<hr class=\"wp-block-separator has-css-opacity is-style-dots\"\/>\n\n\n\n<p><strong>Tom Holland<\/strong><\/p>\n\n\n\n<p><strong><span style=\"color:#f70101\" class=\"has-inline-color\">HERRSCHAFT<\/span><\/strong><br>Die Entstehung des Westens<br><em>J.G. Cotta\u2019sche Buchhandlung, Stuttgart 2021<\/em><\/p>\n\n\n\n<hr class=\"wp-block-separator has-css-opacity is-style-dots\"\/>\n\n\n\n<p><strong>John Freely<\/strong><\/p>\n\n\n\n<p><strong><span style=\"color:#fc0202\" class=\"has-inline-color\">Platon in Bagdad<\/span><\/strong><br>Wie das Wissen der Antike zur\u00fcck nach Europa kam<br><em>J.G. Cotta&#8217;sche Buchhandlung, Stuttgart 2012<\/em><\/p>\n\n\n\n<hr class=\"wp-block-separator has-css-opacity is-style-dots\"\/>\n\n\n\n<p><strong>Kathrin Passig<\/strong><br><strong>Aleks Scholz<\/strong><\/p>\n\n\n\n<p><strong><span style=\"color:#fe1d04\" class=\"has-inline-color\">L<\/span><span style=\"color:#fe0000\" class=\"has-inline-color\">exikon des Unwissens<\/span><\/strong><br>Worauf es bisher keine Antwort gibt<br><em>Rowohlt Verlag, Berlin 2007<\/em><\/p>\n\n\n\n<hr class=\"wp-block-separator has-css-opacity is-style-default\"\/>\n\n\n\n<p><em>erstellt von Renald Deppe<\/em><\/p>","protected":false},"excerpt":{"rendered":"","protected":false},"author":2,"featured_media":2461,"comment_status":"closed","ping_status":"closed","sticky":false,"template":"","format":"standard","meta":{"footnotes":""},"categories":[15,17,19],"tags":[],"class_list":["post-2489","post","type-post","status-publish","format-standard","has-post-thumbnail","hentry","category-ab-und-zu-stand","category-projekte","category-vergangene-projekte","generate-columns","tablet-grid-50","mobile-grid-100","grid-parent","grid-25","no-featured-image-padding"],"_links":{"self":[{"href":"https:\/\/www.raetia.net\/it\/wp-json\/wp\/v2\/posts\/2489","targetHints":{"allow":["GET"]}}],"collection":[{"href":"https:\/\/www.raetia.net\/it\/wp-json\/wp\/v2\/posts"}],"about":[{"href":"https:\/\/www.raetia.net\/it\/wp-json\/wp\/v2\/types\/post"}],"author":[{"embeddable":true,"href":"https:\/\/www.raetia.net\/it\/wp-json\/wp\/v2\/users\/2"}],"replies":[{"embeddable":true,"href":"https:\/\/www.raetia.net\/it\/wp-json\/wp\/v2\/comments?post=2489"}],"version-history":[{"count":13,"href":"https:\/\/www.raetia.net\/it\/wp-json\/wp\/v2\/posts\/2489\/revisions"}],"predecessor-version":[{"id":5978,"href":"https:\/\/www.raetia.net\/it\/wp-json\/wp\/v2\/posts\/2489\/revisions\/5978"}],"wp:featuredmedia":[{"embeddable":true,"href":"https:\/\/www.raetia.net\/it\/wp-json\/wp\/v2\/media\/2461"}],"wp:attachment":[{"href":"https:\/\/www.raetia.net\/it\/wp-json\/wp\/v2\/media?parent=2489"}],"wp:term":[{"taxonomy":"category","embeddable":true,"href":"https:\/\/www.raetia.net\/it\/wp-json\/wp\/v2\/categories?post=2489"},{"taxonomy":"post_tag","embeddable":true,"href":"https:\/\/www.raetia.net\/it\/wp-json\/wp\/v2\/tags?post=2489"}],"curies":[{"name":"wp","href":"https:\/\/api.w.org\/{rel}","templated":true}]}}