{"id":2338,"date":"2023-01-10T20:00:00","date_gmt":"2023-01-10T19:00:00","guid":{"rendered":"https:\/\/www.raetia.net\/?p=2338"},"modified":"2024-07-09T07:04:37","modified_gmt":"2024-07-09T05:04:37","slug":"bilder-vom-lesen-vom-lesen-der-bilder","status":"publish","type":"post","link":"https:\/\/www.raetia.net\/it\/bilder-vom-lesen-vom-lesen-der-bilder\/","title":{"rendered":"Bilder vom Lesen &#8211; Vom Lesen der Bilder"},"content":{"rendered":"<p><strong>Prolog:<\/strong><\/p>\n\n\n\n<p>Lesen in Bildern.<br>Bilder als Zeichen.<br>Zeichen in Schriften.<br>Schriften zum Bild.<br>Bilder mit Zeichen.<br>Zeichen zum Lesen.<br>Lesen in Schriften.<br>Schriften zum Zeichen.<\/p>\n\n\n\n<p>Zeichen erkennen.<br>Bilder lesen.<br>Schriften betrachten.<\/p>\n\n\n\n<p>(mehr als) 52 Zeichen. Unverbessert.<br>(mehr als) 52 Bilder. Verschriftet.<br>(mehr als) 52 Schriften. Gezeichnet.<br>(mehr als) 52 Verortungen. Zum Betrachten.<br>(mehr als) 52 Perspektiven. Zum Lesen.<br>(mehr als) 52 Spuren. Zur Verbesserung der Lage.<\/p>\n\n\n\n<p>(Renald Deppe)<\/p>\n\n\n\n<hr class=\"wp-block-separator has-css-opacity\"\/>\n\n\n\n<div class=\"wp-block-columns alignwide is-layout-flex wp-container-core-columns-is-layout-9d6595d7 wp-block-columns-is-layout-flex\">\n<div class=\"wp-block-column is-layout-flow wp-block-column-is-layout-flow\" style=\"flex-basis:50%\">\n<figure class=\"wp-block-image size-full\"><img loading=\"lazy\" decoding=\"async\" width=\"609\" height=\"499\" src=\"https:\/\/www.raetia.net\/wp-content\/uploads\/Pablo-Picasso-Die-Lektuere-1953.jpg\" alt=\"\" class=\"wp-image-2339\" srcset=\"https:\/\/www.raetia.net\/wp-content\/uploads\/Pablo-Picasso-Die-Lektuere-1953.jpg 609w, https:\/\/www.raetia.net\/wp-content\/uploads\/Pablo-Picasso-Die-Lektuere-1953-400x328.jpg 400w, https:\/\/www.raetia.net\/wp-content\/uploads\/Pablo-Picasso-Die-Lektuere-1953-15x12.jpg 15w\" sizes=\"auto, (max-width: 609px) 100vw, 609px\" \/><figcaption class=\"wp-element-caption\"><strong>Pablo Picasso &#8211; <\/strong>Die Lekt\u00fcre, 1953    <\/figcaption><\/figure>\n<\/div>\n\n\n\n<div class=\"wp-block-column is-layout-flow wp-block-column-is-layout-flow\" style=\"flex-basis:50%\">\n<p class=\"has-large-font-size\"><\/p>\n<\/div>\n<\/div>\n\n\n\n<hr class=\"wp-block-separator has-css-opacity is-style-dots\"\/>\n\n\n\n<div class=\"wp-block-columns alignwide are-vertically-aligned-top is-layout-flex wp-container-core-columns-is-layout-9d6595d7 wp-block-columns-is-layout-flex\">\n<div class=\"wp-block-column is-layout-flow wp-block-column-is-layout-flow\" style=\"flex-basis:50%\">\n<figure class=\"wp-block-image\"><img loading=\"lazy\" decoding=\"async\" width=\"609\" height=\"532\" src=\"https:\/\/www.raetia.net\/wp-content\/uploads\/Jean-Etienne-Liotard.jpg\" alt=\"\" class=\"wp-image-2340\" srcset=\"https:\/\/www.raetia.net\/wp-content\/uploads\/Jean-Etienne-Liotard.jpg 609w, https:\/\/www.raetia.net\/wp-content\/uploads\/Jean-Etienne-Liotard-400x349.jpg 400w, https:\/\/www.raetia.net\/wp-content\/uploads\/Jean-Etienne-Liotard-14x12.jpg 14w\" sizes=\"auto, (max-width: 609px) 100vw, 609px\" \/><figcaption class=\"wp-element-caption\"><strong><strong>Jean-Etienne Liotard<\/strong> &#8211; <\/strong>Leserin im orientalischen Gewand, 1748\/52 <\/figcaption><\/figure>\n<\/div>\n\n\n\n<div class=\"wp-block-column is-layout-flow wp-block-column-is-layout-flow\" style=\"flex-basis:50%\">\n<p class=\"has-large-font-size\"><\/p>\n<\/div>\n<\/div>\n\n\n\n<hr class=\"wp-block-separator has-css-opacity is-style-dots\"\/>\n\n\n\n<div class=\"wp-block-columns alignwide are-vertically-aligned-top is-layout-flex wp-container-core-columns-is-layout-9d6595d7 wp-block-columns-is-layout-flex\">\n<div class=\"wp-block-column is-layout-flow wp-block-column-is-layout-flow\" style=\"flex-basis:50%\">\n<figure class=\"wp-block-image\"><img loading=\"lazy\" decoding=\"async\" width=\"609\" height=\"361\" src=\"https:\/\/www.raetia.net\/wp-content\/uploads\/Daniel-Chodowiecki.jpg\" alt=\"\" class=\"wp-image-2341\" srcset=\"https:\/\/www.raetia.net\/wp-content\/uploads\/Daniel-Chodowiecki.jpg 609w, https:\/\/www.raetia.net\/wp-content\/uploads\/Daniel-Chodowiecki-400x237.jpg 400w, https:\/\/www.raetia.net\/wp-content\/uploads\/Daniel-Chodowiecki-18x12.jpg 18w\" sizes=\"auto, (max-width: 609px) 100vw, 609px\" \/><figcaption class=\"wp-element-caption\"><strong><strong>Daniel Chodowiecki<\/strong><\/strong> &#8211; Das lesende Kind, 1764 <\/figcaption><\/figure>\n<\/div>\n\n\n\n<div class=\"wp-block-column is-layout-flow wp-block-column-is-layout-flow\" style=\"flex-basis:50%\">\n<p class=\"has-large-font-size\"><\/p>\n<\/div>\n<\/div>\n\n\n\n<hr class=\"wp-block-separator has-css-opacity is-style-dots\"\/>\n\n\n\n<div class=\"wp-block-columns alignwide are-vertically-aligned-top is-layout-flex wp-container-core-columns-is-layout-9d6595d7 wp-block-columns-is-layout-flex\">\n<div class=\"wp-block-column is-layout-flow wp-block-column-is-layout-flow\" style=\"flex-basis:50%\">\n<figure class=\"wp-block-image\"><img loading=\"lazy\" decoding=\"async\" width=\"609\" height=\"684\" src=\"https:\/\/www.raetia.net\/wp-content\/uploads\/Rosemarie-Trockel.jpg\" alt=\"\" class=\"wp-image-2343\" srcset=\"https:\/\/www.raetia.net\/wp-content\/uploads\/Rosemarie-Trockel.jpg 609w, https:\/\/www.raetia.net\/wp-content\/uploads\/Rosemarie-Trockel-356x400.jpg 356w, https:\/\/www.raetia.net\/wp-content\/uploads\/Rosemarie-Trockel-11x12.jpg 11w\" sizes=\"auto, (max-width: 609px) 100vw, 609px\" \/><figcaption class=\"wp-element-caption\"><strong><strong>Rosemarie Trockel<\/strong><\/strong> &#8211; Ohne Titel, 1983<\/figcaption><\/figure>\n<\/div>\n\n\n\n<div class=\"wp-block-column is-layout-flow wp-block-column-is-layout-flow\" style=\"flex-basis:50%\">\n<p class=\"has-large-font-size\"><\/p>\n<\/div>\n<\/div>\n\n\n\n<hr class=\"wp-block-separator has-css-opacity is-style-dots\"\/>\n\n\n\n<div class=\"wp-block-columns alignwide are-vertically-aligned-top is-layout-flex wp-container-core-columns-is-layout-9d6595d7 wp-block-columns-is-layout-flex\">\n<div class=\"wp-block-column is-layout-flow wp-block-column-is-layout-flow\" style=\"flex-basis:50%\">\n<figure class=\"wp-block-image\"><img loading=\"lazy\" decoding=\"async\" width=\"609\" height=\"786\" src=\"https:\/\/www.raetia.net\/wp-content\/uploads\/August-Macke.jpg\" alt=\"\" class=\"wp-image-2345\" srcset=\"https:\/\/www.raetia.net\/wp-content\/uploads\/August-Macke.jpg 609w, https:\/\/www.raetia.net\/wp-content\/uploads\/August-Macke-310x400.jpg 310w, https:\/\/www.raetia.net\/wp-content\/uploads\/August-Macke-9x12.jpg 9w\" sizes=\"auto, (max-width: 609px) 100vw, 609px\" \/><figcaption class=\"wp-element-caption\"><strong><strong><strong><strong>August Macke<\/strong><\/strong> &#8211; <\/strong><\/strong>Ottilie Macke mit gesenktem Blick, 1906 <strong> <\/strong><\/figcaption><\/figure>\n<\/div>\n\n\n\n<div class=\"wp-block-column is-layout-flow wp-block-column-is-layout-flow\" style=\"flex-basis:50%\">\n<p class=\"has-large-font-size\"><\/p>\n<\/div>\n<\/div>\n\n\n\n<hr class=\"wp-block-separator has-css-opacity is-style-dots\"\/>\n\n\n\n<div class=\"wp-block-columns alignwide are-vertically-aligned-top is-layout-flex wp-container-core-columns-is-layout-9d6595d7 wp-block-columns-is-layout-flex\">\n<div class=\"wp-block-column is-layout-flow wp-block-column-is-layout-flow\" style=\"flex-basis:50%\">\n<figure class=\"wp-block-image\"><img loading=\"lazy\" decoding=\"async\" width=\"609\" height=\"757\" src=\"https:\/\/www.raetia.net\/wp-content\/uploads\/Cy-Twombly.jpg\" alt=\"\" class=\"wp-image-2347\" srcset=\"https:\/\/www.raetia.net\/wp-content\/uploads\/Cy-Twombly.jpg 609w, https:\/\/www.raetia.net\/wp-content\/uploads\/Cy-Twombly-322x400.jpg 322w, https:\/\/www.raetia.net\/wp-content\/uploads\/Cy-Twombly-10x12.jpg 10w\" sizes=\"auto, (max-width: 609px) 100vw, 609px\" \/><figcaption class=\"wp-element-caption\"><strong><strong>Cy Twombly<\/strong><\/strong> &#8211; Six Latin Writers and Poets, 1975\/76 <\/figcaption><\/figure>\n<\/div>\n\n\n\n<div class=\"wp-block-column is-layout-flow wp-block-column-is-layout-flow\" style=\"flex-basis:50%\">\n<p class=\"has-large-font-size\"><\/p>\n<\/div>\n<\/div>\n\n\n\n<hr class=\"wp-block-separator has-css-opacity is-style-dots\"\/>\n\n\n\n<div class=\"wp-block-columns alignwide are-vertically-aligned-top is-layout-flex wp-container-core-columns-is-layout-9d6595d7 wp-block-columns-is-layout-flex\">\n<div class=\"wp-block-column is-layout-flow wp-block-column-is-layout-flow\" style=\"flex-basis:50%\">\n<figure class=\"wp-block-image\"><img loading=\"lazy\" decoding=\"async\" width=\"609\" height=\"490\" src=\"https:\/\/www.raetia.net\/wp-content\/uploads\/Paul-Klee.jpg\" alt=\"\" class=\"wp-image-2349\" srcset=\"https:\/\/www.raetia.net\/wp-content\/uploads\/Paul-Klee.jpg 609w, https:\/\/www.raetia.net\/wp-content\/uploads\/Paul-Klee-400x322.jpg 400w, https:\/\/www.raetia.net\/wp-content\/uploads\/Paul-Klee-15x12.jpg 15w\" sizes=\"auto, (max-width: 609px) 100vw, 609px\" \/><figcaption class=\"wp-element-caption\"><strong>Paul Klee<\/strong> &#8211; Das litterarische Klavier, 1918, 56<\/figcaption><\/figure>\n<\/div>\n\n\n\n<div class=\"wp-block-column is-layout-flow wp-block-column-is-layout-flow\" style=\"flex-basis:50%\">\n<p class=\"has-large-font-size\"><\/p>\n<\/div>\n<\/div>\n\n\n\n<hr class=\"wp-block-separator has-css-opacity is-style-dots\"\/>\n\n\n\n<div class=\"wp-block-columns alignwide are-vertically-aligned-top is-layout-flex wp-container-core-columns-is-layout-9d6595d7 wp-block-columns-is-layout-flex\">\n<div class=\"wp-block-column is-layout-flow wp-block-column-is-layout-flow\" style=\"flex-basis:50%\">\n<figure class=\"wp-block-image\"><img loading=\"lazy\" decoding=\"async\" width=\"609\" height=\"489\" src=\"https:\/\/www.raetia.net\/wp-content\/uploads\/Max-Liebermann.jpg\" alt=\"\" class=\"wp-image-2351\" srcset=\"https:\/\/www.raetia.net\/wp-content\/uploads\/Max-Liebermann.jpg 609w, https:\/\/www.raetia.net\/wp-content\/uploads\/Max-Liebermann-400x321.jpg 400w, https:\/\/www.raetia.net\/wp-content\/uploads\/Max-Liebermann-15x12.jpg 15w\" sizes=\"auto, (max-width: 609px) 100vw, 609px\" \/><figcaption class=\"wp-element-caption\"><strong>Max<\/strong> <strong><strong>Liebermann<\/strong><\/strong> &#8211; Ruhende, lesende Frau, 1897 <\/figcaption><\/figure>\n<\/div>\n\n\n\n<div class=\"wp-block-column is-layout-flow wp-block-column-is-layout-flow\" style=\"flex-basis:50%\">\n<p class=\"has-large-font-size\"><\/p>\n<\/div>\n<\/div>\n\n\n\n<hr class=\"wp-block-separator has-css-opacity is-style-dots\"\/>\n\n\n\n<div class=\"wp-block-columns alignwide are-vertically-aligned-top is-layout-flex wp-container-core-columns-is-layout-9d6595d7 wp-block-columns-is-layout-flex\">\n<div class=\"wp-block-column is-layout-flow wp-block-column-is-layout-flow\" style=\"flex-basis:50%\">\n<figure class=\"wp-block-image\"><img loading=\"lazy\" decoding=\"async\" width=\"609\" height=\"578\" src=\"https:\/\/www.raetia.net\/wp-content\/uploads\/Lovis-Corinth.jpg\" alt=\"\" class=\"wp-image-2352\" srcset=\"https:\/\/www.raetia.net\/wp-content\/uploads\/Lovis-Corinth.jpg 609w, https:\/\/www.raetia.net\/wp-content\/uploads\/Lovis-Corinth-400x380.jpg 400w, https:\/\/www.raetia.net\/wp-content\/uploads\/Lovis-Corinth-13x12.jpg 13w\" sizes=\"auto, (max-width: 609px) 100vw, 609px\" \/><figcaption class=\"wp-element-caption\"><strong><strong>Lovis Corinth<\/strong><\/strong> &#8211; Bildnis des Malers Benno Becker (Der Zeitungsleser), 1892 <\/figcaption><\/figure>\n<\/div>\n\n\n\n<div class=\"wp-block-column is-layout-flow wp-block-column-is-layout-flow\" style=\"flex-basis:50%\">\n<p class=\"has-large-font-size\"><\/p>\n<\/div>\n<\/div>\n\n\n\n<hr class=\"wp-block-separator has-css-opacity is-style-dots\"\/>\n\n\n\n<div class=\"wp-block-columns alignwide are-vertically-aligned-top is-layout-flex wp-container-core-columns-is-layout-9d6595d7 wp-block-columns-is-layout-flex\">\n<div class=\"wp-block-column is-layout-flow wp-block-column-is-layout-flow\" style=\"flex-basis:50%\">\n<figure class=\"wp-block-image\"><img loading=\"lazy\" decoding=\"async\" width=\"609\" height=\"791\" src=\"https:\/\/www.raetia.net\/wp-content\/uploads\/Alberto-Giacometti.jpg\" alt=\"\" class=\"wp-image-2354\" srcset=\"https:\/\/www.raetia.net\/wp-content\/uploads\/Alberto-Giacometti.jpg 609w, https:\/\/www.raetia.net\/wp-content\/uploads\/Alberto-Giacometti-308x400.jpg 308w, https:\/\/www.raetia.net\/wp-content\/uploads\/Alberto-Giacometti-9x12.jpg 9w\" sizes=\"auto, (max-width: 609px) 100vw, 609px\" \/><figcaption class=\"wp-element-caption\"><strong><strong>Alberto Giacometti<\/strong><\/strong> &#8211; o. T., 1 <\/figcaption><\/figure>\n<\/div>\n\n\n\n<div class=\"wp-block-column is-layout-flow wp-block-column-is-layout-flow\" style=\"flex-basis:50%\">\n<p class=\"has-large-font-size\"><\/p>\n<\/div>\n<\/div>\n\n\n\n<hr class=\"wp-block-separator has-css-opacity is-style-dots\"\/>\n\n\n\n<div class=\"wp-block-columns alignwide are-vertically-aligned-top is-layout-flex wp-container-core-columns-is-layout-9d6595d7 wp-block-columns-is-layout-flex\">\n<div class=\"wp-block-column is-layout-flow wp-block-column-is-layout-flow\" style=\"flex-basis:50%\">\n<figure class=\"wp-block-image\"><img loading=\"lazy\" decoding=\"async\" width=\"609\" height=\"846\" src=\"https:\/\/www.raetia.net\/wp-content\/uploads\/Henri-Matisse.jpg\" alt=\"\" class=\"wp-image-2356\" srcset=\"https:\/\/www.raetia.net\/wp-content\/uploads\/Henri-Matisse.jpg 609w, https:\/\/www.raetia.net\/wp-content\/uploads\/Henri-Matisse-288x400.jpg 288w, https:\/\/www.raetia.net\/wp-content\/uploads\/Henri-Matisse-9x12.jpg 9w\" sizes=\"auto, (max-width: 609px) 100vw, 609px\" \/><figcaption class=\"wp-element-caption\"><strong>Henri Matisse<\/strong> &#8211; Figure lisant, 1929<\/figcaption><\/figure>\n<\/div>\n\n\n\n<div class=\"wp-block-column is-layout-flow wp-block-column-is-layout-flow\" style=\"flex-basis:50%\">\n<p class=\"has-large-font-size\"><\/p>\n<\/div>\n<\/div>\n\n\n\n<hr class=\"wp-block-separator has-css-opacity is-style-dots\"\/>\n\n\n\n<div class=\"wp-block-columns alignwide are-vertically-aligned-top is-layout-flex wp-container-core-columns-is-layout-9d6595d7 wp-block-columns-is-layout-flex\">\n<div class=\"wp-block-column is-layout-flow wp-block-column-is-layout-flow\" style=\"flex-basis:50%\">\n<figure class=\"wp-block-image\"><img loading=\"lazy\" decoding=\"async\" width=\"609\" height=\"702\" src=\"https:\/\/www.raetia.net\/wp-content\/uploads\/Erich-Schoenfeld.jpg\" alt=\"\" class=\"wp-image-2358\" srcset=\"https:\/\/www.raetia.net\/wp-content\/uploads\/Erich-Schoenfeld.jpg 609w, https:\/\/www.raetia.net\/wp-content\/uploads\/Erich-Schoenfeld-347x400.jpg 347w, https:\/\/www.raetia.net\/wp-content\/uploads\/Erich-Schoenfeld-10x12.jpg 10w\" sizes=\"auto, (max-width: 609px) 100vw, 609px\" \/><figcaption class=\"wp-element-caption\"><strong><strong>Erich Sch\u00f6nfeld<\/strong><\/strong> &#8211; Meine Mutter, 1924<\/figcaption><\/figure>\n<\/div>\n\n\n\n<div class=\"wp-block-column is-layout-flow wp-block-column-is-layout-flow\" style=\"flex-basis:50%\">\n<p class=\"has-large-font-size\"><\/p>\n<\/div>\n<\/div>\n\n\n\n<hr class=\"wp-block-separator has-css-opacity is-style-dots\"\/>\n\n\n\n<div class=\"wp-block-columns alignwide is-layout-flex wp-container-core-columns-is-layout-9d6595d7 wp-block-columns-is-layout-flex\">\n<div class=\"wp-block-column is-layout-flow wp-block-column-is-layout-flow\" style=\"flex-basis:50%\">\n<figure class=\"wp-block-image\"><img loading=\"lazy\" decoding=\"async\" width=\"609\" height=\"612\" src=\"https:\/\/www.raetia.net\/wp-content\/uploads\/Paul-Kleinschmidt.jpg\" alt=\"\" class=\"wp-image-2360\" srcset=\"https:\/\/www.raetia.net\/wp-content\/uploads\/Paul-Kleinschmidt.jpg 609w, https:\/\/www.raetia.net\/wp-content\/uploads\/Paul-Kleinschmidt-398x400.jpg 398w, https:\/\/www.raetia.net\/wp-content\/uploads\/Paul-Kleinschmidt-235x235.jpg 235w, https:\/\/www.raetia.net\/wp-content\/uploads\/Paul-Kleinschmidt-12x12.jpg 12w\" sizes=\"auto, (max-width: 609px) 100vw, 609px\" \/><figcaption class=\"wp-element-caption\"><strong><strong>Paul Kleinschmidt<\/strong><\/strong> &#8211; Lesende, 1923 <\/figcaption><\/figure>\n<\/div>\n\n\n\n<div class=\"wp-block-column is-layout-flow wp-block-column-is-layout-flow\" style=\"flex-basis:50%\">\n<p class=\"has-large-font-size\"><\/p>\n<\/div>\n<\/div>\n\n\n\n<hr class=\"wp-block-separator has-css-opacity is-style-dots\"\/>\n\n\n\n<div class=\"wp-block-columns alignwide is-layout-flex wp-container-core-columns-is-layout-9d6595d7 wp-block-columns-is-layout-flex\">\n<div class=\"wp-block-column is-layout-flow wp-block-column-is-layout-flow\" style=\"flex-basis:50%\">\n<figure class=\"wp-block-image\"><img loading=\"lazy\" decoding=\"async\" width=\"609\" height=\"633\" src=\"https:\/\/www.raetia.net\/wp-content\/uploads\/Emil-Orlik.jpg\" alt=\"\" class=\"wp-image-2365\" srcset=\"https:\/\/www.raetia.net\/wp-content\/uploads\/Emil-Orlik.jpg 609w, https:\/\/www.raetia.net\/wp-content\/uploads\/Emil-Orlik-385x400.jpg 385w, https:\/\/www.raetia.net\/wp-content\/uploads\/Emil-Orlik-12x12.jpg 12w\" sizes=\"auto, (max-width: 609px) 100vw, 609px\" \/><figcaption class=\"wp-element-caption\"><strong>Emil Orlik &#8211;<\/strong>  Studie einer lesenden jungen Frau, o. J. <\/figcaption><\/figure>\n<\/div>\n\n\n\n<div class=\"wp-block-column is-layout-flow wp-block-column-is-layout-flow\" style=\"flex-basis:50%\">\n<p class=\"has-large-font-size\"><\/p>\n<\/div>\n<\/div>\n\n\n\n<hr class=\"wp-block-separator has-css-opacity is-style-dots\"\/>\n\n\n\n<div class=\"wp-block-columns alignwide is-layout-flex wp-container-core-columns-is-layout-9d6595d7 wp-block-columns-is-layout-flex\">\n<div class=\"wp-block-column is-layout-flow wp-block-column-is-layout-flow\" style=\"flex-basis:50%\">\n<figure class=\"wp-block-image\"><img loading=\"lazy\" decoding=\"async\" width=\"609\" height=\"560\" src=\"https:\/\/www.raetia.net\/wp-content\/uploads\/Pierre-Klossowski.jpg\" alt=\"\" class=\"wp-image-2366\" srcset=\"https:\/\/www.raetia.net\/wp-content\/uploads\/Pierre-Klossowski.jpg 609w, https:\/\/www.raetia.net\/wp-content\/uploads\/Pierre-Klossowski-400x368.jpg 400w, https:\/\/www.raetia.net\/wp-content\/uploads\/Pierre-Klossowski-13x12.jpg 13w\" sizes=\"auto, (max-width: 609px) 100vw, 609px\" \/><figcaption class=\"wp-element-caption\"><strong>Pierre Klossowski<\/strong> &#8211; Roland Barthes (lesend), 1960<\/figcaption><\/figure>\n<\/div>\n\n\n\n<div class=\"wp-block-column is-layout-flow wp-block-column-is-layout-flow\" style=\"flex-basis:50%\">\n<p class=\"has-large-font-size\"><\/p>\n<\/div>\n<\/div>\n\n\n\n<hr class=\"wp-block-separator has-css-opacity is-style-dots\"\/>\n\n\n\n<div class=\"wp-block-columns alignwide is-layout-flex wp-container-core-columns-is-layout-9d6595d7 wp-block-columns-is-layout-flex\">\n<div class=\"wp-block-column is-layout-flow wp-block-column-is-layout-flow\" style=\"flex-basis:50%\">\n<figure class=\"wp-block-image\"><img loading=\"lazy\" decoding=\"async\" width=\"609\" height=\"601\" src=\"https:\/\/www.raetia.net\/wp-content\/uploads\/Albert-Marquet-1.jpg\" alt=\"\" class=\"wp-image-2368\" srcset=\"https:\/\/www.raetia.net\/wp-content\/uploads\/Albert-Marquet-1.jpg 609w, https:\/\/www.raetia.net\/wp-content\/uploads\/Albert-Marquet-1-400x395.jpg 400w, https:\/\/www.raetia.net\/wp-content\/uploads\/Albert-Marquet-1-12x12.jpg 12w\" sizes=\"auto, (max-width: 609px) 100vw, 609px\" \/><figcaption class=\"wp-element-caption\"><strong>Albert Marquet<\/strong> &#8211; Pierre Bonnard, um 1912 <\/figcaption><\/figure>\n<\/div>\n\n\n\n<div class=\"wp-block-column is-layout-flow wp-block-column-is-layout-flow\" style=\"flex-basis:50%\">\n<p class=\"has-large-font-size\"><\/p>\n<\/div>\n<\/div>\n\n\n\n<hr class=\"wp-block-separator has-css-opacity is-style-dots\"\/>\n\n\n\n<div class=\"wp-block-columns alignwide is-layout-flex wp-container-core-columns-is-layout-9d6595d7 wp-block-columns-is-layout-flex\">\n<div class=\"wp-block-column is-layout-flow wp-block-column-is-layout-flow\" style=\"flex-basis:50%\">\n<figure class=\"wp-block-image\"><img loading=\"lazy\" decoding=\"async\" width=\"609\" height=\"474\" src=\"https:\/\/www.raetia.net\/wp-content\/uploads\/Gabriele-Muenter.jpg\" alt=\"\" class=\"wp-image-2369\" srcset=\"https:\/\/www.raetia.net\/wp-content\/uploads\/Gabriele-Muenter.jpg 609w, https:\/\/www.raetia.net\/wp-content\/uploads\/Gabriele-Muenter-400x311.jpg 400w, https:\/\/www.raetia.net\/wp-content\/uploads\/Gabriele-Muenter-15x12.jpg 15w\" sizes=\"auto, (max-width: 609px) 100vw, 609px\" \/><figcaption class=\"wp-element-caption\"><strong> Gabriele M\u00fcnter<\/strong> &#8211; Der Brief (Lesende), um 1927 <\/figcaption><\/figure>\n<\/div>\n\n\n\n<div class=\"wp-block-column is-layout-flow wp-block-column-is-layout-flow\" style=\"flex-basis:50%\">\n<p class=\"has-large-font-size\"><\/p>\n<\/div>\n<\/div>\n\n\n\n<hr class=\"wp-block-separator has-css-opacity is-style-dots\"\/>\n\n\n\n<div class=\"wp-block-columns alignwide is-layout-flex wp-container-core-columns-is-layout-9d6595d7 wp-block-columns-is-layout-flex\">\n<div class=\"wp-block-column is-layout-flow wp-block-column-is-layout-flow\" style=\"flex-basis:50%\">\n<figure class=\"wp-block-image\"><img loading=\"lazy\" decoding=\"async\" width=\"609\" height=\"732\" src=\"https:\/\/www.raetia.net\/wp-content\/uploads\/Karl-Hofer.jpg\" alt=\"\" class=\"wp-image-2380\" srcset=\"https:\/\/www.raetia.net\/wp-content\/uploads\/Karl-Hofer.jpg 609w, https:\/\/www.raetia.net\/wp-content\/uploads\/Karl-Hofer-333x400.jpg 333w, https:\/\/www.raetia.net\/wp-content\/uploads\/Karl-Hofer-10x12.jpg 10w\" sizes=\"auto, (max-width: 609px) 100vw, 609px\" \/><figcaption class=\"wp-element-caption\"><strong>Karl Hofer<\/strong> &#8211; Lesendes M\u00e4dchen mit gelbem Hemd, 1930\/31<\/figcaption><\/figure>\n<\/div>\n\n\n\n<div class=\"wp-block-column is-layout-flow wp-block-column-is-layout-flow\" style=\"flex-basis:50%\">\n<p class=\"has-large-font-size\"><\/p>\n<\/div>\n<\/div>\n\n\n\n<hr class=\"wp-block-separator has-css-opacity is-style-dots\"\/>\n\n\n\n<div class=\"wp-block-columns alignwide is-layout-flex wp-container-core-columns-is-layout-9d6595d7 wp-block-columns-is-layout-flex\">\n<div class=\"wp-block-column is-layout-flow wp-block-column-is-layout-flow\" style=\"flex-basis:50%\">\n<figure class=\"wp-block-image\"><img loading=\"lazy\" decoding=\"async\" width=\"609\" height=\"837\" src=\"https:\/\/www.raetia.net\/wp-content\/uploads\/Erich-Heckel-1.jpg\" alt=\"\" class=\"wp-image-2384\" srcset=\"https:\/\/www.raetia.net\/wp-content\/uploads\/Erich-Heckel-1.jpg 609w, https:\/\/www.raetia.net\/wp-content\/uploads\/Erich-Heckel-1-291x400.jpg 291w, https:\/\/www.raetia.net\/wp-content\/uploads\/Erich-Heckel-1-9x12.jpg 9w\" sizes=\"auto, (max-width: 609px) 100vw, 609px\" \/><figcaption class=\"wp-element-caption\"><strong>Erich Heckel<\/strong> &#8211; Beim Vorlesen, 1914<\/figcaption><\/figure>\n<\/div>\n\n\n\n<div class=\"wp-block-column is-layout-flow wp-block-column-is-layout-flow\" style=\"flex-basis:50%\">\n<p class=\"has-large-font-size\"><\/p>\n<\/div>\n<\/div>\n\n\n\n<hr class=\"wp-block-separator has-css-opacity is-style-dots\"\/>\n\n\n\n<div class=\"wp-block-columns alignwide is-layout-flex wp-container-core-columns-is-layout-9d6595d7 wp-block-columns-is-layout-flex\">\n<div class=\"wp-block-column is-layout-flow wp-block-column-is-layout-flow\" style=\"flex-basis:50%\">\n<figure class=\"wp-block-image\"><img loading=\"lazy\" decoding=\"async\" width=\"609\" height=\"834\" src=\"https:\/\/www.raetia.net\/wp-content\/uploads\/Erich-Heckel-.jpg\" alt=\"\" class=\"wp-image-2387\" srcset=\"https:\/\/www.raetia.net\/wp-content\/uploads\/Erich-Heckel-.jpg 609w, https:\/\/www.raetia.net\/wp-content\/uploads\/Erich-Heckel--292x400.jpg 292w, https:\/\/www.raetia.net\/wp-content\/uploads\/Erich-Heckel--9x12.jpg 9w\" sizes=\"auto, (max-width: 609px) 100vw, 609px\" \/><figcaption class=\"wp-element-caption\"><strong>Erich Heckel<\/strong> &#8211; Beim Vorlesen, 1914<\/figcaption><\/figure>\n<\/div>\n\n\n\n<div class=\"wp-block-column is-layout-flow wp-block-column-is-layout-flow\" style=\"flex-basis:50%\">\n<p class=\"has-large-font-size\"><\/p>\n<\/div>\n<\/div>\n\n\n\n<hr class=\"wp-block-separator has-css-opacity is-style-dots\"\/>\n\n\n\n<div class=\"wp-block-columns alignwide is-layout-flex wp-container-core-columns-is-layout-9d6595d7 wp-block-columns-is-layout-flex\">\n<div class=\"wp-block-column is-layout-flow wp-block-column-is-layout-flow\" style=\"flex-basis:50%\">\n<figure class=\"wp-block-image\"><img loading=\"lazy\" decoding=\"async\" width=\"609\" height=\"806\" src=\"https:\/\/www.raetia.net\/wp-content\/uploads\/Karl-Schmidt-Rottluff.jpg\" alt=\"\" class=\"wp-image-2389\" srcset=\"https:\/\/www.raetia.net\/wp-content\/uploads\/Karl-Schmidt-Rottluff.jpg 609w, https:\/\/www.raetia.net\/wp-content\/uploads\/Karl-Schmidt-Rottluff-302x400.jpg 302w, https:\/\/www.raetia.net\/wp-content\/uploads\/Karl-Schmidt-Rottluff-9x12.jpg 9w\" sizes=\"auto, (max-width: 609px) 100vw, 609px\" \/><figcaption class=\"wp-element-caption\"><strong>Karl Schmidt-Rottluff<\/strong> &#8211; Lesender Mann (der ostdeutsche Dramatiker Alfred Brust), 1922<\/figcaption><\/figure>\n<\/div>\n\n\n\n<div class=\"wp-block-column is-layout-flow wp-block-column-is-layout-flow\" style=\"flex-basis:50%\">\n<p class=\"has-large-font-size\"><\/p>\n<\/div>\n<\/div>\n\n\n\n<hr class=\"wp-block-separator has-css-opacity is-style-dots\"\/>\n\n\n\n<div class=\"wp-block-columns alignwide is-layout-flex wp-container-core-columns-is-layout-9d6595d7 wp-block-columns-is-layout-flex\">\n<div class=\"wp-block-column is-layout-flow wp-block-column-is-layout-flow\" style=\"flex-basis:50%\">\n<figure class=\"wp-block-image\"><img loading=\"lazy\" decoding=\"async\" width=\"609\" height=\"684\" src=\"https:\/\/www.raetia.net\/wp-content\/uploads\/Lovis-Corinth-1.jpg\" alt=\"\" class=\"wp-image-2393\" srcset=\"https:\/\/www.raetia.net\/wp-content\/uploads\/Lovis-Corinth-1.jpg 609w, https:\/\/www.raetia.net\/wp-content\/uploads\/Lovis-Corinth-1-356x400.jpg 356w, https:\/\/www.raetia.net\/wp-content\/uploads\/Lovis-Corinth-1-11x12.jpg 11w\" sizes=\"auto, (max-width: 609px) 100vw, 609px\" \/><figcaption class=\"wp-element-caption\"><strong>Lovis Corinth<\/strong> &#8211; Charlotte Berend-Corinth lesend, um 1918<\/figcaption><\/figure>\n<\/div>\n\n\n\n<div class=\"wp-block-column is-layout-flow wp-block-column-is-layout-flow\" style=\"flex-basis:50%\">\n<p class=\"has-large-font-size\"><\/p>\n<\/div>\n<\/div>\n\n\n\n<hr class=\"wp-block-separator has-css-opacity is-style-dots\"\/>\n\n\n\n<div class=\"wp-block-columns alignwide is-layout-flex wp-container-core-columns-is-layout-9d6595d7 wp-block-columns-is-layout-flex\">\n<div class=\"wp-block-column is-layout-flow wp-block-column-is-layout-flow\" style=\"flex-basis:50%\">\n<figure class=\"wp-block-image\"><img loading=\"lazy\" decoding=\"async\" width=\"609\" height=\"516\" src=\"https:\/\/www.raetia.net\/wp-content\/uploads\/Emil-Nolde.jpg\" alt=\"\" class=\"wp-image-2396\" srcset=\"https:\/\/www.raetia.net\/wp-content\/uploads\/Emil-Nolde.jpg 609w, https:\/\/www.raetia.net\/wp-content\/uploads\/Emil-Nolde-400x339.jpg 400w, https:\/\/www.raetia.net\/wp-content\/uploads\/Emil-Nolde-14x12.jpg 14w\" sizes=\"auto, (max-width: 609px) 100vw, 609px\" \/><figcaption class=\"wp-element-caption\">E<strong>mil Nolde<\/strong> &#8211; Im Freien, 1908<\/figcaption><\/figure>\n<\/div>\n\n\n\n<div class=\"wp-block-column is-layout-flow wp-block-column-is-layout-flow\" style=\"flex-basis:50%\">\n<p class=\"has-large-font-size\"><\/p>\n<\/div>\n<\/div>\n\n\n\n<hr class=\"wp-block-separator has-css-opacity is-style-dots\"\/>\n\n\n\n<div class=\"wp-block-columns alignwide is-layout-flex wp-container-core-columns-is-layout-9d6595d7 wp-block-columns-is-layout-flex\">\n<div class=\"wp-block-column is-layout-flow wp-block-column-is-layout-flow\" style=\"flex-basis:50%\">\n<figure class=\"wp-block-image\"><img loading=\"lazy\" decoding=\"async\" width=\"609\" height=\"517\" src=\"https:\/\/www.raetia.net\/wp-content\/uploads\/Henri-Lebasque.jpg\" alt=\"\" class=\"wp-image-2397\" srcset=\"https:\/\/www.raetia.net\/wp-content\/uploads\/Henri-Lebasque.jpg 609w, https:\/\/www.raetia.net\/wp-content\/uploads\/Henri-Lebasque-400x340.jpg 400w, https:\/\/www.raetia.net\/wp-content\/uploads\/Henri-Lebasque-14x12.jpg 14w\" sizes=\"auto, (max-width: 609px) 100vw, 609px\" \/><figcaption class=\"wp-element-caption\">H<strong>enri Lebasque<\/strong> &#8211; Auf dem Rasen, o. J.<\/figcaption><\/figure>\n<\/div>\n\n\n\n<div class=\"wp-block-column is-layout-flow wp-block-column-is-layout-flow\" style=\"flex-basis:50%\">\n<p class=\"has-large-font-size\"><\/p>\n<\/div>\n<\/div>\n\n\n\n<hr class=\"wp-block-separator has-css-opacity is-style-dots\"\/>\n\n\n\n<div class=\"wp-block-columns alignwide is-layout-flex wp-container-core-columns-is-layout-9d6595d7 wp-block-columns-is-layout-flex\">\n<div class=\"wp-block-column is-layout-flow wp-block-column-is-layout-flow\" style=\"flex-basis:50%\">\n<figure class=\"wp-block-image is-resized\"><img loading=\"lazy\" decoding=\"async\" src=\"https:\/\/www.raetia.net\/wp-content\/uploads\/August-Macke-1.jpg\" alt=\"\" class=\"wp-image-2400\" width=\"533\" height=\"752\" srcset=\"https:\/\/www.raetia.net\/wp-content\/uploads\/August-Macke-1.jpg 609w, https:\/\/www.raetia.net\/wp-content\/uploads\/August-Macke-1-283x400.jpg 283w, https:\/\/www.raetia.net\/wp-content\/uploads\/August-Macke-1-8x12.jpg 8w\" sizes=\"auto, (max-width: 533px) 100vw, 533px\" \/><figcaption class=\"wp-element-caption\"><strong>August Macke<\/strong> &#8211; Bildnis Walter Gerhardt, lesend, 1907<\/figcaption><\/figure>\n<\/div>\n\n\n\n<div class=\"wp-block-column is-layout-flow wp-block-column-is-layout-flow\" style=\"flex-basis:50%\">\n<p class=\"has-large-font-size\"><\/p>\n<\/div>\n<\/div>\n\n\n\n<hr class=\"wp-block-separator has-css-opacity is-style-dots\"\/>\n\n\n\n<div class=\"wp-block-columns alignwide is-layout-flex wp-container-core-columns-is-layout-9d6595d7 wp-block-columns-is-layout-flex\">\n<div class=\"wp-block-column is-layout-flow wp-block-column-is-layout-flow\" style=\"flex-basis:50%\">\n<figure class=\"wp-block-image\"><img loading=\"lazy\" decoding=\"async\" width=\"609\" height=\"390\" src=\"https:\/\/www.raetia.net\/wp-content\/uploads\/Franz-Marc.jpg\" alt=\"\" class=\"wp-image-2403\" srcset=\"https:\/\/www.raetia.net\/wp-content\/uploads\/Franz-Marc.jpg 609w, https:\/\/www.raetia.net\/wp-content\/uploads\/Franz-Marc-400x256.jpg 400w, https:\/\/www.raetia.net\/wp-content\/uploads\/Franz-Marc-18x12.jpg 18w\" sizes=\"auto, (max-width: 609px) 100vw, 609px\" \/><figcaption class=\"wp-element-caption\"><strong>Franz Marc<\/strong> &#8211; Zwei Frauen am Berg, 1906<\/figcaption><\/figure>\n<\/div>\n\n\n\n<div class=\"wp-block-column is-layout-flow wp-block-column-is-layout-flow\" style=\"flex-basis:50%\">\n<p class=\"has-large-font-size\"><\/p>\n<\/div>\n<\/div>\n\n\n\n<hr class=\"wp-block-separator has-css-opacity is-style-dots\"\/>\n\n\n\n<div class=\"wp-block-columns alignwide is-layout-flex wp-container-core-columns-is-layout-9d6595d7 wp-block-columns-is-layout-flex\">\n<div class=\"wp-block-column is-layout-flow wp-block-column-is-layout-flow\" style=\"flex-basis:50%\">\n<figure class=\"wp-block-image is-resized\"><img loading=\"lazy\" decoding=\"async\" src=\"https:\/\/www.raetia.net\/wp-content\/uploads\/Auguste-Renoir.jpg\" alt=\"\" class=\"wp-image-2405\" width=\"533\" height=\"622\" srcset=\"https:\/\/www.raetia.net\/wp-content\/uploads\/Auguste-Renoir.jpg 609w, https:\/\/www.raetia.net\/wp-content\/uploads\/Auguste-Renoir-343x400.jpg 343w, https:\/\/www.raetia.net\/wp-content\/uploads\/Auguste-Renoir-10x12.jpg 10w\" sizes=\"auto, (max-width: 533px) 100vw, 533px\" \/><figcaption class=\"wp-element-caption\"><strong>Auguste Renoir<\/strong> &#8211; Lesendes M\u00e4dchen<\/figcaption><\/figure>\n<\/div>\n\n\n\n<div class=\"wp-block-column is-layout-flow wp-block-column-is-layout-flow\" style=\"flex-basis:50%\">\n<p class=\"has-large-font-size\"><\/p>\n<\/div>\n<\/div>\n\n\n\n<hr class=\"wp-block-separator has-css-opacity is-style-dots\"\/>\n\n\n\n<div class=\"wp-block-columns alignwide is-layout-flex wp-container-core-columns-is-layout-9d6595d7 wp-block-columns-is-layout-flex\">\n<div class=\"wp-block-column is-layout-flow wp-block-column-is-layout-flow\" style=\"flex-basis:50%\">\n<figure class=\"wp-block-image\"><img loading=\"lazy\" decoding=\"async\" width=\"609\" height=\"755\" src=\"https:\/\/www.raetia.net\/wp-content\/uploads\/Auguste-Renoir-1.jpg\" alt=\"\" class=\"wp-image-2407\" srcset=\"https:\/\/www.raetia.net\/wp-content\/uploads\/Auguste-Renoir-1.jpg 609w, https:\/\/www.raetia.net\/wp-content\/uploads\/Auguste-Renoir-1-323x400.jpg 323w, https:\/\/www.raetia.net\/wp-content\/uploads\/Auguste-Renoir-1-10x12.jpg 10w\" sizes=\"auto, (max-width: 609px) 100vw, 609px\" \/><figcaption class=\"wp-element-caption\"><strong>Auguste Renoir<\/strong> &#8211; Lesendes M\u00e4dchen, 1884<\/figcaption><\/figure>\n<\/div>\n\n\n\n<div class=\"wp-block-column is-layout-flow wp-block-column-is-layout-flow\" style=\"flex-basis:50%\">\n<p class=\"has-large-font-size\"><\/p>\n<\/div>\n<\/div>\n\n\n\n<hr class=\"wp-block-separator has-css-opacity is-style-dots\"\/>\n\n\n\n<div class=\"wp-block-columns alignwide is-layout-flex wp-container-core-columns-is-layout-9d6595d7 wp-block-columns-is-layout-flex\">\n<div class=\"wp-block-column is-layout-flow wp-block-column-is-layout-flow\" style=\"flex-basis:50%\">\n<figure class=\"wp-block-image\"><img loading=\"lazy\" decoding=\"async\" width=\"609\" height=\"792\" src=\"https:\/\/www.raetia.net\/wp-content\/uploads\/Edouard-Vuillard.jpg\" alt=\"\" class=\"wp-image-2410\" srcset=\"https:\/\/www.raetia.net\/wp-content\/uploads\/Edouard-Vuillard.jpg 609w, https:\/\/www.raetia.net\/wp-content\/uploads\/Edouard-Vuillard-308x400.jpg 308w, https:\/\/www.raetia.net\/wp-content\/uploads\/Edouard-Vuillard-9x12.jpg 9w\" sizes=\"auto, (max-width: 609px) 100vw, 609px\" \/><figcaption class=\"wp-element-caption\"><strong>Edouard Vuillard<\/strong> &#8211; Madame Vuillard lis\u00e1nt \u00e0 la lumi\u00e8re d\u2019une lampe, um 1916<\/figcaption><\/figure>\n<\/div>\n\n\n\n<div class=\"wp-block-column is-layout-flow wp-block-column-is-layout-flow\" style=\"flex-basis:50%\">\n<p class=\"has-large-font-size\"><\/p>\n<\/div>\n<\/div>\n\n\n\n<hr class=\"wp-block-separator has-css-opacity is-style-dots\"\/>\n\n\n\n<div class=\"wp-block-columns alignwide is-layout-flex wp-container-core-columns-is-layout-9d6595d7 wp-block-columns-is-layout-flex\">\n<div class=\"wp-block-column is-layout-flow wp-block-column-is-layout-flow\" style=\"flex-basis:50%\">\n<figure class=\"wp-block-image\"><img loading=\"lazy\" decoding=\"async\" width=\"609\" height=\"792\" src=\"https:\/\/www.raetia.net\/wp-content\/uploads\/Edouard-Vuillard-1.jpg\" alt=\"\" class=\"wp-image-2413\" srcset=\"https:\/\/www.raetia.net\/wp-content\/uploads\/Edouard-Vuillard-1.jpg 609w, https:\/\/www.raetia.net\/wp-content\/uploads\/Edouard-Vuillard-1-308x400.jpg 308w, https:\/\/www.raetia.net\/wp-content\/uploads\/Edouard-Vuillard-1-9x12.jpg 9w\" sizes=\"auto, (max-width: 609px) 100vw, 609px\" \/><figcaption class=\"wp-element-caption\"><strong>Edouard Vuillard<\/strong> &#8211; Titelblatt zu<em> Paysages et interieurs<\/em>, um 1899<\/figcaption><\/figure>\n<\/div>\n\n\n\n<div class=\"wp-block-column is-layout-flow wp-block-column-is-layout-flow\" style=\"flex-basis:50%\">\n<p class=\"has-large-font-size\"><\/p>\n<\/div>\n<\/div>\n\n\n\n<hr class=\"wp-block-separator has-css-opacity is-style-dots\"\/>\n\n\n\n<div class=\"wp-block-columns alignwide is-layout-flex wp-container-core-columns-is-layout-9d6595d7 wp-block-columns-is-layout-flex\">\n<div class=\"wp-block-column is-layout-flow wp-block-column-is-layout-flow\" style=\"flex-basis:50%\">\n<figure class=\"wp-block-image\"><img loading=\"lazy\" decoding=\"async\" width=\"609\" height=\"782\" src=\"https:\/\/www.raetia.net\/wp-content\/uploads\/Adolph-Menzel.jpg\" alt=\"\" class=\"wp-image-2416\" srcset=\"https:\/\/www.raetia.net\/wp-content\/uploads\/Adolph-Menzel.jpg 609w, https:\/\/www.raetia.net\/wp-content\/uploads\/Adolph-Menzel-312x400.jpg 312w, https:\/\/www.raetia.net\/wp-content\/uploads\/Adolph-Menzel-9x12.jpg 9w\" sizes=\"auto, (max-width: 609px) 100vw, 609px\" \/><figcaption class=\"wp-element-caption\"><strong>Adolph Menzel<\/strong> &#8211; Die Zeitungsleserin, 1886<\/figcaption><\/figure>\n<\/div>\n\n\n\n<div class=\"wp-block-column is-layout-flow wp-block-column-is-layout-flow\" style=\"flex-basis:50%\">\n<p class=\"has-large-font-size\"><\/p>\n<\/div>\n<\/div>\n\n\n\n<hr class=\"wp-block-separator has-css-opacity is-style-dots\"\/>\n\n\n\n<div class=\"wp-block-columns alignwide is-layout-flex wp-container-core-columns-is-layout-9d6595d7 wp-block-columns-is-layout-flex\">\n<div class=\"wp-block-column is-layout-flow wp-block-column-is-layout-flow\" style=\"flex-basis:50%\">\n<figure class=\"wp-block-image\"><img loading=\"lazy\" decoding=\"async\" width=\"609\" height=\"750\" src=\"https:\/\/www.raetia.net\/wp-content\/uploads\/Adolph-Menzel2.jpg\" alt=\"\" class=\"wp-image-2418\" srcset=\"https:\/\/www.raetia.net\/wp-content\/uploads\/Adolph-Menzel2.jpg 609w, https:\/\/www.raetia.net\/wp-content\/uploads\/Adolph-Menzel2-325x400.jpg 325w, https:\/\/www.raetia.net\/wp-content\/uploads\/Adolph-Menzel2-10x12.jpg 10w\" sizes=\"auto, (max-width: 609px) 100vw, 609px\" \/><figcaption class=\"wp-element-caption\"><strong>Adolph Menzel<\/strong> &#8211; Lesender Mann, um 1850<\/figcaption><\/figure>\n<\/div>\n\n\n\n<div class=\"wp-block-column is-layout-flow wp-block-column-is-layout-flow\" style=\"flex-basis:50%\">\n<p class=\"has-large-font-size\"><\/p>\n<\/div>\n<\/div>\n\n\n\n<hr class=\"wp-block-separator has-css-opacity is-style-dots\"\/>\n\n\n\n<div class=\"wp-block-columns alignwide is-layout-flex wp-container-core-columns-is-layout-9d6595d7 wp-block-columns-is-layout-flex\">\n<div class=\"wp-block-column is-layout-flow wp-block-column-is-layout-flow\" style=\"flex-basis:50%\">\n<figure class=\"wp-block-image\"><img loading=\"lazy\" decoding=\"async\" width=\"609\" height=\"782\" src=\"https:\/\/www.raetia.net\/wp-content\/uploads\/Pablo-Picasso2.jpg\" alt=\"\" class=\"wp-image-2422\" srcset=\"https:\/\/www.raetia.net\/wp-content\/uploads\/Pablo-Picasso2.jpg 609w, https:\/\/www.raetia.net\/wp-content\/uploads\/Pablo-Picasso2-312x400.jpg 312w, https:\/\/www.raetia.net\/wp-content\/uploads\/Pablo-Picasso2-9x12.jpg 9w\" sizes=\"auto, (max-width: 609px) 100vw, 609px\" \/><figcaption class=\"wp-element-caption\"><strong>Pablo Picasso<\/strong> &#8211; Jaqueline lisant, 1958<\/figcaption><\/figure>\n<\/div>\n\n\n\n<div class=\"wp-block-column is-layout-flow wp-block-column-is-layout-flow\" style=\"flex-basis:50%\">\n<p class=\"has-large-font-size\"><\/p>\n<\/div>\n<\/div>\n\n\n\n<hr class=\"wp-block-separator has-css-opacity is-style-dots\"\/>\n\n\n\n<div class=\"wp-block-columns alignwide is-layout-flex wp-container-core-columns-is-layout-9d6595d7 wp-block-columns-is-layout-flex\">\n<div class=\"wp-block-column is-layout-flow wp-block-column-is-layout-flow\" style=\"flex-basis:50%\">\n<figure class=\"wp-block-image is-resized\"><img loading=\"lazy\" decoding=\"async\" src=\"https:\/\/www.raetia.net\/wp-content\/uploads\/Max-Beckmann.jpg\" alt=\"\" class=\"wp-image-2424\" width=\"533\" height=\"450\" srcset=\"https:\/\/www.raetia.net\/wp-content\/uploads\/Max-Beckmann.jpg 609w, https:\/\/www.raetia.net\/wp-content\/uploads\/Max-Beckmann-400x338.jpg 400w, https:\/\/www.raetia.net\/wp-content\/uploads\/Max-Beckmann-14x12.jpg 14w\" sizes=\"auto, (max-width: 533px) 100vw, 533px\" \/><figcaption class=\"wp-element-caption\"><strong>Max Beckmann<\/strong> &#8211; Sitzende junge Frau nach links, lesend, 1947<\/figcaption><\/figure>\n<\/div>\n\n\n\n<div class=\"wp-block-column is-layout-flow wp-block-column-is-layout-flow\" style=\"flex-basis:50%\">\n<p class=\"has-large-font-size\"><\/p>\n<\/div>\n<\/div>\n\n\n\n<hr class=\"wp-block-separator has-css-opacity is-style-dots\"\/>\n\n\n\n<div class=\"wp-block-columns alignwide is-layout-flex wp-container-core-columns-is-layout-9d6595d7 wp-block-columns-is-layout-flex\">\n<div class=\"wp-block-column is-layout-flow wp-block-column-is-layout-flow\" style=\"flex-basis:50%\">\n<figure class=\"wp-block-image\"><img loading=\"lazy\" decoding=\"async\" width=\"609\" height=\"436\" src=\"https:\/\/www.raetia.net\/wp-content\/uploads\/Max-Beckmann2.jpg\" alt=\"\" class=\"wp-image-2427\" srcset=\"https:\/\/www.raetia.net\/wp-content\/uploads\/Max-Beckmann2.jpg 609w, https:\/\/www.raetia.net\/wp-content\/uploads\/Max-Beckmann2-400x286.jpg 400w, https:\/\/www.raetia.net\/wp-content\/uploads\/Max-Beckmann2-18x12.jpg 18w\" sizes=\"auto, (max-width: 609px) 100vw, 609px\" \/><figcaption class=\"wp-element-caption\"><strong>Max Beckmann<\/strong> &#8211; Zwei lesende M\u00e4dchen, um 1935<\/figcaption><\/figure>\n<\/div>\n\n\n\n<div class=\"wp-block-column is-layout-flow wp-block-column-is-layout-flow\" style=\"flex-basis:50%\">\n<p class=\"has-large-font-size\"><\/p>\n<\/div>\n<\/div>\n\n\n\n<hr class=\"wp-block-separator has-css-opacity is-style-dots\"\/>\n\n\n\n<div class=\"wp-block-columns alignwide is-layout-flex wp-container-core-columns-is-layout-9d6595d7 wp-block-columns-is-layout-flex\">\n<div class=\"wp-block-column is-layout-flow wp-block-column-is-layout-flow\" style=\"flex-basis:50%\">\n<figure class=\"wp-block-image\"><img loading=\"lazy\" decoding=\"async\" width=\"609\" height=\"757\" src=\"https:\/\/www.raetia.net\/wp-content\/uploads\/Ernst-Ludwig-Kirchner.jpg\" alt=\"\" class=\"wp-image-2431\" srcset=\"https:\/\/www.raetia.net\/wp-content\/uploads\/Ernst-Ludwig-Kirchner.jpg 609w, https:\/\/www.raetia.net\/wp-content\/uploads\/Ernst-Ludwig-Kirchner-322x400.jpg 322w, https:\/\/www.raetia.net\/wp-content\/uploads\/Ernst-Ludwig-Kirchner-10x12.jpg 10w\" sizes=\"auto, (max-width: 609px) 100vw, 609px\" \/><figcaption class=\"wp-element-caption\"><strong>Ernst Ludwig Kirchner<\/strong> &#8211; Heckel im Atelier von Kirchner, 1911<\/figcaption><\/figure>\n<\/div>\n\n\n\n<div class=\"wp-block-column is-layout-flow wp-block-column-is-layout-flow\" style=\"flex-basis:50%\">\n<p class=\"has-large-font-size\"><\/p>\n<\/div>\n<\/div>\n\n\n\n<hr class=\"wp-block-separator has-css-opacity is-style-dots\"\/>\n\n\n\n<div class=\"wp-block-columns alignwide is-layout-flex wp-container-core-columns-is-layout-9d6595d7 wp-block-columns-is-layout-flex\">\n<div class=\"wp-block-column is-layout-flow wp-block-column-is-layout-flow\" style=\"flex-basis:50%\">\n<figure class=\"wp-block-image\"><img loading=\"lazy\" decoding=\"async\" width=\"609\" height=\"657\" src=\"https:\/\/www.raetia.net\/wp-content\/uploads\/Erich-Heckel3.jpg\" alt=\"\" class=\"wp-image-2434\" srcset=\"https:\/\/www.raetia.net\/wp-content\/uploads\/Erich-Heckel3.jpg 609w, https:\/\/www.raetia.net\/wp-content\/uploads\/Erich-Heckel3-371x400.jpg 371w, https:\/\/www.raetia.net\/wp-content\/uploads\/Erich-Heckel3-11x12.jpg 11w\" sizes=\"auto, (max-width: 609px) 100vw, 609px\" \/><figcaption class=\"wp-element-caption\"><strong>Erich Heckel<\/strong> &#8211; Lesende, 1911<\/figcaption><\/figure>\n<\/div>\n\n\n\n<div class=\"wp-block-column is-layout-flow wp-block-column-is-layout-flow\" style=\"flex-basis:50%\">\n<p class=\"has-large-font-size\"><\/p>\n<\/div>\n<\/div>\n\n\n\n<hr class=\"wp-block-separator has-css-opacity is-style-dots\"\/>\n\n\n\n<div class=\"wp-block-columns alignwide is-layout-flex wp-container-core-columns-is-layout-9d6595d7 wp-block-columns-is-layout-flex\">\n<div class=\"wp-block-column is-layout-flow wp-block-column-is-layout-flow\" style=\"flex-basis:50%\">\n<figure class=\"wp-block-image\"><img loading=\"lazy\" decoding=\"async\" width=\"609\" height=\"754\" src=\"https:\/\/www.raetia.net\/wp-content\/uploads\/August-Macke3.jpg\" alt=\"\" class=\"wp-image-2436\" srcset=\"https:\/\/www.raetia.net\/wp-content\/uploads\/August-Macke3.jpg 609w, https:\/\/www.raetia.net\/wp-content\/uploads\/August-Macke3-323x400.jpg 323w, https:\/\/www.raetia.net\/wp-content\/uploads\/August-Macke3-10x12.jpg 10w\" sizes=\"auto, (max-width: 609px) 100vw, 609px\" \/><figcaption class=\"wp-element-caption\"><strong>August Macke<\/strong> &#8211; Elisabeth und Walterchen, 1912<\/figcaption><\/figure>\n<\/div>\n\n\n\n<div class=\"wp-block-column is-layout-flow wp-block-column-is-layout-flow\" style=\"flex-basis:50%\">\n<p class=\"has-large-font-size\"><\/p>\n<\/div>\n<\/div>\n\n\n\n<hr class=\"wp-block-separator has-css-opacity is-style-dots\"\/>\n\n\n\n<div class=\"wp-block-columns alignwide is-layout-flex wp-container-core-columns-is-layout-9d6595d7 wp-block-columns-is-layout-flex\">\n<div class=\"wp-block-column is-layout-flow wp-block-column-is-layout-flow\" style=\"flex-basis:50%\">\n<figure class=\"wp-block-image\"><img loading=\"lazy\" decoding=\"async\" width=\"609\" height=\"705\" src=\"https:\/\/www.raetia.net\/wp-content\/uploads\/August-Macke4.jpg\" alt=\"\" class=\"wp-image-2439\" srcset=\"https:\/\/www.raetia.net\/wp-content\/uploads\/August-Macke4.jpg 609w, https:\/\/www.raetia.net\/wp-content\/uploads\/August-Macke4-346x400.jpg 346w, https:\/\/www.raetia.net\/wp-content\/uploads\/August-Macke4-10x12.jpg 10w\" sizes=\"auto, (max-width: 609px) 100vw, 609px\" \/><figcaption class=\"wp-element-caption\"><strong>August Macke<\/strong> &#8211; Elisabeth bei der Petroliumlampe, 1910<\/figcaption><\/figure>\n<\/div>\n\n\n\n<div class=\"wp-block-column is-layout-flow wp-block-column-is-layout-flow\" style=\"flex-basis:50%\">\n<p class=\"has-large-font-size\"><\/p>\n<\/div>\n<\/div>\n\n\n\n<hr class=\"wp-block-separator has-css-opacity is-style-dots\"\/>\n\n\n\n<div class=\"wp-block-columns alignwide is-layout-flex wp-container-core-columns-is-layout-9d6595d7 wp-block-columns-is-layout-flex\">\n<div class=\"wp-block-column is-layout-flow wp-block-column-is-layout-flow\" style=\"flex-basis:50%\">\n<figure class=\"wp-block-image\"><img loading=\"lazy\" decoding=\"async\" width=\"609\" height=\"911\" src=\"https:\/\/www.raetia.net\/wp-content\/uploads\/Paul-Klee3.jpg\" alt=\"\" class=\"wp-image-2442\" srcset=\"https:\/\/www.raetia.net\/wp-content\/uploads\/Paul-Klee3.jpg 609w, https:\/\/www.raetia.net\/wp-content\/uploads\/Paul-Klee3-267x400.jpg 267w, https:\/\/www.raetia.net\/wp-content\/uploads\/Paul-Klee3-8x12.jpg 8w\" sizes=\"auto, (max-width: 609px) 100vw, 609px\" \/><figcaption class=\"wp-element-caption\"><strong>Paul Klee<\/strong> &#8211; Albumblatt, 1935, 6<\/figcaption><\/figure>\n<\/div>\n\n\n\n<div class=\"wp-block-column is-layout-flow wp-block-column-is-layout-flow\" style=\"flex-basis:50%\">\n<p class=\"has-large-font-size\"><\/p>\n<\/div>\n<\/div>\n\n\n\n<hr class=\"wp-block-separator has-css-opacity is-style-dots\"\/>\n\n\n\n<div class=\"wp-block-columns alignwide is-layout-flex wp-container-core-columns-is-layout-9d6595d7 wp-block-columns-is-layout-flex\">\n<div class=\"wp-block-column is-layout-flow wp-block-column-is-layout-flow\" style=\"flex-basis:50%\">\n<figure class=\"wp-block-image\"><img loading=\"lazy\" decoding=\"async\" width=\"609\" height=\"483\" src=\"https:\/\/www.raetia.net\/wp-content\/uploads\/Paul-Klee4.jpg\" alt=\"\" class=\"wp-image-2444\" srcset=\"https:\/\/www.raetia.net\/wp-content\/uploads\/Paul-Klee4.jpg 609w, https:\/\/www.raetia.net\/wp-content\/uploads\/Paul-Klee4-400x317.jpg 400w, https:\/\/www.raetia.net\/wp-content\/uploads\/Paul-Klee4-15x12.jpg 15w\" sizes=\"auto, (max-width: 609px) 100vw, 609px\" \/><figcaption class=\"wp-element-caption\"><strong>Paul Klee<\/strong> &#8211; Zeichen verdichten sich, 1932, 121<\/figcaption><\/figure>\n<\/div>\n\n\n\n<div class=\"wp-block-column is-layout-flow wp-block-column-is-layout-flow\" style=\"flex-basis:50%\">\n<p class=\"has-large-font-size\"><\/p>\n<\/div>\n<\/div>\n\n\n\n<hr class=\"wp-block-separator has-css-opacity is-style-dots\"\/>\n\n\n\n<div class=\"wp-block-columns alignwide is-layout-flex wp-container-core-columns-is-layout-9d6595d7 wp-block-columns-is-layout-flex\">\n<div class=\"wp-block-column is-layout-flow wp-block-column-is-layout-flow\" style=\"flex-basis:50%\">\n<figure class=\"wp-block-image\"><img loading=\"lazy\" decoding=\"async\" width=\"609\" height=\"410\" src=\"https:\/\/www.raetia.net\/wp-content\/uploads\/Paul-Klee5.jpg\" alt=\"\" class=\"wp-image-2447\" srcset=\"https:\/\/www.raetia.net\/wp-content\/uploads\/Paul-Klee5.jpg 609w, https:\/\/www.raetia.net\/wp-content\/uploads\/Paul-Klee5-400x269.jpg 400w, https:\/\/www.raetia.net\/wp-content\/uploads\/Paul-Klee5-18x12.jpg 18w\" sizes=\"auto, (max-width: 609px) 100vw, 609px\" \/><figcaption class=\"wp-element-caption\"><strong>Paul Klee<\/strong> &#8211; Figuren Schrift, 1925, 125<\/figcaption><\/figure>\n<\/div>\n\n\n\n<div class=\"wp-block-column is-layout-flow wp-block-column-is-layout-flow\" style=\"flex-basis:50%\">\n<p class=\"has-large-font-size\"><\/p>\n<\/div>\n<\/div>\n\n\n\n<hr class=\"wp-block-separator has-css-opacity is-style-dots\"\/>\n\n\n\n<div class=\"wp-block-columns alignwide is-layout-flex wp-container-core-columns-is-layout-9d6595d7 wp-block-columns-is-layout-flex\">\n<div class=\"wp-block-column is-layout-flow wp-block-column-is-layout-flow\" style=\"flex-basis:50%\">\n<figure class=\"wp-block-image\"><img loading=\"lazy\" decoding=\"async\" width=\"609\" height=\"362\" src=\"https:\/\/www.raetia.net\/wp-content\/uploads\/Paul-Klee6.jpg\" alt=\"\" class=\"wp-image-2451\" srcset=\"https:\/\/www.raetia.net\/wp-content\/uploads\/Paul-Klee6.jpg 609w, https:\/\/www.raetia.net\/wp-content\/uploads\/Paul-Klee6-400x238.jpg 400w, https:\/\/www.raetia.net\/wp-content\/uploads\/Paul-Klee6-18x12.jpg 18w\" sizes=\"auto, (max-width: 609px) 100vw, 609px\" \/><figcaption class=\"wp-element-caption\"><strong>Paul Klee<\/strong> &#8211; Initiale A, 1938, 300<\/figcaption><\/figure>\n<\/div>\n\n\n\n<div class=\"wp-block-column is-layout-flow wp-block-column-is-layout-flow\" style=\"flex-basis:50%\">\n<p class=\"has-large-font-size\"><\/p>\n<\/div>\n<\/div>\n\n\n\n<hr class=\"wp-block-separator has-css-opacity is-style-dots\"\/>\n\n\n\n<div class=\"wp-block-columns alignwide is-layout-flex wp-container-core-columns-is-layout-9d6595d7 wp-block-columns-is-layout-flex\">\n<div class=\"wp-block-column is-layout-flow wp-block-column-is-layout-flow\" style=\"flex-basis:50%\">\n<figure class=\"wp-block-image\"><img loading=\"lazy\" decoding=\"async\" width=\"609\" height=\"359\" src=\"https:\/\/www.raetia.net\/wp-content\/uploads\/Julio-Gonzalez.jpg\" alt=\"\" class=\"wp-image-2457\" srcset=\"https:\/\/www.raetia.net\/wp-content\/uploads\/Julio-Gonzalez.jpg 609w, https:\/\/www.raetia.net\/wp-content\/uploads\/Julio-Gonzalez-400x236.jpg 400w, https:\/\/www.raetia.net\/wp-content\/uploads\/Julio-Gonzalez-18x12.jpg 18w\" sizes=\"auto, (max-width: 609px) 100vw, 609px\" \/><figcaption class=\"wp-element-caption\"><strong><strong>Julio Gonzalez<\/strong><\/strong> &#8211; Junges M\u00e4dchen, lesend, 1925\/30<\/figcaption><\/figure>\n<\/div>\n\n\n\n<div class=\"wp-block-column is-layout-flow wp-block-column-is-layout-flow\" style=\"flex-basis:50%\">\n<p class=\"has-large-font-size\"><\/p>\n<\/div>\n<\/div>\n\n\n\n<hr class=\"wp-block-separator has-css-opacity is-style-dots\"\/>\n\n\n\n<figure class=\"wp-block-image size-full\"><img loading=\"lazy\" decoding=\"async\" width=\"609\" height=\"632\" src=\"https:\/\/www.raetia.net\/wp-content\/uploads\/Franz-Marc2-1.jpg\" alt=\"\" class=\"wp-image-3475\" srcset=\"https:\/\/www.raetia.net\/wp-content\/uploads\/Franz-Marc2-1.jpg 609w, https:\/\/www.raetia.net\/wp-content\/uploads\/Franz-Marc2-1-385x400.jpg 385w, https:\/\/www.raetia.net\/wp-content\/uploads\/Franz-Marc2-1-12x12.jpg 12w\" sizes=\"auto, (max-width: 609px) 100vw, 609px\" \/><figcaption class=\"wp-element-caption\"><strong>Franz Marc<\/strong> &#8211; Entwurf zu Ex Libris Emil Hirsch III, 1908<\/figcaption><\/figure>\n\n\n\n<hr class=\"wp-block-separator has-css-opacity is-style-dots\"\/>\n\n\n\n<div class=\"wp-block-columns alignwide is-layout-flex wp-container-core-columns-is-layout-9d6595d7 wp-block-columns-is-layout-flex\">\n<div class=\"wp-block-column is-layout-flow wp-block-column-is-layout-flow\" style=\"flex-basis:50%\">\n<figure class=\"wp-block-image\"><img loading=\"lazy\" decoding=\"async\" width=\"609\" height=\"846\" src=\"https:\/\/www.raetia.net\/wp-content\/uploads\/Wassily-Kandinsky.jpg\" alt=\"\" class=\"wp-image-2458\" srcset=\"https:\/\/www.raetia.net\/wp-content\/uploads\/Wassily-Kandinsky.jpg 609w, https:\/\/www.raetia.net\/wp-content\/uploads\/Wassily-Kandinsky-288x400.jpg 288w, https:\/\/www.raetia.net\/wp-content\/uploads\/Wassily-Kandinsky-9x12.jpg 9w\" sizes=\"auto, (max-width: 609px) 100vw, 609px\" \/><figcaption class=\"wp-element-caption\"><strong>Wassily Kandinsky<\/strong> &#8211; Gabriele M\u00fcnter auf einer Dorfstra\u00dfe lesend im Schnee, Kochel, Februar 1909<\/figcaption><\/figure>\n<\/div>\n\n\n\n<div class=\"wp-block-column is-layout-flow wp-block-column-is-layout-flow\" style=\"flex-basis:50%\">\n<p class=\"has-large-font-size\"><\/p>\n<\/div>\n<\/div>\n\n\n\n<hr class=\"wp-block-separator has-css-opacity is-style-dots\"\/>\n\n\n\n<div class=\"wp-block-columns alignwide is-layout-flex wp-container-core-columns-is-layout-9d6595d7 wp-block-columns-is-layout-flex\">\n<div class=\"wp-block-column is-layout-flow wp-block-column-is-layout-flow\" style=\"flex-basis:50%\">\n<figure class=\"wp-block-image\"><img loading=\"lazy\" decoding=\"async\" width=\"609\" height=\"760\" src=\"https:\/\/www.raetia.net\/wp-content\/uploads\/Candida-Hoefer.jpg\" alt=\"\" class=\"wp-image-2461\" srcset=\"https:\/\/www.raetia.net\/wp-content\/uploads\/Candida-Hoefer.jpg 609w, https:\/\/www.raetia.net\/wp-content\/uploads\/Candida-Hoefer-321x400.jpg 321w, https:\/\/www.raetia.net\/wp-content\/uploads\/Candida-Hoefer-10x12.jpg 10w\" sizes=\"auto, (max-width: 609px) 100vw, 609px\" \/><figcaption class=\"wp-element-caption\"><strong>Candida H\u00f6fer<\/strong> &#8211; Rijksmuseum Amsterdam II, 2004<\/figcaption><\/figure>\n<\/div>\n\n\n\n<div class=\"wp-block-column is-layout-flow wp-block-column-is-layout-flow\" style=\"flex-basis:50%\">\n<p class=\"has-large-font-size\"><\/p>\n<\/div>\n<\/div>\n\n\n\n<hr class=\"wp-block-separator has-css-opacity is-style-dots\"\/>\n\n\n\n<div class=\"wp-block-columns alignwide is-layout-flex wp-container-core-columns-is-layout-9d6595d7 wp-block-columns-is-layout-flex\">\n<div class=\"wp-block-column is-layout-flow wp-block-column-is-layout-flow\" style=\"flex-basis:50%\">\n<figure class=\"wp-block-image\"><img loading=\"lazy\" decoding=\"async\" width=\"609\" height=\"682\" src=\"https:\/\/www.raetia.net\/wp-content\/uploads\/Jan-Vermeer-1.jpg\" alt=\"\" class=\"wp-image-2782\" srcset=\"https:\/\/www.raetia.net\/wp-content\/uploads\/Jan-Vermeer-1.jpg 609w, https:\/\/www.raetia.net\/wp-content\/uploads\/Jan-Vermeer-1-357x400.jpg 357w, https:\/\/www.raetia.net\/wp-content\/uploads\/Jan-Vermeer-1-11x12.jpg 11w\" sizes=\"auto, (max-width: 609px) 100vw, 609px\" \/><figcaption class=\"wp-element-caption\"><strong>Jan Vermeer<\/strong> (1632 &#8211; 1675) : Dienstmagd mit Milchkrug<\/figcaption><\/figure>\n<\/div>\n\n\n\n<div class=\"wp-block-column is-layout-flow wp-block-column-is-layout-flow\" style=\"flex-basis:50%\">\n<p>Vermeer<\/p>\n\n\n\n<p>Solange diese Frau aus dem Rijksmuseum<br>in der gemalten Stille und Andacht<br>Tag f\u00fcr Tag Milch<br>aus dem Krug in die Sch\u00fcssel gie\u00dft,<br>verdient die Welt<br>keinen Weltuntergang.<\/p>\n\n\n\n<p><strong>Wis\u0142awa Szymborska<\/strong> (1923 &#8211; 2012)<\/p>\n<\/div>\n<\/div>\n\n\n\n<hr class=\"wp-block-separator has-css-opacity is-style-dots\"\/>\n\n\n\n<div class=\"wp-block-columns alignwide is-layout-flex wp-container-core-columns-is-layout-9d6595d7 wp-block-columns-is-layout-flex\">\n<div class=\"wp-block-column is-layout-flow wp-block-column-is-layout-flow\" style=\"flex-basis:50%\">\n<figure class=\"wp-block-image\"><img loading=\"lazy\" decoding=\"async\" width=\"609\" height=\"255\" src=\"https:\/\/www.raetia.net\/wp-content\/uploads\/Antoni-tapis.jpg\" alt=\"\" class=\"wp-image-2835\" srcset=\"https:\/\/www.raetia.net\/wp-content\/uploads\/Antoni-tapis.jpg 609w, https:\/\/www.raetia.net\/wp-content\/uploads\/Antoni-tapis-400x167.jpg 400w, https:\/\/www.raetia.net\/wp-content\/uploads\/Antoni-tapis-18x8.jpg 18w\" sizes=\"auto, (max-width: 609px) 100vw, 609px\" \/><figcaption class=\"wp-element-caption\"><strong>Antoni T\u00e0pies<\/strong> (1923 &#8211; 2012) : Les quatre cr\u00f2niques<\/figcaption><\/figure>\n<\/div>\n\n\n\n<div class=\"wp-block-column is-layout-flow wp-block-column-is-layout-flow\" style=\"flex-basis:50%\">\n<p>ZEHN ZEILEN<br>F\u00dcR ANTONI T\u00c0PIES<\/p>\n\n\n\n<p>Auf allen Fl\u00e4chen der Stadt,<br>auf die abgerissenen Bl\u00e4tter der Tage,<br>auf die geschundenen W\u00e4nde zeichnest du<br>Kohlezeichen, flammende Zahlen.<br>Unausl\u00f6schliche Schrift des Brandes,<br>ihre Testamente, ihre Verhei\u00dfungen<br>sind nunmehr schweigsamer Glanz.<br>Verk\u00f6rperungen, Entk\u00f6rperungen:<br>deine Malerei ist das Schwei\u00dftuch<br>dieses Christus ohne Antlitz: der Zeit.<\/p>\n\n\n\n<p><strong>Octavio Paz<\/strong> (1914 &#8211; 1998)<\/p>\n<\/div>\n<\/div>\n\n\n\n<hr class=\"wp-block-separator has-css-opacity is-style-dots\"\/>\n\n\n\n<div class=\"wp-block-columns alignwide is-layout-flex wp-container-core-columns-is-layout-9d6595d7 wp-block-columns-is-layout-flex\">\n<div class=\"wp-block-column is-layout-flow wp-block-column-is-layout-flow\" style=\"flex-basis:50%\">\n<figure class=\"wp-block-image\"><img loading=\"lazy\" decoding=\"async\" width=\"609\" height=\"890\" src=\"https:\/\/www.raetia.net\/wp-content\/uploads\/Julio-Pomar-.jpg\" alt=\"\" class=\"wp-image-2954\" srcset=\"https:\/\/www.raetia.net\/wp-content\/uploads\/Julio-Pomar-.jpg 609w, https:\/\/www.raetia.net\/wp-content\/uploads\/Julio-Pomar--274x400.jpg 274w, https:\/\/www.raetia.net\/wp-content\/uploads\/Julio-Pomar--8x12.jpg 8w\" sizes=\"auto, (max-width: 609px) 100vw, 609px\" \/><figcaption class=\"wp-element-caption\"><strong>J\u00falio Pomar<\/strong> (1926 &#8211; 2018) : Fernando Pessoa<\/figcaption><\/figure>\n<\/div>\n\n\n\n<div class=\"wp-block-column is-layout-flow wp-block-column-is-layout-flow\" style=\"flex-basis:50%\">\n<p>Seitdem ich mich als das kenne, was von mir ich genannt wird, erinnere ich mich,<br>geistig die Gestalt, die Bewegungen, den Charakter und die Lebensgeschichte<br>mehrerer unwirklicher Figuren entworfen zu haben, die f\u00fcr mich so unsichtbar&nbsp;<br>und die mir so vertraut waren wie jene Dinge, die dem angeh\u00f6ren,&nbsp;<br>was wir vielleicht verkehrterweise als das wirkliche Leben bezeichnen.<\/p>\n\n\n\n<p><strong>Fernando Pessoa <\/strong>(Brief an Adolfo Casais, 1935)&nbsp;<\/p>\n<\/div>\n<\/div>\n\n\n\n<hr class=\"wp-block-separator has-css-opacity is-style-dots\"\/>\n\n\n\n<div class=\"wp-block-columns alignwide is-layout-flex wp-container-core-columns-is-layout-9d6595d7 wp-block-columns-is-layout-flex\">\n<div class=\"wp-block-column is-layout-flow wp-block-column-is-layout-flow\" style=\"flex-basis:50%\">\n<figure class=\"wp-block-image\"><img loading=\"lazy\" decoding=\"async\" width=\"609\" height=\"774\" src=\"https:\/\/www.raetia.net\/wp-content\/uploads\/Bruno-Schulz-I-1.jpg\" alt=\"\" class=\"wp-image-3056\" srcset=\"https:\/\/www.raetia.net\/wp-content\/uploads\/Bruno-Schulz-I-1.jpg 609w, https:\/\/www.raetia.net\/wp-content\/uploads\/Bruno-Schulz-I-1-315x400.jpg 315w, https:\/\/www.raetia.net\/wp-content\/uploads\/Bruno-Schulz-I-1-9x12.jpg 9w\" sizes=\"auto, (max-width: 609px) 100vw, 609px\" \/><figcaption class=\"wp-element-caption\"><strong>Bruno Schulz<\/strong> (1892 &#8211; 1942) : &#8230; (vor 1930)<\/figcaption><\/figure>\n<\/div>\n\n\n\n<div class=\"wp-block-column is-layout-flow wp-block-column-is-layout-flow\" style=\"flex-basis:50%\">\n<p>\u0141ucja, die mittlere, kam herein,&nbsp;<br>ihr allzu aufgebl\u00fchter, \u00fcberreifer Kopf sa\u00df auf einem<br>pummeligen Kinderk\u00f6rper aus wei\u00dfem, zarten Fleisch.<br>Sie reichte mir ihr sozusagen gerade erst knospendes Puppenh\u00e4ndchen&nbsp;<br>und erbl\u00fchte sogleich \u00fcber das ganze Gesicht wie eine sich mit tiefstem Rosa \u00fcbergie\u00dfende Pfingstrose.<br>Ungl\u00fccklich \u00fcber ihr Err\u00f6ten, das schamlos von den Geheimnissen der Menstruation erz\u00e4hlte,<br>schlug sie die Augen nieder und ergl\u00fchte noch heftiger, wenn irgendeine noch so gleichg\u00fcltige Frage sie betraf,<br>als enthielte jede davon eine geheime Anspielung auf ihre \u00fcbersensible&nbsp;Jungfr\u00e4ulichkeit.<\/p>\n\n\n\n<p><strong>Bruno Schulz<\/strong>&nbsp;: Die Zimtl\u00e4den (1934) : August<\/p>\n<\/div>\n<\/div>\n\n\n\n<hr class=\"wp-block-separator has-css-opacity is-style-dots\"\/>\n\n\n\n<div class=\"wp-block-columns alignwide is-layout-flex wp-container-core-columns-is-layout-9d6595d7 wp-block-columns-is-layout-flex\">\n<div class=\"wp-block-column is-layout-flow wp-block-column-is-layout-flow\" style=\"flex-basis:50%\">\n<figure class=\"wp-block-image\"><img loading=\"lazy\" decoding=\"async\" width=\"609\" height=\"471\" src=\"https:\/\/www.raetia.net\/wp-content\/uploads\/Bruno-Schulz-II-1.jpg\" alt=\"\" class=\"wp-image-3058\" srcset=\"https:\/\/www.raetia.net\/wp-content\/uploads\/Bruno-Schulz-II-1.jpg 609w, https:\/\/www.raetia.net\/wp-content\/uploads\/Bruno-Schulz-II-1-400x309.jpg 400w, https:\/\/www.raetia.net\/wp-content\/uploads\/Bruno-Schulz-II-1-16x12.jpg 16w\" sizes=\"auto, (max-width: 609px) 100vw, 609px\" \/><figcaption class=\"wp-element-caption\"><strong>Bruno Schulz<\/strong>&nbsp;(1892 &#8211; 1942) : Verzauberte Nacht&nbsp;<\/figcaption><\/figure>\n<\/div>\n\n\n\n<div class=\"wp-block-column is-layout-flow wp-block-column-is-layout-flow\" style=\"flex-basis:50%\">\n<p>In aufreizenden langen Spitzenkleidern spazieren die Prostituierten vor\u00fcber.<br>Es k\u00f6nnten \u00fcbrigens die Gattinnen der Fris\u00f6re oder der Stehgeiger aus den Kaffeeh\u00e4usern sein.<br>Wie Raubkatzen gleiten sie vor\u00fcber,&nbsp;<br>und ihre gemeinen, verdorbenen Gesichter sind von einem geringf\u00fcgigen Makel gezeichnet:<br>einem schwarzem, schiefen Schielen, einem aufgerissenen Mund oder einer fehlenden Nasenspitze.<\/p>\n\n\n\n<p>Die Stadtbewohner sind stolz auf dieses Odeur der Verderbtheit, das durch die Krokodilstra\u00dfe weht.<br>Wir brauchen auf nichts zu verzichten, denken sie stolz,&nbsp;<br>auch wir k\u00f6nnen uns echte gro\u00dfst\u00e4dtische Ausschweifung leisten.<br>Sie behaupten, jede Frau des Viertels sei eine Kokotte.&nbsp;<br>In Grunde gen\u00fcgt es schon, einer von ihnen etwas Beachtung zu schenken &#8211;<br>und schon trifft einen dieser beharrliche, kitzelnde Blick, dessen l\u00fcsterne Gewissheit uns erstarren l\u00e4\u00dft.<br>Selbst die Schulm\u00e4dchen tragen hier ihre Haarschleifen auf eine bestimmte charakteristische Art,<br>sie setzen die schlanken Beine in einer besonderen Manier und haben diesen unsauberen Makel in ihrem Blick,in dem ihre zuk\u00fcnftige Verderbtheit pr\u00e4formiert liegt.<\/p>\n\n\n\n<p><strong>Bruno Schulz<\/strong>&nbsp; : Die Zimtl\u00e4den (1934) : Die Krokodilstra\u00dfe<\/p>\n<\/div>\n<\/div>\n\n\n\n<hr class=\"wp-block-separator has-css-opacity is-style-dots\"\/>\n\n\n\n<div class=\"wp-block-columns alignwide is-layout-flex wp-container-core-columns-is-layout-9d6595d7 wp-block-columns-is-layout-flex\">\n<div class=\"wp-block-column is-layout-flow wp-block-column-is-layout-flow\" style=\"flex-basis:50%\">\n<figure class=\"wp-block-image\"><img loading=\"lazy\" decoding=\"async\" width=\"609\" height=\"473\" src=\"https:\/\/www.raetia.net\/wp-content\/uploads\/Bruno-Schulz-III.jpg\" alt=\"\" class=\"wp-image-3063\" srcset=\"https:\/\/www.raetia.net\/wp-content\/uploads\/Bruno-Schulz-III.jpg 609w, https:\/\/www.raetia.net\/wp-content\/uploads\/Bruno-Schulz-III-400x311.jpg 400w, https:\/\/www.raetia.net\/wp-content\/uploads\/Bruno-Schulz-III-15x12.jpg 15w\" sizes=\"auto, (max-width: 609px) 100vw, 609px\" \/><figcaption class=\"wp-element-caption\"><strong>Bruno Schulz<\/strong>&nbsp;(1892 &#8211; 1942) : Die Stadtv\u00e4ter und die M\u00e4nner der gro\u00dfen Versammlung<\/figcaption><\/figure>\n<\/div>\n\n\n\n<div class=\"wp-block-column is-layout-flow wp-block-column-is-layout-flow\" style=\"flex-basis:50%\">\n<p>Anderswo hatten sich Juden in farbigen Kaftanen und mit breitkrempigen Pelzh\u00fcten auf dem Kopf<br>um die hohen Wasserf\u00e4lle der hellen Stoffe gruppiert.<br>Dies waren die M\u00e4nner des Hohen Rates, w\u00fcrdige \u00fcberaus salbungsvolle Herren,<br>die ihre langen gepflegten B\u00e4rte glattstrichen und zur\u00fcckhaltende, diplomatische Gespr\u00e4che f\u00fchrten.<br>Doch auch in dieser f\u00f6rmlichen Konversation, in den Blicken, die sie tauschten, blitzte feixende Ironie.<\/p>\n\n\n\n<p><strong>Bruno Schulz<\/strong>&nbsp;: Die Zimtl\u00e4den (1934) : Die Nacht der gro\u00dfen Saison&nbsp;<\/p>\n<\/div>\n<\/div>\n\n\n\n<hr class=\"wp-block-separator has-css-opacity is-style-dots\"\/>\n\n\n\n<div class=\"wp-block-columns is-layout-flex wp-container-core-columns-is-layout-9d6595d7 wp-block-columns-is-layout-flex\">\n<div class=\"wp-block-column is-layout-flow wp-block-column-is-layout-flow\" style=\"flex-basis:100%\">\n<div class=\"wp-block-columns alignwide is-layout-flex wp-container-core-columns-is-layout-9d6595d7 wp-block-columns-is-layout-flex\">\n<div class=\"wp-block-column is-layout-flow wp-block-column-is-layout-flow\" style=\"flex-basis:50%\">\n<figure class=\"wp-block-image\"><img loading=\"lazy\" decoding=\"async\" width=\"724\" height=\"1024\" src=\"https:\/\/www.raetia.net\/wp-content\/uploads\/Jehuda-Pen-Schneider-724x1024.jpg\" alt=\"\" class=\"wp-image-3120\" srcset=\"https:\/\/www.raetia.net\/wp-content\/uploads\/Jehuda-Pen-Schneider-724x1024.jpg 724w, https:\/\/www.raetia.net\/wp-content\/uploads\/Jehuda-Pen-Schneider-283x400.jpg 283w, https:\/\/www.raetia.net\/wp-content\/uploads\/Jehuda-Pen-Schneider-768x1086.jpg 768w, https:\/\/www.raetia.net\/wp-content\/uploads\/Jehuda-Pen-Schneider-1086x1536.jpg 1086w, https:\/\/www.raetia.net\/wp-content\/uploads\/Jehuda-Pen-Schneider-1448x2048.jpg 1448w, https:\/\/www.raetia.net\/wp-content\/uploads\/Jehuda-Pen-Schneider-8x12.jpg 8w, https:\/\/www.raetia.net\/wp-content\/uploads\/Jehuda-Pen-Schneider-scaled.jpg 1810w\" sizes=\"auto, (max-width: 724px) 100vw, 724px\" \/><figcaption class=\"wp-element-caption\"><strong>Jehuda Pen<\/strong> (1854 &#8211; 1937) : Schneider<\/figcaption><\/figure>\n<\/div>\n\n\n\n<div class=\"wp-block-column is-layout-flow wp-block-column-is-layout-flow\" style=\"flex-basis:50%\">\n<p>Am Abend vor dem Sabbat peinigt mich immer die dichte Trauer der Erinnerungen.<br>Fr\u00fcher streichelte an diesen Abenden mein Gro\u00dfvater mit seinem gelben Bart die B\u00e4nde Ibn Esras.<br>Meine Gro\u00dfmutter im Spitzenh\u00e4ubchen beschwor mit knorrigen Fingern \u00fcber der Sabbatkerze die Zukunft&nbsp;und schluchzte s\u00fc\u00df. Das Kinderherz schaukelte an diesen Abenden, wie ein Schiffchen auf verzauberten Wogen.<br>Oh, vermoderte Talmudb\u00fccher meiner Kindheit! Oh, dichte Trauer der Erinnerungen!<\/p>\n\n\n\n<p><strong>Isaak Babel<\/strong>&nbsp;(1894 &#8211; 1940)<\/p>\n<\/div>\n<\/div>\n<\/div>\n<\/div>\n\n\n\n<hr class=\"wp-block-separator has-css-opacity is-style-dots\"\/>\n\n\n\n<div class=\"wp-block-columns alignwide is-layout-flex wp-container-core-columns-is-layout-9d6595d7 wp-block-columns-is-layout-flex\">\n<div class=\"wp-block-column is-layout-flow wp-block-column-is-layout-flow\" style=\"flex-basis:50%\">\n<figure class=\"wp-block-image\"><img loading=\"lazy\" decoding=\"async\" width=\"609\" height=\"538\" src=\"https:\/\/www.raetia.net\/wp-content\/uploads\/Jehuda-Pen-Schneider-II.jpg\" alt=\"\" class=\"wp-image-3125\" srcset=\"https:\/\/www.raetia.net\/wp-content\/uploads\/Jehuda-Pen-Schneider-II.jpg 609w, https:\/\/www.raetia.net\/wp-content\/uploads\/Jehuda-Pen-Schneider-II-400x353.jpg 400w, https:\/\/www.raetia.net\/wp-content\/uploads\/Jehuda-Pen-Schneider-II-14x12.jpg 14w\" sizes=\"auto, (max-width: 609px) 100vw, 609px\" \/><figcaption class=\"wp-element-caption\"><strong>Jehuda Pen<\/strong>&nbsp;(1854 &#8211; 1937) : Uhrmacher<\/figcaption><\/figure>\n<\/div>\n\n\n\n<div class=\"wp-block-column is-layout-flow wp-block-column-is-layout-flow\" style=\"flex-basis:50%\">\n<p>Die Juden des Ghettos von Venedig, von Rom oder Worms blieben eine in ihrer eigenen Vaterstadt diskriminierte, exilierte Minderheit,&nbsp;<br>w\u00e4hrend die Einwohner des Schtetls majorit\u00e4r, also bei sich zu Hause waren;&nbsp;<br>ihre nichtj\u00fcdischen Nachbarn, etwa die polnischen Adeligen, mochten m\u00e4chtig und reich sein und auf sie herabsehen:&nbsp;<br>Die Juden waren jedoch von ihrer eigenen \u00dcberlegenheit \u00fcberzeugt.&nbsp;<br>Im Schtetl gab es nicht eine Spur eines Minderwertigkeitsgef\u00fchls wegen der Zugeh\u00f6rigkeit zum Judentum und daher nicht die geringste Neigung,&nbsp;<br>das eigene Wesen zu verh\u00fcllen oder wie die anderen zu werden.<\/p>\n\n\n\n<p><strong>Man\u00e8s Sperber<\/strong> (1905 &#8211; 1984) : Die Wassertr\u00e4ger Gottes<\/p>\n<\/div>\n<\/div>\n\n\n\n<hr class=\"wp-block-separator has-css-opacity is-style-dots\"\/>\n\n\n\n<div class=\"wp-block-columns alignwide is-layout-flex wp-container-core-columns-is-layout-9d6595d7 wp-block-columns-is-layout-flex\">\n<div class=\"wp-block-column is-layout-flow wp-block-column-is-layout-flow\" style=\"flex-basis:50%\">\n<figure class=\"wp-block-image\"><img loading=\"lazy\" decoding=\"async\" width=\"609\" height=\"441\" src=\"https:\/\/www.raetia.net\/wp-content\/uploads\/Ossip-Mandelstam-.jpg\" alt=\"\" class=\"wp-image-3433\" srcset=\"https:\/\/www.raetia.net\/wp-content\/uploads\/Ossip-Mandelstam-.jpg 609w, https:\/\/www.raetia.net\/wp-content\/uploads\/Ossip-Mandelstam--400x290.jpg 400w, https:\/\/www.raetia.net\/wp-content\/uploads\/Ossip-Mandelstam--18x12.jpg 18w\" sizes=\"auto, (max-width: 609px) 100vw, 609px\" \/><figcaption class=\"wp-element-caption\"><strong>Ossip Mandelstam<\/strong> (1891-1938) : Photo des NKWD nach der 2. Verhaftung des Dichters 1938.<br>(NKWD:&nbsp;Volkskommissariat f\u00fcr innere Angelegenheiten der RSFSR mit dem Geheimpolizei-Ressort OGPU)<br>&nbsp;<br>Mandelstam verstarb im selben Jahr in einem Gulag-Durchgangslager bei Wladiwostok.<\/figcaption><\/figure>\n<\/div>\n\n\n\n<div class=\"wp-block-column is-layout-flow wp-block-column-is-layout-flow\" style=\"flex-basis:50%\">\n<p><strong>Epigramm gegen Stalin (1933)<\/strong><\/p>\n\n\n\n<p>Wir Lebenden sp\u00fcren den Boden nicht mehr,<br>Wir reden, dass uns auf zehn Schritt keiner h\u00f6rt,<\/p>\n\n\n\n<p>Doch wo wir noch Sprechen vernehmen, &#8211;<br>Betrifft&#8217;s den Gebirgler im Kreml.<\/p>\n\n\n\n<p>Seine Finger sind dick und, wie W\u00fcrmer, so fett,<br>Und Zentnergewichte wiegts Wort, das er f\u00e4llt,<\/p>\n\n\n\n<p>Sein Schnauzbart lacht F\u00fchler von Schaben,<br>Der Stiefelschaft gl\u00e4nzt so erhaben.<\/p>\n\n\n\n<p>Schmalnackige F\u00fchrerbrut geht bei ihm um,<br>Mit dienstbaren Halbmenschen spielt er herum,<\/p>\n\n\n\n<p>Die pfeifen, miaun oder jammern.<br>Er allein schl\u00e4gt den Takt mit dem Hammer.<\/p>\n\n\n\n<p>Befehle zertrampeln mit Hufeisenschlag:<br>In den Leib, in die Stirn, in die Augen, &#8211; ins Grab.<\/p>\n\n\n\n<p>Wie Himbeeren schmeckt ihm das T\u00f6ten &#8211;<br>Und breit schwillt die Brust des Osseten.<\/p>\n\n\n\n<p><strong>Ossip Mandelstam<\/strong><\/p>\n<\/div>\n<\/div>\n\n\n\n<hr class=\"wp-block-separator has-css-opacity is-style-dots\"\/>\n\n\n\n<div class=\"wp-block-columns alignwide is-layout-flex wp-container-core-columns-is-layout-9d6595d7 wp-block-columns-is-layout-flex\">\n<div class=\"wp-block-column is-layout-flow wp-block-column-is-layout-flow\" style=\"flex-basis:50%\">\n<figure class=\"wp-block-image\"><img loading=\"lazy\" decoding=\"async\" width=\"432\" height=\"604\" src=\"https:\/\/www.raetia.net\/wp-content\/uploads\/Warlam-Schalamow.jpg\" alt=\"\" class=\"wp-image-3437\" srcset=\"https:\/\/www.raetia.net\/wp-content\/uploads\/Warlam-Schalamow.jpg 432w, https:\/\/www.raetia.net\/wp-content\/uploads\/Warlam-Schalamow-286x400.jpg 286w, https:\/\/www.raetia.net\/wp-content\/uploads\/Warlam-Schalamow-9x12.jpg 9w\" sizes=\"auto, (max-width: 432px) 100vw, 432px\" \/><figcaption class=\"wp-element-caption\"><strong>Warlam Schalamow<\/strong><br>&nbsp;<br>1907 wird Warlam Schalamow im nordrussischen Wologda als Sohn eines orthodoxen Geistlichen geboren.&nbsp;<br>1924 geht er nach Moskau um \u00bbsowjetisches Recht\u00ab zu studieren.<br>1929-31: Lagerhaft im Nord-Ural (verurteilt nach Artikel 58: \u00bbkonterrevolution\u00e4re Agitation).<br>1937 erneute Verhaftung: 5 Jahre Arbeitsbesserungslager in der Kolyma : Durchgangsgef\u00e4ngnis Magadan,&nbsp;Kohlebergwerk&nbsp;Arkagala.<br>1941 erneute Verhaftung:&nbsp;Verl\u00e4ngerung der Haft bis Kriegsende.<br>1942 Verlegung ins Strafbergwerk Dschelgala.<br>1943 erneute Verhaftung: Verurteilung wegen \u00bbanti-sowjetischer und konterrevolution\u00e4rer T\u00e4tigkeit\u00ab zu 10 Jahren \u00bbBesserungsarbeitslager\u00ab.<br>Ab 1943 Arbeit in den Strafbergwerken der Kolyma.<br>Ab 1947 Arbeit als Arzthelfer in den Krankenh\u00e4usern der Lager.<br>1951 Entlassung aus dem Lager.<br>1953 Entlassung aus den Strafzonen der Kolyma und R\u00fcckkehr nach Moskau.<br>1956 Rehabilitierung.<br>Ab 1954 arbeitet Schalamov an den \u00bbErz\u00e4hlungen aus der Kolyma\u00ab.<br>1982 stirbt Schalamow in einer Nervenheilanstalt.<br>2000 erfolgt posthume Rehabilitierung im Falle der Anklage von 1929-1931.<\/figcaption><\/figure>\n<\/div>\n\n\n\n<div class=\"wp-block-column is-layout-flow wp-block-column-is-layout-flow\" style=\"flex-basis:50%\">\n<p><strong>STELE<\/strong><\/p>\n\n\n\n<p>Was<br>ich gesehen<br>habe<br>sollte<br>niemand&nbsp;<br>sehen<br>niemand<br>sollte<br>davon<br>erfahren<br>Wenn<br>man&nbsp;<br>es&nbsp;<br>aber<br>gesehen<br>hat<br>ist<br>es<br>besser<br>bald<br>zu<br>sterben<\/p>\n\n\n\n<p>Warlam Schalamow \/ Kolyma<\/p>\n<\/div>\n<\/div>\n\n\n\n<hr class=\"wp-block-separator has-css-opacity is-style-dots\"\/>\n\n\n\n<div class=\"wp-block-columns is-layout-flex wp-container-core-columns-is-layout-9d6595d7 wp-block-columns-is-layout-flex\">\n<div class=\"wp-block-column is-layout-flow wp-block-column-is-layout-flow\" style=\"flex-basis:100%\">\n<div class=\"wp-block-columns alignwide is-layout-flex wp-container-core-columns-is-layout-9d6595d7 wp-block-columns-is-layout-flex\">\n<div class=\"wp-block-column is-layout-flow wp-block-column-is-layout-flow\" style=\"flex-basis:50%\">\n<figure class=\"wp-block-image\"><img loading=\"lazy\" decoding=\"async\" width=\"609\" height=\"961\" src=\"https:\/\/www.raetia.net\/wp-content\/uploads\/Habib-Allah-.jpg\" alt=\"\" class=\"wp-image-3457\" srcset=\"https:\/\/www.raetia.net\/wp-content\/uploads\/Habib-Allah-.jpg 609w, https:\/\/www.raetia.net\/wp-content\/uploads\/Habib-Allah--253x400.jpg 253w, https:\/\/www.raetia.net\/wp-content\/uploads\/Habib-Allah--8x12.jpg 8w\" sizes=\"auto, (max-width: 609px) 100vw, 609px\" \/><figcaption class=\"wp-element-caption\"><strong>Habib Allah<\/strong>&nbsp;:&nbsp;Konferenz der V\u00f6gel&nbsp;<br>(Illustration zum gleichnamigen Buch von&nbsp;<strong>Farid ud-Din Attar<\/strong>&nbsp;, Isfahan 1610)<\/figcaption><\/figure>\n<\/div>\n\n\n\n<div class=\"wp-block-column is-layout-flow wp-block-column-is-layout-flow\" style=\"flex-basis:50%\">\n<p><strong>I: Anfang des Buches: Die Versammlung der V\u00f6gel<\/strong>&nbsp;(Auszug)<\/p>\n\n\n\n<p>Willkommen, zum Leiter gewordener Wiedehopf, der in Wahrheit Bote jeden Tales ist.&nbsp;<\/p>\n\n\n\n<p>Bis zur Grenze von Saba&nbsp;ging deine Reise und dein Vogelgespr\u00e4ch mit Salomon ist gut verlaufen&#8230;<\/p>\n\n\n\n<p>Bravo, Moses gleichender Fink, komm und spiele auf zur inneren Weisheit.<\/p>\n\n\n\n<p>Aus der Seele macht er einen Musiker, dank der melodischen Weise der Sch\u00f6pfung&#8230;<\/p>\n\n\n\n<p>Willkommen, Papagei auf dem Paradiesbaum in einem gr\u00fcnen Kleid mit einem feurigen Halsband.<\/p>\n\n\n\n<p>Der Feuerring steht f\u00fcr die H\u00f6lle, das Kleid f\u00fcr das Paradies und das ist gro\u00dfm\u00fctig&#8230;<\/p>\n\n\n\n<p>Bravo, grazi\u00f6ses Rebhuhn, voller Freude vom Berg der Gnosis schreitend. Lache \u00fcber die Methode des Weges<\/p>\n\n\n\n<p>und schlage den Ring am Tor Gottes. Schmelze deinen Berg aus Hungersnot ein, damit daraus eine Kamelstute kommt&#8230;<\/p>\n\n\n\n<p>Willkommen, neidischer Falke, wie sehr willst du noch w\u00fctend sein. Bind den Brief der ewigen Liebe an den Fu\u00df<\/p>\n\n\n\n<p>und l\u00f6se die Fessel dieses Briefes in Ewigkeit nicht. Tausche den angeborenen Verstand mit dem Herzen&#8230;<\/p>\n\n\n\n<p>Bravo, Frankolinhuhn der Himmelsfahrt. Du hast auf dem Haupt des <em>bale<\/em> die Krone des <em>alast<\/em> gesehen.<\/p>\n\n\n\n<p>Weil das <em>alast<\/em>&nbsp;der Liebe auf die Seele h\u00f6rt, nimm vom&nbsp;<em>bale<\/em>&nbsp;der Triebseele den \u00dcberdruss&#8230;<\/p>\n\n\n\n<p>Willkommen, Nachtigall des Gartens der Liebe. Klage wundervoll vom Schmerz und Glut der Liebe.&nbsp;Klage David gleich&nbsp;<\/p>\n\n\n\n<p>auf wunderbare Weise \u00fcber den Schmerz des Herzens, damit man \u00fcber dich jeden Augenblick hundert Seelen streut.<\/p>\n\n\n\n<p>Bravo, Pfau des Gartens mit den acht Toren. Du vergingst durch das Gift einer siebenk\u00f6pfigen Schlange.<\/p>\n\n\n\n<p>Die Rede dieser Schlange ist in dein Blut gelangt und hat dich aus dem Garten Eden geworfen&#8230;<\/p>\n\n\n\n<p>Willkommen, sch\u00f6ner, weit blickender Fasan. Die Quelle des Herzens ist im Meer des Lichtes versunken.<\/p>\n\n\n\n<p>Oh, du sitzt im dunklen Brunnen, geplagt von der Beschuldigung&#8230;<\/p>\n\n\n\n<p>Bravo, harmonische Turteltaube. Du bist froh gegangen und traurig zur\u00fcckgekehrt.<\/p>\n\n\n\n<p>Traurig bist du, weil du im Blut und in der Enge der Gef\u00e4ngnisse von Jonas warst&#8230;<\/p>\n\n\n\n<p>Willkommen, Ringeltaube, stimme deine Melodie an, damit sich der Schatz von sieben Schalen \u00fcber dich ergie\u00dft.<\/p>\n\n\n\n<p>Weil das Halsband der Treue um deinen Hals ist, w\u00e4re treuloses Handeln schlecht f\u00fcr dich&#8230;<\/p>\n\n\n\n<p>Bravo, zum Flug ansetzender Falke. Er ging hochm\u00fctig und kam niedergeschlagen zur\u00fcck.<\/p>\n\n\n\n<p>Sei unbesorgt, wenn du niedergeschlagen bist, und stehe aufrecht, wenn du im Blut ertrunken bist&#8230;<\/p>\n\n\n\n<p>Willkommen, Goldfink mit der sch\u00f6nen Erscheinung, erw\u00e4rme dich durch die Arbeit und werde wie Feuer.<\/p>\n\n\n\n<p>Was zu dir kommt, vernichte durch W\u00e4rme. Verschlie\u00dfe die Augen vor dem Lob aller\u2026<\/p>\n\n\n\n<p><strong>Farid ud-Din Attar<\/strong>&nbsp;(um 1120-1220) : Die Konferenz der V\u00f6gel<br>Aus dem Persischen von Katja F\u00f6llmer.&nbsp;<br><em>marixverlag, Wiesbaden 2008<\/em><\/p>\n\n\n\n<p>Farid ud-Din Attar&nbsp;geh\u00f6rt &#8211; neben Hafiz und Rumi &#8211; zu den bedeutendsten persischen sufi-mystischen Dichtern.<br>Sein ber\u00fchmtes Versepos \u201eDie Konferenz der V\u00f6gel&#8220; erz\u00e4hlt eine poetische und religionsphilosophische Geschichte:<br>Unter dem Vorsitz des Wiedehopfs entschlie\u00dft sich die Versammlung der V\u00f6gel ihren legend\u00e4ren K\u00f6nig,<br>den Wundervogel Simurgh, im Oaf-Gebirge aufzusuchen.&nbsp;<br>Auf der beschwerlichen Reise durch das Tal der Suche, der Liebe, der Erkenntnis, der Unabh\u00e4ngigkeit,<br>der Einheit, des Erstaunens und des Todes -, mit vielen Gespr\u00e4chen und eingestreuten religi\u00f6sen, subtilen&nbsp;<br>und kuriosen Geschichten, M\u00e4rchen, Anekdoten, Gleichnissen, in denen Dschinne, Derwische, Scheiche,&nbsp;<br>aber auch Jesus und Sokrates vorkommen, gehen tausende von ihnen zugrunde.<br>Doch f\u00fcr die \u00dcberlebenden hat sich die M\u00fche gelohnt:<br>Sie erreichen die h\u00f6chste Stufe der Vollkommenheit und erkennen sich selbst.<\/p>\n<\/div>\n<\/div>\n<\/div>\n<\/div>\n\n\n\n<hr class=\"wp-block-separator has-css-opacity is-style-dots\"\/>\n\n\n\n<div class=\"wp-block-columns is-layout-flex wp-container-core-columns-is-layout-9d6595d7 wp-block-columns-is-layout-flex\">\n<div class=\"wp-block-column is-layout-flow wp-block-column-is-layout-flow\" style=\"flex-basis:100%\">\n<div class=\"wp-block-columns is-layout-flex wp-container-core-columns-is-layout-9d6595d7 wp-block-columns-is-layout-flex\">\n<div class=\"wp-block-column is-layout-flow wp-block-column-is-layout-flow\" style=\"flex-basis:100%\">\n<div class=\"wp-block-columns is-layout-flex wp-container-core-columns-is-layout-9d6595d7 wp-block-columns-is-layout-flex\">\n<div class=\"wp-block-column is-layout-flow wp-block-column-is-layout-flow\" style=\"flex-basis:50%\">\n<figure class=\"wp-block-image\"><img loading=\"lazy\" decoding=\"async\" width=\"609\" height=\"606\" src=\"https:\/\/www.raetia.net\/wp-content\/uploads\/Fra-Mauro-.jpg\" alt=\"\" class=\"wp-image-3463\" srcset=\"https:\/\/www.raetia.net\/wp-content\/uploads\/Fra-Mauro-.jpg 609w, https:\/\/www.raetia.net\/wp-content\/uploads\/Fra-Mauro--400x398.jpg 400w, https:\/\/www.raetia.net\/wp-content\/uploads\/Fra-Mauro--235x235.jpg 235w, https:\/\/www.raetia.net\/wp-content\/uploads\/Fra-Mauro--12x12.jpg 12w\" sizes=\"auto, (max-width: 609px) 100vw, 609px\" \/><figcaption class=\"wp-element-caption\"><strong>Fra Mauro<\/strong> (1385-1459) : Mappa Mundi : Karte der&nbsp;\u201eAlten Welt\u201c (Europa, Afrika Asien) : Venedig (1459)<\/figcaption><\/figure>\n<\/div>\n\n\n\n<div class=\"wp-block-column is-layout-flow wp-block-column-is-layout-flow\" style=\"flex-basis:50%\">\n<p><strong>Europa<\/strong><\/p>\n\n\n\n<p><strong>\u2022<\/strong> Die Europ\u00e4ische Union als solche interessiert mich besonders.<br>Ich glaube, dass die liberale Demokratie das Beste ist,<br>was wir erreichen k\u00f6nnen.<br>Und ich glaube nicht, dass es nach dem Kapitalismus eine andere \u00d6konomie geben wird.<br>Ich glaube nicht einmal, dass heute \u00fcberall auf der Welt Kapitalismus herrscht.<br>Die Tr\u00e4ume meiner Jugend von besseren Menschen, von Kollektiv und friedlicher Gemeinschaft habe ich hinter mir gelassen.<br>Das hei\u00dft aber nicht, dass man nicht f\u00fcr etwas eintreten sollte, was man f\u00fcr besser h\u00e4lt.<br>Man hat immer die Wahl, und bisher haben wir schlecht gew\u00e4hlt.<\/p>\n\n\n\n<p><strong>\u2022<\/strong>&nbsp;Ich m\u00f6chte den Anh\u00e4ngern der EU zeigen, wie zerbrechlich die EU ist.<br>Der 50. Jahrestag der R\u00f6mischen Vertr\u00e4ge von 1957 wurde in einem gro\u00dfen Saal in Rom gefeiert.<br>Alle Redner meinten, wie wunderbar alles sei.<br>Ich sagte hingegen, sie h\u00e4tten die europ\u00e4ische Geschichte vergessen.<br>Die Zukunft werde keineswegs einfach sein, vor allem werde es zu Konflikten zwischen Zentrum und Peripherie kommen.<br>Ungarn ist 2004 der EU beigetreten und es war schon absehbar, dass eine Integration nicht so einfach sein w\u00fcrde.<\/p>\n\n\n\n<p><strong>\u2022<\/strong>&nbsp;J\u00fcrgen Habermas erhielt 2008 in Locarno den \u201eEuropapreis f\u00fcr politische Kultur\u201c.<br>Auch dort schw\u00e4rmten alle von den gro\u00dfen europ\u00e4ischen Werten, auch Habermas. Ein Transzendentaleuropa.<br>Ich sagte: \u201eWas f\u00fcr Werte hatte Europa im 20. Jahrhundert? 100 Millionen Europ\u00e4er wurden von Europ\u00e4ern get\u00f6tet.<br>Der Totalitarismus war eine europ\u00e4ische Erfindung, er kommt nicht aus Afrika!<br>Mussolini, Hitler, Stalin waren Europ\u00e4er, ganz besonders auch Lenin.\u201c<br>Ich sprach davon, dass Europa nur eine vergleichsweise kurze Zeit der liberalen Demokratie erlebt hatte.<br>Wenn wir diese liberale Demokratie nicht durchsetzen, w\u00fcrde es gro\u00dfe Probleme geben. Alle waren schockiert.<\/p>\n\n\n\n<p><strong>\u2022<\/strong>&nbsp;Die meisten Europapolitiker tragen immer noch Scheuklappen.<br>Mittlerweile sehen viele die Konflikte, merken aber nicht, wie gef\u00e4hrlich diese sind.<br>Alles, was den europ\u00e4ischen W\u00fcrdentr\u00e4gern nicht gef\u00e4llt, wird \u201ePopulismus\u201c genannt.<br>Sie erkennen nicht, dass es verschiedene Gefahren gibt, die man nicht unter diesem Namen abhandeln kann.<\/p>\n\n\n\n<p><strong>\u2022<\/strong>&nbsp;Ich habe einen gro\u00dfen Teil der europ\u00e4ischen Geschichte selbst erlebt und verstehe nicht,<br>warum die meisten \u00fcber europ\u00e4ische Werte nur ohne Fragezeichen sprechen wollen.<br>Sie glauben, dass Demokratie, Liberalismus und Menschenrechte in Europa fest verankert sind.<br>Das sind sie keineswegs.<br>Man m\u00fcsste sich heute zu diesen Werten als europ\u00e4ischen Werten bekennen.<br>Solche Werte sind Normen, die man nie ganz erreichen kann, aber man k\u00f6nnte sie entschlossen anstreben.<br>Das ist eine wichtige Entscheidung und nicht selbstverst\u00e4ndlich.<br>Auch Terror war bisher ein europ\u00e4ischer Wert, auch Nationalsozialismus und Feudalismus haben in Europa Tradition,<br>und besteht Gefahr, dass sie wieder erstarken.<\/p>\n\n\n\n<p><strong>\u2022<\/strong>&nbsp;Die Europ\u00e4ische Union ist Europas letzte Chance.<br>Wenn sie zerf\u00e4llt, wird Europa untergehen wie das R\u00f6mische Reich.<br>Europa kann man nur retten, wenn man f\u00fcr eine f\u00f6deralistische, liberale Demokratie eintritt.<br>Das transzendentale Europa der Werte wird man nie erreichen, aber man kann sich ihm n\u00e4hern oder sich davon entfernen.<br>Wenn wir ihm n\u00e4herkommen, wird Europa \u00fcberleben, wenn wir uns davon entfernen, wird die europ\u00e4ische Zivilisation zugrunde gehen.<br>Wichtig ist, dass wir wissen, wohin wir wollen.<\/p>\n\n\n\n<p><strong>\u2022<\/strong>&nbsp;Nach den Weltkriegen kam die Hoffnung auf, dass wir von der Geschichte gelernt h\u00e4tten.<br>Doch ich bin mit Hegel der \u00dcberzeugung, das Einzige, was man aus der Geschichte lernen kann, ist, dass man nie etwas aus ihr lernt.<br>Der Mensch ist zu allem f\u00e4hig, zum Guten wie zum Schlechten.<br>Es gibt keine positive \u00dcberwindung der heutigen Gesellschaft, nur eine negative.<br>Marx sagte \u201eSozialismus oder Barbarei\u201c.<br>Sozialismus gibt es nicht, aber Barbarei ist m\u00f6glich.<br>Die Regierenden in Ungarn heute sind Barbaren, sie kennen h\u00f6chstens Fu\u00dfballstars.<br>Kultur bedeutet ihnen nichts.<br>Was sie nicht kontrollieren k\u00f6nnen, das existiert nicht.<br>Orb\u00e1n gewinnt die Mehrheit durch ethnischen Nationalismus und Ausl\u00e4nderhass.<br>Man muss immer jemanden hassen, fr\u00fcher waren es die Juden und Roma.<br>Die eigene Nation ist die beste von allen, andere missverstehen uns, weil sie das nicht erkennen.<br>Das ist jedoch nicht nur eine ungarische Einrichtung.<br>Es gibt einige allgemeine Tendenzen in Europa und in der ganzen Welt.<\/p>\n\n\n\n<p><strong>\u2022<\/strong>&nbsp;Begriffe wie Faschismus, Kommunismus, Bolschewismus, Nazismus passen nicht mehr,&nbsp;<br>denn sie geh\u00f6ren in die alten Zeiten der Klassengesellschaft.<br>Heute gibt es keine Klassengesellschaften mehr, nur noch Massengesellschaften, die die alten b\u00fcrgerlichen Gesellschaften ersetzen.<br>Es gibt daher auch keine Klasseninteressen mehr, die das politische Geschehen beeinflussen k\u00f6nnten.<\/p>\n\n\n\n<p><strong>\u2022<\/strong>&nbsp;Die Massen werden durch Ideologien manipuliert, sie werden immer wichtiger.<br>Ideologien sind nicht unbedingt schlecht, es gibt auch gute, positive.<br>Diese Ideologie ist Freiheit, Gleichheit, Br\u00fcderlichkeit: zur\u00fcck zu unseren grundlegenden Werten.<br>Sie haben ihre eigene Anziehungskraft.<\/p>\n\n\n\n<p><strong>\u2022<\/strong>&nbsp;Das Problem mit Europa ist, wie weit dieser Konflikt zwischen demokratischen Werten eines Nationalismus der Staatsb\u00fcrger<br>und den regressiven Werten des ethnischen Nationalismus geht.<br>Der ethnische Nationalismus ist gef\u00e4hrlich, er k\u00f6nnte in der Europ\u00e4ischen Union zumindest zu einer starken Minderheit werden.<br>Sollte er eine Mehrheit bekommen, wird Europa als f\u00fchrende kulturelle, ideologische, b\u00fcrgerliche Weltmacht verschwinden.<\/p>\n\n\n\n<p><strong>\u2022<\/strong>&nbsp;Viele Menschen w\u00e4hlen heute autorit\u00e4re Politiker, weil sie F\u00fchrung mehr sch\u00e4tzen als die eigene Freiheit.<br>Ein ber\u00fchmter Buchtitel von Erich Fromm lautet \u201eDie Furcht vor der Freiheit\u201c.<br>Das ist der Grund, warum Ideologien so gro\u00dfe Kraft besitzen.&nbsp;<br>Die Menschen wollen nicht w\u00e4hlen, sie wollen, dass andere f\u00fcr sie w\u00e4hlen.<br>Das ist bequem und erspart Konflikte.<\/p>\n\n\n\n<p><strong>\u2022<\/strong>&nbsp;Das Problem ist, dass Europa als solches keine kulturelle Identit\u00e4t hat,&nbsp;<br>sondern aus der Summe aller kulturellen Identit\u00e4ten in Europa besteht.<br>Fragt man ein Kind, was es bedeutet Europ\u00e4er zu sein, wird es die Frage nicht verstehen.<br>Kinder wissen es nicht.<br>Man sollte eine europ\u00e4ische Identit\u00e4t entwickeln, was bisher nicht gegl\u00fcckt ist.<br>Wenn alle Kinder verstehen, was es bedeutet, Europ\u00e4er zu sein, dann wird es Europa geben.<br>Sonst nicht.<\/p>\n\n\n\n<p><strong>\u00c1gnes Heller<\/strong> \u00fcber ihr Leben und ihre Zeit (Auszug) : Der Wert des Zufalls<br><em>Edition Konturen, Wien&nbsp;\u2022 Hamburg, 2018<\/em><\/p>\n<\/div>\n<\/div>\n<\/div>\n<\/div>\n<\/div>\n<\/div>\n\n\n\n<hr class=\"wp-block-separator has-css-opacity is-style-dots\"\/>\n\n\n\n<div class=\"wp-block-columns alignwide is-layout-flex wp-container-core-columns-is-layout-9d6595d7 wp-block-columns-is-layout-flex\">\n<div class=\"wp-block-column is-layout-flow wp-block-column-is-layout-flow\" style=\"flex-basis:50%\">\n<figure class=\"wp-block-image\"><img loading=\"lazy\" decoding=\"async\" width=\"609\" height=\"407\" src=\"https:\/\/www.raetia.net\/wp-content\/uploads\/60_-1.jpg\" alt=\"\" class=\"wp-image-3554\" srcset=\"https:\/\/www.raetia.net\/wp-content\/uploads\/60_-1.jpg 609w, https:\/\/www.raetia.net\/wp-content\/uploads\/60_-1-400x267.jpg 400w, https:\/\/www.raetia.net\/wp-content\/uploads\/60_-1-18x12.jpg 18w\" sizes=\"auto, (max-width: 609px) 100vw, 609px\" \/><\/figure>\n<\/div>\n\n\n\n<div class=\"wp-block-column is-layout-flow wp-block-column-is-layout-flow\" style=\"flex-basis:50%\">\n<p><strong>Khizanat al-Karaouine<\/strong> (auch Qarawiyyin), die Karaouine-Bibliothek, ist die Keimzelle des pr\u00e4genden architektonischen Wahrzeichen von Fes.<\/p>\n\n\n\n<p>Heute, nahezu 1200 Jahre nach ihrer Gr\u00fcndung, ist sie international als \u00bbdie \u00e4lteste existierende und durchg\u00e4ngig betriebene Bildungseinrichtung der Welt\u00ab anerkannt.<\/p>\n\n\n\n<p>Die gro\u00dfen Leuchten unter den Absolventen der Karaouine geh\u00f6ren zu den bedeutendsten Denkern der islamischen Welt des Mittelalters.<\/p>\n\n\n\n<p>Im 12. Jahrhundert studierte hier der j\u00fcdische Gelehrte Maimonides, der herausragende j\u00fcdische Philosoph und zeitweilige Leibarzt am Hofe Saladins, zusammen mit dem \u00bbgr\u00f6\u00dften Meister\u00ab, dem andalusischen Mystiker, Dichter, und Philosophen Ibn al-Arabi.<\/p>\n\n\n\n<p>Ibn al-Khatib, der im Exil lebende Universalgelehrte, Dichter, Historiker, Arzt und Politiker aus Granada, kam im 14. Jahrhundert ebenso an die Karaouine wie sein Sch\u00fcler und Landsmann Ibn Zamraq.<\/p>\n\n\n\n<p>Im 14. Jahrhundert \u00fcberragte der meisterhafte Ibn Khaldun alle seine Kollegen, ein bahnbrechender Historiker, Geschichtsschreiber, und Autor der genrebildenden Universalgeschichte MUQADDIMA, der Vater der Soziologie, ein Politikversessener und der renommierteste Absolvent der Karaouine.<\/p>\n\n\n\n<p>Im 16. Jahrhundert studierte dort der Diplomat, Reisende und Autor Ibn al-Wazzan, im Westen besser bekannt als Leo Africanus, der ein pikareskes Leben f\u00fchrte und sp\u00e4ter eine ausf\u00fchrliche, pointierte und wunderbar detaillierte Schilderung der Stadt Fes hinterlie\u00df.&nbsp;<\/p>\n\n\n\n<p>Er staunte \u00fcber die schier unglaubliche Gr\u00f6\u00dfe der Karaouine, die jeden Abend mit neunhundert \u00d6llampen beleuchtet werden musste.<\/p>\n\n\n\n<p>Unter den viertausend B\u00fcchern und alten Manuskripten finden sich zahlreiche Sch\u00e4tze.<\/p>\n\n\n\n<p>Die B\u00fccher waren hinter 3 Eisent\u00fcren mit 3 verschiedenen Schl\u00fcsseln gelagert, die 3 M\u00e4nner bewahrten.<\/p>\n\n\n\n<p>Wenn man es heutzutage mit viel \u00dcberredungskunst schafft, in die nicht \u00f6ffentlich zug\u00e4ngliche Bibliothek zu gelangen, und die gr\u00fcn gefliesten Treppen hinaufgeht, um einen Blick in den restaurierten Lesesaal zu werfen &#8211; eine Oase der Ruhe &#8211; muss der von der Zeit gezeichnete Hausmeister mit seinen Taschen voller klimpernder Schl\u00fcssel immer noch eine Reihe von Schl\u00f6ssern an der Eisent\u00fcr am Ende des Korridors \u00fcberwinden, der Bibliothek und Moschee verbindet.<\/p>\n\n\n\n<p><strong>Justin Marozzi<\/strong> (*1970) : Islamische Imperien<\/p>\n<\/div>\n<\/div>\n\n\n\n<div class=\"wp-block-columns alignwide is-layout-flex wp-container-core-columns-is-layout-9d6595d7 wp-block-columns-is-layout-flex\">\n<div class=\"wp-block-column is-layout-flow wp-block-column-is-layout-flow\" style=\"flex-basis:50%\">\n<figure class=\"wp-block-image\"><img loading=\"lazy\" decoding=\"async\" width=\"609\" height=\"911\" src=\"https:\/\/www.raetia.net\/wp-content\/uploads\/61_.jpg\" alt=\"\" class=\"wp-image-3555\" srcset=\"https:\/\/www.raetia.net\/wp-content\/uploads\/61_.jpg 609w, https:\/\/www.raetia.net\/wp-content\/uploads\/61_-267x400.jpg 267w, https:\/\/www.raetia.net\/wp-content\/uploads\/61_-8x12.jpg 8w\" sizes=\"auto, (max-width: 609px) 100vw, 609px\" \/><figcaption class=\"wp-element-caption\"><strong>Khizanat al-Karaouine<\/strong> (auch Qarawiyyin), Karaouine-Bibliothek<\/figcaption><\/figure>\n<\/div>\n\n\n\n<div class=\"wp-block-column is-layout-flow wp-block-column-is-layout-flow\" style=\"flex-basis:50%\">\n<p class=\"has-large-font-size\"><\/p>\n<\/div>\n<\/div>\n\n\n\n<hr class=\"wp-block-separator has-css-opacity is-style-dots\"\/>\n\n\n\n<div class=\"wp-block-columns alignwide is-layout-flex wp-container-core-columns-is-layout-9d6595d7 wp-block-columns-is-layout-flex\">\n<div class=\"wp-block-column is-layout-flow wp-block-column-is-layout-flow\" style=\"flex-basis:50%\">\n<figure class=\"wp-block-image\"><img loading=\"lazy\" decoding=\"async\" width=\"609\" height=\"918\" src=\"https:\/\/www.raetia.net\/wp-content\/uploads\/62_James-Joyce-.jpg\" alt=\"\" class=\"wp-image-3608\" srcset=\"https:\/\/www.raetia.net\/wp-content\/uploads\/62_James-Joyce-.jpg 609w, https:\/\/www.raetia.net\/wp-content\/uploads\/62_James-Joyce--265x400.jpg 265w, https:\/\/www.raetia.net\/wp-content\/uploads\/62_James-Joyce--8x12.jpg 8w\" sizes=\"auto, (max-width: 609px) 100vw, 609px\" \/><figcaption class=\"wp-element-caption\"><strong>James Joyce<\/strong> (1882 &#8211; 1941)<\/figcaption><\/figure>\n<\/div>\n\n\n\n<div class=\"wp-block-column is-layout-flow wp-block-column-is-layout-flow\" style=\"flex-basis:50%\">\n<p>In Ruhe las er, seinen Drang noch unterdr\u00fcckend, die erste Spalte und begann, schon nachgebend, doch mit Widerstreben noch, die zweite.<br>Auf ihrer Mitte angelangt, gab er seinen letzten Widerstand auf und erlaubte seinen Eingeweiden, sich zu erleichtern,<br>ganz so gem\u00e4chlich wie er las, und immer noch geduldig lesend, die leichte Verstopfung von gestern ganz verschwunden.<br>Hoffentlich ists nicht zu gro\u00df, geht sonst mit den H\u00e4morrhoiden wieder los.<br>Nein, gerade richtig. So. Ah!<br>Bei Hartleibigkeit eine Tablette Cascara sagrada. K\u00f6nnte alles im Leben so.<br>Es bewegte oder ber\u00fchrte ihn nicht weiter, aber es war etwas Flottes und Sauberes.<br>Drucken jetzt praktisch alles. Sauregurkenzeit.<br>Er las weiter, gelassen \u00fcber seinem eigenen aufsteigenden Geruch sitzend. Bestimmt eine saubere Sache.<br><em>Matcham denkt noch oft an den Meisterstreich, durch welchen er die lachende Hexe gewann, die nunmehr.<\/em><br>F\u00e4ngt moralisch an und h\u00f6rt auch so auf. Hand in Hand. Gar nicht schlecht.<br>Er \u00fcberflog noch einmal, was er alles gelesen hatte, und w\u00e4hren er ruhig sein Wasser abflie\u00dfen f\u00fchlte,<br>beneidete er freundlich Mr. Beaufoy, der das geschrieben und drei Pfund dreizehn-sechs Honorar daf\u00fcr bekommen hatte.<\/p>\n\n\n\n<p><strong>James Joyce<\/strong> : Ulysses (1922)&nbsp; (Viertes Kapitel : Leopold Bloom am Morgen auf seinem&nbsp;\u201eKackstuhl\u201c im Kloh\u00e4uschen seines Gartens)<\/p>\n<\/div>\n<\/div>\n\n\n\n<hr class=\"wp-block-separator has-css-opacity is-style-dots\"\/>\n\n\n\n<div class=\"wp-block-columns is-layout-flex wp-container-core-columns-is-layout-9d6595d7 wp-block-columns-is-layout-flex\">\n<div class=\"wp-block-column is-layout-flow wp-block-column-is-layout-flow\">\n<figure class=\"wp-block-image size-full\"><img loading=\"lazy\" decoding=\"async\" width=\"609\" height=\"411\" src=\"https:\/\/www.raetia.net\/wp-content\/uploads\/63_Internationale-Bilderbuchbibliothek-in-Iwaki-1.jpg\" alt=\"\" class=\"wp-image-3662\" srcset=\"https:\/\/www.raetia.net\/wp-content\/uploads\/63_Internationale-Bilderbuchbibliothek-in-Iwaki-1.jpg 609w, https:\/\/www.raetia.net\/wp-content\/uploads\/63_Internationale-Bilderbuchbibliothek-in-Iwaki-1-400x270.jpg 400w, https:\/\/www.raetia.net\/wp-content\/uploads\/63_Internationale-Bilderbuchbibliothek-in-Iwaki-1-18x12.jpg 18w\" sizes=\"auto, (max-width: 609px) 100vw, 609px\" \/><figcaption class=\"wp-element-caption\"><strong>Internationale Bilderbuchbibliothek<\/strong> in Iwaki. (JAPAN)<\/figcaption><\/figure>\n<\/div>\n\n\n\n<div class=\"wp-block-column is-layout-flow wp-block-column-is-layout-flow\"><\/div>\n<\/div>\n\n\n\n<hr class=\"wp-block-separator has-css-opacity is-style-dots\"\/>\n\n\n\n<div class=\"wp-block-columns is-layout-flex wp-container-core-columns-is-layout-9d6595d7 wp-block-columns-is-layout-flex\">\n<div class=\"wp-block-column is-layout-flow wp-block-column-is-layout-flow\">\n<figure class=\"wp-block-image size-full\"><img loading=\"lazy\" decoding=\"async\" width=\"609\" height=\"407\" src=\"https:\/\/www.raetia.net\/wp-content\/uploads\/64_Kinderbibliothek.jpg\" alt=\"\" class=\"wp-image-3663\" srcset=\"https:\/\/www.raetia.net\/wp-content\/uploads\/64_Kinderbibliothek.jpg 609w, https:\/\/www.raetia.net\/wp-content\/uploads\/64_Kinderbibliothek-400x267.jpg 400w, https:\/\/www.raetia.net\/wp-content\/uploads\/64_Kinderbibliothek-18x12.jpg 18w\" sizes=\"auto, (max-width: 609px) 100vw, 609px\" \/><figcaption class=\"wp-element-caption\"><strong>Kinderbibliothek<\/strong> des Resorts Soneva Kiri. (THAILAND)<\/figcaption><\/figure>\n<\/div>\n\n\n\n<div class=\"wp-block-column is-layout-flow wp-block-column-is-layout-flow\"><\/div>\n<\/div>\n\n\n\n<div class=\"wp-block-columns is-layout-flex wp-container-core-columns-is-layout-9d6595d7 wp-block-columns-is-layout-flex\">\n<div class=\"wp-block-column is-layout-flow wp-block-column-is-layout-flow\">\n<p><\/p>\n<\/div>\n\n\n\n<div class=\"wp-block-column is-layout-flow wp-block-column-is-layout-flow\"><\/div>\n<\/div>\n\n\n\n<hr class=\"wp-block-separator has-css-opacity is-style-dots\"\/>\n\n\n\n<div class=\"wp-block-columns is-layout-flex wp-container-core-columns-is-layout-9d6595d7 wp-block-columns-is-layout-flex\">\n<div class=\"wp-block-column is-layout-flow wp-block-column-is-layout-flow\">\n<figure class=\"wp-block-image size-full\"><img loading=\"lazy\" decoding=\"async\" width=\"609\" height=\"407\" src=\"https:\/\/www.raetia.net\/wp-content\/uploads\/65_Schiffsbibliothek.jpg\" alt=\"\" class=\"wp-image-3664\" srcset=\"https:\/\/www.raetia.net\/wp-content\/uploads\/65_Schiffsbibliothek.jpg 609w, https:\/\/www.raetia.net\/wp-content\/uploads\/65_Schiffsbibliothek-400x267.jpg 400w, https:\/\/www.raetia.net\/wp-content\/uploads\/65_Schiffsbibliothek-18x12.jpg 18w\" sizes=\"auto, (max-width: 609px) 100vw, 609px\" \/><\/figure>\n<\/div>\n\n\n\n<div class=\"wp-block-column is-layout-flow wp-block-column-is-layout-flow\">\n<p>Die Epos ist ein&nbsp;<strong>Bibliotheksschiff<\/strong>, das seit 1963 jeden Sommer an den Fjorden entlangf\u00e4hrt.&nbsp;<br>Auf dem Schiff ist Platz f\u00fcr etwa 6.000 B\u00fccher. (NORWEGEN)<\/p>\n<\/div>\n<\/div>\n\n\n\n<hr class=\"wp-block-separator has-css-opacity is-style-dots\"\/>\n\n\n\n<div class=\"wp-block-columns is-layout-flex wp-container-core-columns-is-layout-9d6595d7 wp-block-columns-is-layout-flex\">\n<div class=\"wp-block-column is-layout-flow wp-block-column-is-layout-flow\">\n<figure class=\"wp-block-image size-full\"><img loading=\"lazy\" decoding=\"async\" width=\"609\" height=\"406\" src=\"https:\/\/www.raetia.net\/wp-content\/uploads\/66_Bibliothek-des-Vatikans.jpg\" alt=\"\" class=\"wp-image-3665\" srcset=\"https:\/\/www.raetia.net\/wp-content\/uploads\/66_Bibliothek-des-Vatikans.jpg 609w, https:\/\/www.raetia.net\/wp-content\/uploads\/66_Bibliothek-des-Vatikans-400x267.jpg 400w, https:\/\/www.raetia.net\/wp-content\/uploads\/66_Bibliothek-des-Vatikans-18x12.jpg 18w\" sizes=\"auto, (max-width: 609px) 100vw, 609px\" \/><\/figure>\n<\/div>\n\n\n\n<div class=\"wp-block-column is-layout-flow wp-block-column-is-layout-flow\">\n<p><strong>Bibliothek des Vatikans<\/strong> in Rom.&nbsp;<br>Lagert u.a. die Unterschrift Galileos zu seiner Verurteilung 1633,&nbsp;<br>die Briefe des Heiligen Petrus auf Papyrusschriftrollen und die \u00e4lteste bekannte Bibel. (VATIKANSTADT)<\/p>\n<\/div>\n<\/div>\n\n\n\n<hr class=\"wp-block-separator has-css-opacity is-style-dots\"\/>\n\n\n\n<div class=\"wp-block-columns is-layout-flex wp-container-core-columns-is-layout-9d6595d7 wp-block-columns-is-layout-flex\">\n<div class=\"wp-block-column is-layout-flow wp-block-column-is-layout-flow\">\n<figure class=\"wp-block-image size-full\"><img loading=\"lazy\" decoding=\"async\" width=\"609\" height=\"353\" src=\"https:\/\/www.raetia.net\/wp-content\/uploads\/67_Stadtbibliothek-Stuttgard.jpg\" alt=\"\" class=\"wp-image-3666\" srcset=\"https:\/\/www.raetia.net\/wp-content\/uploads\/67_Stadtbibliothek-Stuttgard.jpg 609w, https:\/\/www.raetia.net\/wp-content\/uploads\/67_Stadtbibliothek-Stuttgard-400x232.jpg 400w, https:\/\/www.raetia.net\/wp-content\/uploads\/67_Stadtbibliothek-Stuttgard-18x10.jpg 18w\" sizes=\"auto, (max-width: 609px) 100vw, 609px\" \/><figcaption class=\"wp-element-caption\"><strong>Stadtbibliothek Stuttgart<\/strong>&nbsp;&#8211; Neubau vom koreanischen Architekten Eun Young Yi, Er\u00f6ffnung 2011. (DEUTSCHLAND)<\/figcaption><\/figure>\n<\/div>\n\n\n\n<div class=\"wp-block-column is-layout-flow wp-block-column-is-layout-flow\"><\/div>\n<\/div>\n\n\n\n<hr class=\"wp-block-separator has-css-opacity is-style-dots\"\/>\n\n\n\n<div class=\"wp-block-columns is-layout-flex wp-container-core-columns-is-layout-9d6595d7 wp-block-columns-is-layout-flex\">\n<div class=\"wp-block-column is-layout-flow wp-block-column-is-layout-flow\">\n<figure class=\"wp-block-image size-full\"><img loading=\"lazy\" decoding=\"async\" width=\"609\" height=\"408\" src=\"https:\/\/www.raetia.net\/wp-content\/uploads\/68_CElsus-Bibliothek.jpg\" alt=\"\" class=\"wp-image-3667\" srcset=\"https:\/\/www.raetia.net\/wp-content\/uploads\/68_CElsus-Bibliothek.jpg 609w, https:\/\/www.raetia.net\/wp-content\/uploads\/68_CElsus-Bibliothek-400x268.jpg 400w, https:\/\/www.raetia.net\/wp-content\/uploads\/68_CElsus-Bibliothek-18x12.jpg 18w\" sizes=\"auto, (max-width: 609px) 100vw, 609px\" \/><\/figure>\n<\/div>\n\n\n\n<div class=\"wp-block-column is-layout-flow wp-block-column-is-layout-flow\">\n<p><strong>Celsus-Bibliothek<\/strong>, urspr\u00fcnglich im Jahr 117 auf dem Grab von Iulius Celsus Polemaeanus errichtet.&nbsp;<br>Befindet sich noch immer in den Ruinen der Stadt Ephesos (heute Sel\u00e7uk).&nbsp;<br>Hier lagerten einst \u00fcber mehr als 12.000 Schriftrollen. (T\u00dcRKEI)<\/p>\n<\/div>\n<\/div>\n\n\n\n<hr class=\"wp-block-separator has-css-opacity is-style-dots\"\/>\n\n\n\n<div class=\"wp-block-columns is-layout-flex wp-container-core-columns-is-layout-9d6595d7 wp-block-columns-is-layout-flex\">\n<div class=\"wp-block-column is-layout-flow wp-block-column-is-layout-flow\">\n<figure class=\"wp-block-image size-full\"><img loading=\"lazy\" decoding=\"async\" width=\"609\" height=\"407\" src=\"https:\/\/www.raetia.net\/wp-content\/uploads\/69_Strahov-Buecherei-.jpg\" alt=\"\" class=\"wp-image-3668\" srcset=\"https:\/\/www.raetia.net\/wp-content\/uploads\/69_Strahov-Buecherei-.jpg 609w, https:\/\/www.raetia.net\/wp-content\/uploads\/69_Strahov-Buecherei--400x267.jpg 400w, https:\/\/www.raetia.net\/wp-content\/uploads\/69_Strahov-Buecherei--18x12.jpg 18w\" sizes=\"auto, (max-width: 609px) 100vw, 609px\" \/><figcaption class=\"wp-element-caption\"><strong>Strahov B\u00fccherei<\/strong> (Strahovsk\u00e1 knihovna) in Prag.<\/figcaption><\/figure>\n<\/div>\n\n\n\n<div class=\"wp-block-column is-layout-flow wp-block-column-is-layout-flow\">\n<p>Die Klosterb\u00fccherei der Pr\u00e4monstratenser am Strahov ist eine der wertvollsten und besterhaltenen historischen Bibliotheken.&nbsp;<br>Die Sammlungen z\u00e4hlen an die 200.000 B\u00e4nde.&nbsp;<br>Der \u00e4lteste Teil der heutigen B\u00fccherei, der barocke Theologiesaal, entstand in den Jahre 1671 \u2013 1674, das klassizistische Hauptgew\u00f6lbe des Philosophischen Saals stammt aus dem Jahre 1794. (Tschechische Republik)<\/p>\n<\/div>\n<\/div>\n\n\n\n<hr class=\"wp-block-separator has-css-opacity is-style-dots\"\/>\n\n\n\n<div class=\"wp-block-columns is-layout-flex wp-container-core-columns-is-layout-9d6595d7 wp-block-columns-is-layout-flex\">\n<div class=\"wp-block-column is-layout-flow wp-block-column-is-layout-flow\">\n<figure class=\"wp-block-image size-full\"><img loading=\"lazy\" decoding=\"async\" width=\"609\" height=\"408\" src=\"https:\/\/www.raetia.net\/wp-content\/uploads\/70_Kongressbibliothek.jpg\" alt=\"\" class=\"wp-image-3669\" srcset=\"https:\/\/www.raetia.net\/wp-content\/uploads\/70_Kongressbibliothek.jpg 609w, https:\/\/www.raetia.net\/wp-content\/uploads\/70_Kongressbibliothek-400x268.jpg 400w, https:\/\/www.raetia.net\/wp-content\/uploads\/70_Kongressbibliothek-18x12.jpg 18w\" sizes=\"auto, (max-width: 609px) 100vw, 609px\" \/><figcaption class=\"wp-element-caption\"><strong>Kongressbibliothek<\/strong> in Washington D.C. (USA)<\/figcaption><\/figure>\n<\/div>\n\n\n\n<div class=\"wp-block-column is-layout-flow wp-block-column-is-layout-flow\"><\/div>\n<\/div>\n\n\n\n<hr class=\"wp-block-separator has-css-opacity is-style-dots\"\/>\n\n\n\n<div class=\"wp-block-columns is-layout-flex wp-container-core-columns-is-layout-9d6595d7 wp-block-columns-is-layout-flex\">\n<div class=\"wp-block-column is-layout-flow wp-block-column-is-layout-flow\">\n<figure class=\"wp-block-image size-full\"><img loading=\"lazy\" decoding=\"async\" width=\"609\" height=\"408\" src=\"https:\/\/www.raetia.net\/wp-content\/uploads\/71_Burundi.jpg\" alt=\"\" class=\"wp-image-3670\" srcset=\"https:\/\/www.raetia.net\/wp-content\/uploads\/71_Burundi.jpg 609w, https:\/\/www.raetia.net\/wp-content\/uploads\/71_Burundi-400x268.jpg 400w, https:\/\/www.raetia.net\/wp-content\/uploads\/71_Burundi-18x12.jpg 18w\" sizes=\"auto, (max-width: 609px) 100vw, 609px\" \/><\/figure>\n<\/div>\n\n\n\n<div class=\"wp-block-column is-layout-flow wp-block-column-is-layout-flow\">\n<p>Die erste <strong>Bibliothek von Muyinga<\/strong> wurde von der Gemeinde aus lokal hergestellten Erdziegeln, Tonziegeln und Balken aus Eukalyptusholz gebaut. &nbsp;<br>Im Kinderleseraum befindet sich eine Sisal-H\u00e4ngematte zwischen der ersten und der zweiten Etage. (BURUNDI)<\/p>\n<\/div>\n<\/div>\n\n\n\n<hr class=\"wp-block-separator has-css-opacity is-style-dots\"\/>\n\n\n\n<div class=\"wp-block-columns is-layout-flex wp-container-core-columns-is-layout-9d6595d7 wp-block-columns-is-layout-flex\">\n<div class=\"wp-block-column is-layout-flow wp-block-column-is-layout-flow\">\n<figure class=\"wp-block-image size-full\"><img loading=\"lazy\" decoding=\"async\" width=\"609\" height=\"458\" src=\"https:\/\/www.raetia.net\/wp-content\/uploads\/72_Bibliotheca-Alexandrina-.jpg\" alt=\"\" class=\"wp-image-3671\" srcset=\"https:\/\/www.raetia.net\/wp-content\/uploads\/72_Bibliotheca-Alexandrina-.jpg 609w, https:\/\/www.raetia.net\/wp-content\/uploads\/72_Bibliotheca-Alexandrina--400x301.jpg 400w, https:\/\/www.raetia.net\/wp-content\/uploads\/72_Bibliotheca-Alexandrina--16x12.jpg 16w\" sizes=\"auto, (max-width: 609px) 100vw, 609px\" \/><figcaption class=\"wp-element-caption\"><strong>Bibliotheca Alexandrina<\/strong>&nbsp;(Leseraum). Neubau, 2001 fertiggestellt.<\/figcaption><\/figure>\n<\/div>\n\n\n\n<div class=\"wp-block-column is-layout-flow wp-block-column-is-layout-flow\">\n<p>Weltweit gr\u00f6\u00dfte Sammlung digitaler Manuskripte.<br>Angesichts des hohen Anteils an Analphabeten und der ernormen Armut im Lande l\u00f6sten die Baukosten von insgesamt 218 Millionen US-Dollar internationale Kritik aus. (\u00c4GYPTEN)<\/p>\n<\/div>\n<\/div>\n\n\n\n<hr class=\"wp-block-separator has-css-opacity is-style-dots\"\/>\n\n\n\n<div class=\"wp-block-columns is-layout-flex wp-container-core-columns-is-layout-9d6595d7 wp-block-columns-is-layout-flex\">\n<div class=\"wp-block-column is-layout-flow wp-block-column-is-layout-flow\">\n<figure class=\"wp-block-image size-full\"><img loading=\"lazy\" decoding=\"async\" width=\"609\" height=\"402\" src=\"https:\/\/www.raetia.net\/wp-content\/uploads\/73_Sankt-Gallen.jpg\" alt=\"\" class=\"wp-image-3680\" srcset=\"https:\/\/www.raetia.net\/wp-content\/uploads\/73_Sankt-Gallen.jpg 609w, https:\/\/www.raetia.net\/wp-content\/uploads\/73_Sankt-Gallen-400x264.jpg 400w, https:\/\/www.raetia.net\/wp-content\/uploads\/73_Sankt-Gallen-18x12.jpg 18w\" sizes=\"auto, (max-width: 609px) 100vw, 609px\" \/><figcaption class=\"wp-element-caption\"><strong>Stiftsbibliothek der F\u00fcrstabtei St. Gallen.<\/strong><\/figcaption><\/figure>\n<\/div>\n\n\n\n<div class=\"wp-block-column is-layout-flow wp-block-column-is-layout-flow\">\n<p>Bilderhandschriften aus dem 8. &#8211; 11. Jahrhundert und der \u00e4lteste bekannte Architekturplan auf Pergament sind nur zwei der Sch\u00e4tze in der 1.200 Jahre alten, im barocken Stil erbauten F\u00fcrstabtei.&nbsp;<br>1983 wurde die Stiftsbibliothek zusammen mit dem gesamten Stiftsbezirk St.Gallen von der UNESCO ins Verzeichnis des Weltkulturerbes aufgenommen. 2017 folgte die Auszeichnung des schriftlichen Erbes des Klosters St.Gallen in der Stiftsbibliothek und im Stiftsarchiv als Weltdokumentenerbe. (Schweiz)<\/p>\n<\/div>\n<\/div>\n\n\n\n<hr class=\"wp-block-separator has-css-opacity is-style-dots\"\/>\n\n\n\n<div class=\"wp-block-columns is-layout-flex wp-container-core-columns-is-layout-9d6595d7 wp-block-columns-is-layout-flex\">\n<div class=\"wp-block-column is-layout-flow wp-block-column-is-layout-flow\">\n<figure class=\"wp-block-image size-full\"><img loading=\"lazy\" decoding=\"async\" width=\"609\" height=\"739\" src=\"https:\/\/www.raetia.net\/wp-content\/uploads\/73_Paul-Klee.jpg\" alt=\"\" class=\"wp-image-3787\" srcset=\"https:\/\/www.raetia.net\/wp-content\/uploads\/73_Paul-Klee.jpg 609w, https:\/\/www.raetia.net\/wp-content\/uploads\/73_Paul-Klee-330x400.jpg 330w, https:\/\/www.raetia.net\/wp-content\/uploads\/73_Paul-Klee-10x12.jpg 10w\" sizes=\"auto, (max-width: 609px) 100vw, 609px\" \/><figcaption class=\"wp-element-caption\"><strong>Paul Klee<\/strong> : Angelus Novus (1920)<\/figcaption><\/figure>\n<\/div>\n\n\n\n<div class=\"wp-block-column is-layout-flow wp-block-column-is-layout-flow\">\n<p>Es gibt ein Bild von Klee, das Angelus Novus hei\u00dft.<br>Ein Engel ist darauf dargestellt, der aussieht, als w\u00e4re er im Begriff, sich von etwas zu entfernen, worauf er starrt.<br>Seine Augen sind aufgerissen, sein Mund steht offen und seine Fl\u00fcgel sind ausgespannt.<br>Der Engel der Geschichte muss so aussehen.<br>Er hat das Antlitz der Vergangenheit zugewendet.<br>Wo eine Kette von Begebenheiten vor <em>uns<\/em> erscheint, da sieht er eine einzige Katastrophe, die unabl\u00e4ssig Tr\u00fcmmer auf Tr\u00fcmmer h\u00e4uft und sie ihm vor die F\u00fc\u00dfe schleudert.<br>Er m\u00f6chte wohl verweilen, die Toten wecken und das Zerschlagene zusammenf\u00fcgen.<br>Aber ein Sturm weht vom Paradiese her, der sich in seinen Fl\u00fcgeln verfangen hat und so stark ist, da\u00df der Engel sie nicht mehr schlie\u00dfen kann.<br>Dieser Sturm treibt ihn unaufhaltsam in die Zukunft, der er den R\u00fccken kehrt, w\u00e4hrend der Tr\u00fcmmerhaufen vor ihm zum Himmel w\u00e4chst.<br>Das, was wir Fortschritt nennen, ist <em>dieser<\/em> Sturm.&nbsp;<\/p>\n\n\n\n<p><strong>Walter Benjamin<\/strong> (1892 &#8211; 1940)&nbsp;<\/p>\n<\/div>\n<\/div>\n\n\n\n<hr class=\"wp-block-separator has-alpha-channel-opacity is-style-dots\"\/>\n\n\n\n<div class=\"wp-block-columns is-layout-flex wp-container-core-columns-is-layout-9d6595d7 wp-block-columns-is-layout-flex\">\n<div class=\"wp-block-column is-layout-flow wp-block-column-is-layout-flow\">\n<figure class=\"wp-block-image size-full\"><img loading=\"lazy\" decoding=\"async\" width=\"609\" height=\"792\" src=\"https:\/\/www.raetia.net\/wp-content\/uploads\/75_russische-Kupferstichbibel.jpg\" alt=\"\" class=\"wp-image-3810\" srcset=\"https:\/\/www.raetia.net\/wp-content\/uploads\/75_russische-Kupferstichbibel.jpg 609w, https:\/\/www.raetia.net\/wp-content\/uploads\/75_russische-Kupferstichbibel-308x400.jpg 308w, https:\/\/www.raetia.net\/wp-content\/uploads\/75_russische-Kupferstichbibel-9x12.jpg 9w\" sizes=\"auto, (max-width: 609px) 100vw, 609px\" \/><figcaption class=\"wp-element-caption\"><strong>Illustration aus der ersten russischen Kupferstichbibel<\/strong> (1696) : Gott ruht am Schabbat<\/figcaption><\/figure>\n<\/div>\n\n\n\n<div class=\"wp-block-column is-layout-flow wp-block-column-is-layout-flow\">\n<p>Die Unt\u00e4tigkeit bildet das Humanum.<br>Der Anteil der Unt\u00e4tigkeit am Tun macht dieses genuin menschlich.<br>Ohne Moment des Z\u00f6gerns oder des Innehaltens sinkt das Handeln zur blinden Aktion und Reaktion herab.<br>Ohne Ruhe entsteht eine neue Barbarei.<br>Schweigen vertieft das Sprechen.<br>Ohne Stille gibt es keine Musik, sondern nur L\u00e4rm und Ger\u00e4usch.<br>Spiel ist die Essenz der Sch\u00f6nheit.<br>Wo allein das Schema von Reiz und Reaktion, von Ziel und Handlung herrscht, verk\u00fcmmert das Leben zum \u00dcberleben, zum nackten animalischen Leben.<br>Das Leben erh\u00e4lt seinen Glanz erst von der Unt\u00e4tigkeit.<br>Kommt uns die Unt\u00e4tigkeit als Verm\u00f6gen abhanden, gleichen wir einer Maschine, die nur zu funktionieren hat.<br>Das wahre Leben beginnt in dem Moment, in dem die Sorge um das \u00dcberleben, die Not des schieren Lebens aufh\u00f6rt.<br>Der letzte Zweck menschlicher Anstrengungen ist die Unt\u00e4tigkeit.<br>Handeln ist zwar konstitutiv f\u00fcr die Geschichte, ist aber keine kulturbildende Kraft.<br>Nicht der Krieg, sondern das Fest, nicht die Waffe sondern der Schmuck ist der Ursprung der Kultur.<br>Geschichte und Kultur sind nicht deckungsgleich.<br>Nicht direkte Wege zum Ziel, sondern Abschweifungen, Ausschweifungen und Umwege bilden die Kultur.<br>Der Wesenskern der Kultur ist ornamental.<br>Sie ist ausserhalb der Funktionalit\u00e4t und N\u00fctzlichkeit angesiedelt.<br>Mit dem Ornamentalen, das sich von Ziel und Nutzen emanzipiert, beharrt das Leben darauf, dass es mehr ist als das \u00dcberleben.<\/p>\n\n\n\n<p><strong>Byung-Chul Han<\/strong> (*1959)<\/p>\n<\/div>\n<\/div>\n\n\n\n<hr class=\"wp-block-separator has-alpha-channel-opacity is-style-dots\"\/>\n\n\n\n<div class=\"wp-block-columns is-layout-flex wp-container-core-columns-is-layout-9d6595d7 wp-block-columns-is-layout-flex\">\n<div class=\"wp-block-column is-layout-flow wp-block-column-is-layout-flow\">\n<figure class=\"wp-block-image size-full\"><img loading=\"lazy\" decoding=\"async\" width=\"609\" height=\"477\" src=\"https:\/\/www.raetia.net\/wp-content\/uploads\/76_Spitzweg.jpg\" alt=\"\" class=\"wp-image-3829\" srcset=\"https:\/\/www.raetia.net\/wp-content\/uploads\/76_Spitzweg.jpg 609w, https:\/\/www.raetia.net\/wp-content\/uploads\/76_Spitzweg-400x313.jpg 400w, https:\/\/www.raetia.net\/wp-content\/uploads\/76_Spitzweg-15x12.jpg 15w\" sizes=\"auto, (max-width: 609px) 100vw, 609px\" \/><figcaption class=\"wp-element-caption\"><strong>Carl Spitzweg<\/strong> (1808 &#8211; 1885) : Der arme Poet (1839)<\/figcaption><\/figure>\n<\/div>\n\n\n\n<div class=\"wp-block-column is-layout-flow wp-block-column-is-layout-flow\">\n<p><strong>Humorvolle Spinner<\/strong><\/p>\n\n\n\n<p>Spinnete K\u00f6pfe, gescheit und begabt,<br>Weil ihr einen Pieps, einen Vogel habt,<br>Verlachen euch manche und meiden<br>Euch. Ich mag euch leiden.<br>Ein Piepvogel lebt so hoch und frei<br>\u00dcber den Filzlatschen der Spie\u00dfer.<br>Der Spie\u00dfer meint: Ein Bandwurm sei<br>Kein stiller Genie\u00dfer.<br>Doch Spie\u00dfermeinung ist nicht mal so wichtig<br>Wie das, was aus Piepvogel f\u00e4llt.<br>Nur der, der im Kopf nicht ganz richtig<br>Ist, lebt sich und unterh\u00e4lt.<\/p>\n\n\n\n<p><strong>Joachim Ringelnatz<\/strong> (1883 &#8211; 1934)&nbsp;<\/p>\n<\/div>\n<\/div>\n\n\n\n<hr class=\"wp-block-separator has-alpha-channel-opacity is-style-dots\"\/>\n\n\n\n<div class=\"wp-block-columns is-layout-flex wp-container-core-columns-is-layout-9d6595d7 wp-block-columns-is-layout-flex\">\n<div class=\"wp-block-column is-layout-flow wp-block-column-is-layout-flow\">\n<figure class=\"wp-block-image size-full\"><img loading=\"lazy\" decoding=\"async\" width=\"423\" height=\"301\" src=\"https:\/\/www.raetia.net\/wp-content\/uploads\/77_Dreissmann.jpg\" alt=\"\" class=\"wp-image-3831\" srcset=\"https:\/\/www.raetia.net\/wp-content\/uploads\/77_Dreissmann.jpg 423w, https:\/\/www.raetia.net\/wp-content\/uploads\/77_Dreissmann-400x285.jpg 400w, https:\/\/www.raetia.net\/wp-content\/uploads\/77_Dreissmann-18x12.jpg 18w\" sizes=\"auto, (max-width: 423px) 100vw, 423px\" \/><figcaption class=\"wp-element-caption\"><strong>Sepp Dreissinger<\/strong>&nbsp;(*1946) : Der Dichter H. C. Artmann<\/figcaption><\/figure>\n<\/div>\n\n\n\n<div class=\"wp-block-column is-layout-flow wp-block-column-is-layout-flow\">\n<p><strong>mein herz<\/strong><\/p>\n\n\n\n<p>mein herz ist das laechelnde kleid eines nie erratenen gedankens<br>mein herz ist die stumme frage eines bogens aus elfenbein<br>mein herz ist der frische schnee auf der spur junger voegel<br>mein herz ist die abendstille geste einer atmenden hand<\/p>\n\n\n\n<p><strong>h.c. artmann<\/strong> (1921 &#8211; 2000): achtundachtzig ausgewaehlte gedichte. (1966)<\/p>\n<\/div>\n<\/div>\n\n\n\n<hr class=\"wp-block-separator has-alpha-channel-opacity is-style-dots\"\/>\n\n\n\n<div class=\"wp-block-columns is-layout-flex wp-container-core-columns-is-layout-9d6595d7 wp-block-columns-is-layout-flex\">\n<div class=\"wp-block-column is-layout-flow wp-block-column-is-layout-flow\">\n<figure class=\"wp-block-image size-full\"><img loading=\"lazy\" decoding=\"async\" width=\"609\" height=\"907\" src=\"https:\/\/www.raetia.net\/wp-content\/uploads\/78_Siegfried-Unseld.jpg\" alt=\"\" class=\"wp-image-3886\" srcset=\"https:\/\/www.raetia.net\/wp-content\/uploads\/78_Siegfried-Unseld.jpg 609w, https:\/\/www.raetia.net\/wp-content\/uploads\/78_Siegfried-Unseld-269x400.jpg 269w, https:\/\/www.raetia.net\/wp-content\/uploads\/78_Siegfried-Unseld-8x12.jpg 8w\" sizes=\"auto, (max-width: 609px) 100vw, 609px\" \/><figcaption class=\"wp-element-caption\"><strong>Siegfried Unseld<\/strong> (1924 &#8211; 2002), Verleger &nbsp;<\/figcaption><\/figure>\n<\/div>\n\n\n\n<div class=\"wp-block-column is-layout-flow wp-block-column-is-layout-flow\">\n<p><strong>\u2022<\/strong> Siegfried Unseld war nach Studium der Germanistik und Dissertation \u00fcber H. Hesse ab 1952 im Suhrkamp Verlag t\u00e4tig, den er nach P. Suhrkamps Tod (1959) leitete wie sp\u00e4ter auch den Insel Verlag.&nbsp;<br>Unter anderem legte Unseld die regenbogenfarbene \u00bbedition suhrkamp\u00ab auf, die buch\u00e4sthetische Ma\u00dfst\u00e4be setzte und deren Autoren den gesellschaftlichen Diskurs in Deutschland pr\u00e4gten. Unseld gilt als der bedeutendste deutsche Buchverleger nach dem Zweiten Weltkrieg.<\/p>\n\n\n\n<p><strong>(Brockhaus)<\/strong><\/p>\n<\/div>\n<\/div>\n\n\n\n<div class=\"wp-block-columns is-layout-flex wp-container-core-columns-is-layout-9d6595d7 wp-block-columns-is-layout-flex\">\n<div class=\"wp-block-column is-layout-flow wp-block-column-is-layout-flow\">\n<figure class=\"wp-block-image size-full\"><img loading=\"lazy\" decoding=\"async\" width=\"609\" height=\"206\" src=\"https:\/\/www.raetia.net\/wp-content\/uploads\/78_Siegfried-Unseld-Buchreihe.jpg\" alt=\"\" class=\"wp-image-3888\" srcset=\"https:\/\/www.raetia.net\/wp-content\/uploads\/78_Siegfried-Unseld-Buchreihe.jpg 609w, https:\/\/www.raetia.net\/wp-content\/uploads\/78_Siegfried-Unseld-Buchreihe-400x135.jpg 400w, https:\/\/www.raetia.net\/wp-content\/uploads\/78_Siegfried-Unseld-Buchreihe-18x6.jpg 18w\" sizes=\"auto, (max-width: 609px) 100vw, 609px\" \/><\/figure>\n<\/div>\n\n\n\n<div class=\"wp-block-column is-layout-flow wp-block-column-is-layout-flow\">\n<p><strong>\u2022<\/strong>&nbsp;Ich war in New York sehr verzweifelt.<br>Ich wei\u00df ja, ein Autor muss im Verleger in erster Linie den Verleger sehen, die mehr oder weniger perfekte Verlagsmaschine.&nbsp;Da\u00df auch er ein Mensch mit Gef\u00fchlen ist, wer denkt schon daran.<br>Und ich war in diesen New Yorker Tagen allein, und \u00bbeinsam wie ein Hund\u00ab, nur deshalb fuhr ich fr\u00fcher zur\u00fcck als geplant.<br>Max Frisch hat mir schon manchen Schock versetzt.<br>Doch der New Yorker Lunch stellte alles in den Schatten.<br>Er traf mich so, da\u00df ich zum ersten Mal in meinem Leben Resignation empfand.&nbsp;Den Gedanken dachte, das Handtuch zu werfen. Auch ich habe ein Recht, nicht gedem\u00fctigt werden zu wollen.<br>Doch was bleibt ist schon Candides Weisheit: Bestelle deinen Garten.&nbsp;<br>Und Kr\u00e4fte wuchsen mir auch wieder zu, als ich die Klassiker las: Schiller: \u00bbWie verf\u00e4hrt die Natur, um Hohes und Niederes im Menschen zu verbinden? Sie stellt die Eitelkeit zwischen ihnen.\u00ab<br>Goethe: \u00bbDie Eigenliebe l\u00e4\u00dft wohl unsere Tugenden als auch unsere Fehler viel bedeutender, als sie sind, erscheinen.\u00ab<br>Lenin: \u00bbAus einen kleinen Fehler kann man einen ungeheuerlich gro\u00dfen machen, wenn man auf ihn beharrt, wenn man ihn tief begr\u00fcndet, wenn man ihn zu Ende f\u00fchrt.\u00ab<\/p>\n\n\n\n<p><strong>Siegfried Unseld<\/strong> : Reiseberichte (New York 1971) : Suhrkamp Verlag 2020<\/p>\n<\/div>\n<\/div>\n\n\n\n<hr class=\"wp-block-separator has-alpha-channel-opacity is-style-dots\"\/>\n\n\n\n<div class=\"wp-block-columns is-layout-flex wp-container-core-columns-is-layout-9d6595d7 wp-block-columns-is-layout-flex\">\n<div class=\"wp-block-column is-layout-flow wp-block-column-is-layout-flow\">\n<figure class=\"wp-block-image size-full\"><img loading=\"lazy\" decoding=\"async\" width=\"609\" height=\"924\" src=\"https:\/\/www.raetia.net\/wp-content\/uploads\/79_Walther-von-der-Vogelweide.jpg\" alt=\"\" class=\"wp-image-3902\" srcset=\"https:\/\/www.raetia.net\/wp-content\/uploads\/79_Walther-von-der-Vogelweide.jpg 609w, https:\/\/www.raetia.net\/wp-content\/uploads\/79_Walther-von-der-Vogelweide-264x400.jpg 264w, https:\/\/www.raetia.net\/wp-content\/uploads\/79_Walther-von-der-Vogelweide-8x12.jpg 8w\" sizes=\"auto, (max-width: 609px) 100vw, 609px\" \/><figcaption class=\"wp-element-caption\"><strong>Walther von der Vogelweide<\/strong> (um 1170 &#8211; um 1230) : Codex Manesse (1305 &#8211; 1315)<\/figcaption><\/figure>\n<\/div>\n\n\n\n<div class=\"wp-block-column is-layout-flow wp-block-column-is-layout-flow\">\n<p><strong>Under der Linden<\/strong><\/p>\n\n\n\n<p>Unter der Linden<br>Bei der Heide,<br>Wo unser zweier Bett gemacht,<br>Da m\u00f6gt ihr finden,<br>Wie wir beide<br>Pfl\u00fcckten im Grase der Blumen Pracht.<br>Vor dem Wald in tiefem Tal,<br>Tandaradei!<br>Lieblich sang die Nachtigall.<\/p>\n\n\n\n<p>Ich kam gegangen<br>Hin zur Aue \u2013<br>Mein Trauter harrte schon am Ort.<br>Wie ward ich empfangen,<br>O Himmelsfraue!<br>Des bin ich selig immerfort.<br>Ob er mich k\u00fc\u00dfte? Wohl manche Stund,<br>Tandaradei!<br>Seht, wie ist so rot mein Mund.<\/p>\n\n\n\n<p>Da t\u00e4t er machen<br>Uns ein Bette<br>Aus Blumen mannigfalt und bunt.<br>Darob wird lachen,<br>Wer an der St\u00e4tte<br>Vor\u00fcberkommt, aus Herzensgrund:<br>Er wird sehn im Rosenhag,<br>Tandaradei!<br>Sehen, wo das Haupt mir lag!<\/p>\n\n\n\n<p>Wie ich da ruhte,<br>Wenn man es w\u00fc\u00dfte,<br>Barmherziger Gott \u2013 ich sch\u00e4mte mich.<br>Wie mich der Gute<br>Herzte und k\u00fc\u00dfte,<br>Keiner erfahr es als er und ich,<br>Und ein kleines V\u00f6gelein \u2013<br>Tandaradei!<br>Das wird wohl verschwiegen sein!<\/p>\n\n\n\n<p><strong>Walther von der Vogelweide<\/strong>&nbsp; (\u00dcbertragung ins Neuhochdeutsche von Richard Zoozmann, 1910)<\/p>\n<\/div>\n<\/div>\n\n\n\n<hr class=\"wp-block-separator has-alpha-channel-opacity is-style-dots\"\/>\n\n\n\n<div class=\"wp-block-columns is-layout-flex wp-container-core-columns-is-layout-9d6595d7 wp-block-columns-is-layout-flex\">\n<div class=\"wp-block-column is-layout-flow wp-block-column-is-layout-flow\">\n<figure class=\"wp-block-image size-full\"><img loading=\"lazy\" decoding=\"async\" width=\"609\" height=\"562\" src=\"https:\/\/www.raetia.net\/wp-content\/uploads\/79_Albert-Camus.jpg\" alt=\"\" class=\"wp-image-3947\" srcset=\"https:\/\/www.raetia.net\/wp-content\/uploads\/79_Albert-Camus.jpg 609w, https:\/\/www.raetia.net\/wp-content\/uploads\/79_Albert-Camus-400x369.jpg 400w, https:\/\/www.raetia.net\/wp-content\/uploads\/79_Albert-Camus-13x12.jpg 13w\" sizes=\"auto, (max-width: 609px) 100vw, 609px\" \/><figcaption class=\"wp-element-caption\"><strong>Albert Camus<\/strong> (1913 &#8211; 1960)<\/figcaption><\/figure>\n<\/div>\n\n\n\n<div class=\"wp-block-column is-layout-flow wp-block-column-is-layout-flow\">\n<p><strong>\u2022<\/strong> So oft ich eine politische Rede h\u00f6re oder lese, was die uns Regierenden schreiben,&nbsp;bin ich entsetzt, seit Jahren nichts zu vernehmen, was einen menschlichen Klang&nbsp;h\u00e4tte.&nbsp;<br>Es sind immer die gleichen Worte, die die gleichen L\u00fcgen berichten.&nbsp;<br>Und&nbsp;dass die Menschen sich damit abfinden, dass der Zorn des Volkes diese Hampelm\u00e4nner&nbsp;noch nicht zerschmettert hat, ist f\u00fcr mich der Beweis, dass die Menschen ihrer&nbsp;Regierung keinerlei Bedeutung zumessen und dass sie spielen, ja wahrhaftig mit dem&nbsp;ganzen Teil ihres Lebens und ihrer sogenannten lebenswichtigen Interessen spielen.<\/p>\n\n\n\n<p><strong>Albert Camus <\/strong>:&nbsp;\u00bbTageb\u00fccher\u00ab (1935-1951)<\/p>\n<\/div>\n<\/div>\n\n\n\n<p><\/p>\n\n\n\n<hr class=\"wp-block-separator has-alpha-channel-opacity is-style-dots\"\/>\n\n\n\n<div class=\"wp-block-columns is-layout-flex wp-container-core-columns-is-layout-9d6595d7 wp-block-columns-is-layout-flex\">\n<div class=\"wp-block-column is-layout-flow wp-block-column-is-layout-flow\">\n<figure class=\"wp-block-image size-full\"><img loading=\"lazy\" decoding=\"async\" width=\"609\" height=\"595\" src=\"https:\/\/www.raetia.net\/wp-content\/uploads\/80_Marcel-Proust.jpg\" alt=\"\" class=\"wp-image-3967\" srcset=\"https:\/\/www.raetia.net\/wp-content\/uploads\/80_Marcel-Proust.jpg 609w, https:\/\/www.raetia.net\/wp-content\/uploads\/80_Marcel-Proust-400x391.jpg 400w, https:\/\/www.raetia.net\/wp-content\/uploads\/80_Marcel-Proust-12x12.jpg 12w\" sizes=\"auto, (max-width: 609px) 100vw, 609px\" \/><figcaption class=\"wp-element-caption\"><strong>Marcel Proust<\/strong>&nbsp;(1871 &#8211; 1922) als Wachsfigur im Ch\u00e2teau de Breteuil: Dieses Zimmer bewohnte er bei einem Besuch.<\/figcaption><\/figure>\n<\/div>\n\n\n\n<div class=\"wp-block-column is-layout-flow wp-block-column-is-layout-flow\">\n<p>Marcel Proust war krank, fast immer. Seit er mit zehn Jahren seinen ersten Asthma-Anfall erlitt, war sein Leben vom Leiden bestimmt. Ausgezehrt und eingeh\u00fcllt in viele Decken, verbrachte er die letzten zehn Jahre in einem eisig feuchten Zimmer in der Rue Hamelin.<\/p>\n\n\n\n<p><strong>Er l\u00fcftete nicht,&nbsp;a\u00df wenig&nbsp;und verlie\u00df kaum noch das Bett, in dem er an der Grenze zur totalen Ersch\u00f6pfung sein Werk fortschrieb.<\/strong><\/p>\n\n\n\n<p>Proust, selbst Sohn eines angesehenen Hygieneforschers, war ein schwieriger Patient, der \u00e4rztliche Diagnosen verwarf und die Einnahme von Medikamenten verweigerte. Noch gegen die Behandlung der Lungenentz\u00fcndung, an der er schlie\u00dflich starb, setzte er sich zur Wehr. Neben dem Asthma, seinem Hauptleiden, plagte ihn eine halbe Legion echter oder eingebildeter Krankheiten von Verdauungsst\u00f6rungen \u00fcber Schlaflosigkeit bis zur Neurasthenie. Mit Asthmazigaretten und Legras-Pulver versuchte er, sich selbst zu kurieren und verstrickte sich nur weiter in den Leidenskreislauf. Die oft \u00fcberdosierten toxischen Wirkstoffe seiner Kuren brachten psychische Aufl\u00f6sungserscheinungen in Gang. (\u2026)<\/p>\n\n\n\n<p>(<strong>Thomas Thiel<\/strong>, FAZ : Sein Leiden f\u00fchrte ihm die Feder, Mai 2012)<\/p>\n<\/div>\n<\/div>\n\n\n\n<hr class=\"wp-block-separator has-alpha-channel-opacity is-style-dots\"\/>\n\n\n\n<div class=\"wp-block-columns is-layout-flex wp-container-core-columns-is-layout-9d6595d7 wp-block-columns-is-layout-flex\">\n<div class=\"wp-block-column is-layout-flow wp-block-column-is-layout-flow\">\n<figure class=\"wp-block-image size-full\"><img loading=\"lazy\" decoding=\"async\" width=\"609\" height=\"776\" src=\"https:\/\/www.raetia.net\/wp-content\/uploads\/81_.jpg\" alt=\"\" class=\"wp-image-4016\" srcset=\"https:\/\/www.raetia.net\/wp-content\/uploads\/81_.jpg 609w, https:\/\/www.raetia.net\/wp-content\/uploads\/81_-314x400.jpg 314w, https:\/\/www.raetia.net\/wp-content\/uploads\/81_-9x12.jpg 9w\" sizes=\"auto, (max-width: 609px) 100vw, 609px\" \/><figcaption class=\"wp-element-caption\"><strong>Truman Capote<\/strong> (1924 -1984)<\/figcaption><\/figure>\n<\/div>\n\n\n\n<div class=\"wp-block-column is-layout-flow wp-block-column-is-layout-flow\">\n<p>Ich hatte auch viele Privatkunden, M\u00e4nner und Frauen, die ich massierte und denen ich \u00dcbungen f\u00fcr die Figur und das Gesicht beibrachte &#8211; obwohl die \u00dcbungen f\u00fcr das Gesicht reiner Quatsch sind; die einzig wirksame ist Schwanzlutschen.&nbsp;<\/p>\n\n\n\n<p>Kein Witz, es gibt nichts Vergleichbares, um die Kinnpartie zu straffen.<\/p>\n\n\n\n<p><strong>Truman Capote<\/strong>&nbsp;: Erh\u00f6rte Gebete, Roman (Auszug als Vorabdruck :&nbsp;<em>Esquire,&nbsp;<\/em>1976)<\/p>\n<\/div>\n<\/div>\n\n\n\n<p><\/p>\n\n\n\n<hr class=\"wp-block-separator has-alpha-channel-opacity is-style-dots\"\/>\n\n\n\n<div class=\"wp-block-columns is-layout-flex wp-container-core-columns-is-layout-9d6595d7 wp-block-columns-is-layout-flex\">\n<div class=\"wp-block-column is-layout-flow wp-block-column-is-layout-flow\">\n<figure class=\"wp-block-image size-full\"><img loading=\"lazy\" decoding=\"async\" width=\"609\" height=\"795\" src=\"https:\/\/www.raetia.net\/wp-content\/uploads\/82_Vermeur.jpg\" alt=\"\" class=\"wp-image-4035\" srcset=\"https:\/\/www.raetia.net\/wp-content\/uploads\/82_Vermeur.jpg 609w, https:\/\/www.raetia.net\/wp-content\/uploads\/82_Vermeur-306x400.jpg 306w, https:\/\/www.raetia.net\/wp-content\/uploads\/82_Vermeur-9x12.jpg 9w\" sizes=\"auto, (max-width: 609px) 100vw, 609px\" \/><figcaption class=\"wp-element-caption\"><strong>Johannes Vermeer<\/strong> (1632 &#8211; 1657) : Brieflesendes M\u00e4dchen am offenen Fenster (um 1657) :&nbsp;Staatliche Kunstsammlungen Dresden<\/figcaption><\/figure>\n<\/div>\n\n\n\n<div class=\"wp-block-column is-layout-flow wp-block-column-is-layout-flow\">\n<p>Ein Bild des Schweigens.<br>Und trotzdem k\u00f6nnte\/kann es dem Betrachter einen ganzen Roman erz\u00e4hlen.&nbsp;<br>Ein Bild der R\u00e4tsel.<br>Wer hat diesen Brief geschrieben und warum?<br>Was steht wie in dieser handgeschrieben Mitteilung?<br>Weder kann der Betrachter die Handschrift noch die Befindlichkeit der Lesenden entschl\u00fcsseln.<br>Ihre K\u00f6rperhaltung und ihr (leicht err\u00f6tetes) Antlitz lassen nur eines erkennen: Konzentration.<br>Eine Schale mit Fr\u00fcchten l\u00e4sst ahnen.<br>Ansonsten: Intimit\u00e4t. Stille. Licht. Schatten. Faltenwurf. Bildloses Mauerwerk.<br>Im Hintergrund ein leerer Stuhl.<br>Im Vordergrund das verzaubernde Rot eines anatolischen Ushak-Teppichs.<br>Nichts &amp; Niemanden verr\u00e4t der ge\u00f6ffnete Vorhang, das ge\u00f6ffnete Fenster.<br>Und trotzdem k\u00f6nnte\/kann es dem Betrachter einen ganzen Roman erz\u00e4hlen.<\/p>\n\n\n\n<p><strong>Renald Deppe<\/strong><\/p>\n<\/div>\n<\/div>\n\n\n\n<hr class=\"wp-block-separator has-alpha-channel-opacity is-style-dots\"\/>\n\n\n\n<div class=\"wp-block-columns is-layout-flex wp-container-core-columns-is-layout-9d6595d7 wp-block-columns-is-layout-flex\">\n<div class=\"wp-block-column is-layout-flow wp-block-column-is-layout-flow\">\n<figure class=\"wp-block-image size-full\"><img loading=\"lazy\" decoding=\"async\" width=\"609\" height=\"468\" src=\"https:\/\/www.raetia.net\/wp-content\/uploads\/83_.jpg\" alt=\"\" class=\"wp-image-4130\" srcset=\"https:\/\/www.raetia.net\/wp-content\/uploads\/83_.jpg 609w, https:\/\/www.raetia.net\/wp-content\/uploads\/83_-400x307.jpg 400w, https:\/\/www.raetia.net\/wp-content\/uploads\/83_-16x12.jpg 16w\" sizes=\"auto, (max-width: 609px) 100vw, 609px\" \/><figcaption class=\"wp-element-caption\"><strong>William Hogarth<\/strong> (1697 &#8211; 1764) : Der Ehevertrag (1743)<\/figcaption><\/figure>\n<\/div>\n\n\n\n<div class=\"wp-block-column is-layout-flow wp-block-column-is-layout-flow\">\n<p><strong>\u2022<\/strong>&nbsp;Es ist freilich komisch, dass meine Treppe zum Ehebette (nach dir) unendlich-lang sein soll.<br>Ich sorg&#8216; indes, in Berlin spring ich hinein.<br>Aber es muss blo\u00df ein sanftes M\u00e4dgen darin liegen, das mir etwas kochen kann und das mit mir lacht und weint.<br>Mehr begehr&#8216; ich gar nicht.<br>Das Schicksal wird mich doch nicht in Goethes Pferdefu\u00df-Stapfen jagen wollen, oft \u00fcberleg\u2019 ich\u2019s freilich, aber es ist nicht daran zu denken; sogar in einer solchen Un-Ehe sann ich wieder auf Ehe.<br>Ich muss und werde ein M\u00e4dgen heiraten, dessen ganze Sippschaft ein Freudenfest feiert, dass ich mich herabgelassen.<br>Und doch spekulier\u2019 ich seit einiger Zeit fast mit auf EINGEBRACHTES; eine bemittelte GR\u00c4FIN oder so etwas, denk\u2019 ich oft, kann sich in dich verschie\u00dfen, und dann hieltest du dir ein Reitpferd &#8211; wenigstens den Reitknecht &#8211; und sprengtest nach Bayreuth, und \u00fcberhaupt das Fett w\u00fcchse fort, das sich jetzt ansetzt.<\/p>\n\n\n\n<p><strong>Jean Paul<\/strong> (1763 &#8211; 1825) : Brief an Christian Georg Otto (26. August 1800)<\/p>\n<\/div>\n<\/div>\n\n\n\n<hr class=\"wp-block-separator has-alpha-channel-opacity is-style-dots\"\/>\n\n\n\n<div class=\"wp-block-columns is-layout-flex wp-container-core-columns-is-layout-9d6595d7 wp-block-columns-is-layout-flex\">\n<div class=\"wp-block-column is-layout-flow wp-block-column-is-layout-flow\">\n<figure class=\"wp-block-image size-full\"><img loading=\"lazy\" decoding=\"async\" width=\"583\" height=\"832\" src=\"https:\/\/www.raetia.net\/wp-content\/uploads\/84_Luplau-Janssen.jpg\" alt=\"\" class=\"wp-image-4219\" srcset=\"https:\/\/www.raetia.net\/wp-content\/uploads\/84_Luplau-Janssen.jpg 583w, https:\/\/www.raetia.net\/wp-content\/uploads\/84_Luplau-Janssen-280x400.jpg 280w, https:\/\/www.raetia.net\/wp-content\/uploads\/84_Luplau-Janssen-8x12.jpg 8w\" sizes=\"auto, (max-width: 583px) 100vw, 583px\" \/><figcaption class=\"wp-element-caption\"><strong>Luplau Janssen<\/strong> (1869 &#8211; 1927) : S\u00f6ren Kierkegaard (1902)<\/figcaption><\/figure>\n<\/div>\n\n\n\n<div class=\"wp-block-column is-layout-flow wp-block-column-is-layout-flow\">\n<p><strong>\u2022<\/strong>&nbsp;Will man das Reinste und das Vollkommenste bezeichnen, so sagt man: eine Frau;<br>will man das Schw\u00e4chste, das Gebrechlichste bezeichnen, so sagt man: eine Frau;<br>will man eine Vorstellung von dem \u00fcber die Sinnlichkeit erhabenen Geistigen geben, so sagt man: eine Frau;<br>will man eine Vorstellung von dem Sinnlichen geben, so sagt man: eine Frau;<br>wenn man die Unschuld in ihrer ganzen erhebenden Gr\u00f6\u00dfe bezeichnen will, so sagt man: eine Frau,<br>wenn man das deprimierende Gef\u00fchl der Schuld bezeichnen will, so sagt man: eine Frau.<br>In gewissem Sinne ist daher die Frau vollkommener als der Mann, und das dr\u00fcckt die Schrift so aus, da\u00df sie mehr Schuld hat.<\/p>\n\n\n\n<p><strong>S\u00f6ren Kierkegaard<\/strong> (1813 &#8211; 1855) : &nbsp;Entweder &#8211; Oder (1843)<\/p>\n<\/div>\n<\/div>\n\n\n\n<hr class=\"wp-block-separator has-alpha-channel-opacity is-style-dots\"\/>\n\n\n\n<div class=\"wp-block-columns is-layout-flex wp-container-core-columns-is-layout-9d6595d7 wp-block-columns-is-layout-flex\">\n<div class=\"wp-block-column is-layout-flow wp-block-column-is-layout-flow\">\n<figure class=\"wp-block-image size-full\"><img loading=\"lazy\" decoding=\"async\" width=\"609\" height=\"443\" src=\"https:\/\/www.raetia.net\/wp-content\/uploads\/85_historische-Illustration.jpg\" alt=\"\" class=\"wp-image-4232\" srcset=\"https:\/\/www.raetia.net\/wp-content\/uploads\/85_historische-Illustration.jpg 609w, https:\/\/www.raetia.net\/wp-content\/uploads\/85_historische-Illustration-400x291.jpg 400w, https:\/\/www.raetia.net\/wp-content\/uploads\/85_historische-Illustration-16x12.jpg 16w\" sizes=\"auto, (max-width: 609px) 100vw, 609px\" \/><figcaption class=\"wp-element-caption\"><strong>Historische Illustration<\/strong> (1899) : Lesende Frau in der Bibliothek.<\/figcaption><\/figure>\n<\/div>\n\n\n\n<div class=\"wp-block-column is-layout-flow wp-block-column-is-layout-flow\">\n<p><strong>\u2022<\/strong>&nbsp;Die Dichter ist man gewohnt haupts\u00e4chlich mit der Schilderung der <strong>Geschlechtsliebe<\/strong> besch\u00e4ftigt zu sehen.<br>Diese ist in der Regel das Hauptthema aller dramatischen Werke, der tragischen wie der komischen, der romantischen wie der klassischen, der indischen wie der europ\u00e4ischen: nicht weniger ist sie der Stoff des bei weitem gr\u00f6\u00dften Teils der lyrischen Poesie und ebenfalls der epischen; zumal wenn wir dieser die hohen St\u00f6\u00dfe der von Romanen beiz\u00e4hlen wollen, welche in allen zivilisierten L\u00e4ndern Europas jedes Jahr so regelm\u00e4\u00dfig wie die Fr\u00fcchte des Bodens erzeugt, schon seit Jahrhunderten.<br>Alle Werke sind in ihrem Hauptinhalte nach nichts anderes als vielseitige, kurze oder ausf\u00fchrliche Beschreibungen der in Rede stehenden Leidenschaft.<\/p>\n\n\n\n<p><strong>Arthur Schopenhauer<\/strong>&nbsp;(1788 \u2013 1860) : Zur Metaphysik der Geschlechtsliebe (1844)<\/p>\n<\/div>\n<\/div>\n\n\n\n<hr class=\"wp-block-separator has-alpha-channel-opacity is-style-dots\"\/>\n\n\n\n<div class=\"wp-block-columns is-layout-flex wp-container-core-columns-is-layout-9d6595d7 wp-block-columns-is-layout-flex\">\n<div class=\"wp-block-column is-layout-flow wp-block-column-is-layout-flow\">\n<figure class=\"wp-block-image size-full\"><img loading=\"lazy\" decoding=\"async\" width=\"609\" height=\"384\" src=\"https:\/\/www.raetia.net\/wp-content\/uploads\/86_Grand-Hotel.jpg\" alt=\"\" class=\"wp-image-4252\" srcset=\"https:\/\/www.raetia.net\/wp-content\/uploads\/86_Grand-Hotel.jpg 609w, https:\/\/www.raetia.net\/wp-content\/uploads\/86_Grand-Hotel-400x252.jpg 400w, https:\/\/www.raetia.net\/wp-content\/uploads\/86_Grand-Hotel-18x12.jpg 18w\" sizes=\"auto, (max-width: 609px) 100vw, 609px\" \/><figcaption class=\"wp-element-caption\"><strong>Smyrna<\/strong> : Grand H\u020ftel Kraemer (1921)<\/figcaption><\/figure>\n<\/div>\n\n\n\n<div class=\"wp-block-column is-layout-flow wp-block-column-is-layout-flow\">\n<p><strong>\u2022<\/strong>&nbsp;Das Grand H\u020ftel Kraemer, das beste Hotel der Stadt, wurde im Jahre 1908 eingeweiht und von einem \u00d6sterreicher gef\u00fchrt. Dort bekam man, so lobte der&nbsp;Baedeker-Reisef\u00fchrer&nbsp;seinerzeit, zu Sauerbraten eiskaltes Paulaner-Bier aus M\u00fcnchen serviert. Zudem gab es im Kraemer durchgehend elektrisches Licht, einen Fahrstuhl, hauseigene Dolmetscher f\u00fcr alle europ\u00e4ischen Sprachen und in jedem Zimmer eine Badewanne.<\/p>\n\n\n\n<p>Bei Ausbruch des ersten Weltkriegs hatte Smyrna 300 000 Einwohner und war damit bedeutender als das provinzielle Athen. Als gro\u00dfe Hafenstadt war Smyrna \u00fcbers Wasser mit den wichtigsten H\u00e4fen Europas verbunden,&nbsp;hier legten Passagierschiffe aus London, Marseille, Genua und Triest an.<\/p>\n\n\n\n<p>An der ber\u00fchmten Uferpromenade stand eine Perlenkette von Geb\u00e4uden aus wei\u00dfem Marmor: Handelsh\u00e4user, Reedereien, Banken, Hotels, Theater und Caf\u00e9s. Gerade mit der einzigartigen Mischung verschiedener Kulturen war Smyrna eine der ersten globalen St\u00e4dte, wie Dubai oder Singapur heute. Als erste Stadt im Osmanischen Reich hatte Smyrna eine Zeitung (1828), Elektrizit\u00e4t (1888), ein Auto (1905), ein Kino (1909). Im Jahre 1914 gab es in Smyrna 17 Kinos und 465 Kaffeeh\u00e4user, in denen man aus Europa importierte Zeitungen lesen konnte. Auch zahlreiche lokale Gazetten standen zur Auswahl, elf in griechischer, sieben in t\u00fcrkischer, f\u00fcnf in armenischer, vier in franz\u00f6sischer und f\u00fcnf in hebr\u00e4ischer Sprache.<\/p>\n\n\n\n<p><strong>Lutz C. Kleveman<\/strong><\/p>\n<\/div>\n<\/div>\n\n\n\n<hr class=\"wp-block-separator has-alpha-channel-opacity is-style-dots\"\/>\n\n\n\n<div class=\"wp-block-columns is-layout-flex wp-container-core-columns-is-layout-9d6595d7 wp-block-columns-is-layout-flex\">\n<div class=\"wp-block-column is-layout-flow wp-block-column-is-layout-flow\">\n<figure class=\"wp-block-image size-full\"><img loading=\"lazy\" decoding=\"async\" width=\"609\" height=\"452\" src=\"https:\/\/www.raetia.net\/wp-content\/uploads\/86_Smyrna-in-Flammen.jpg\" alt=\"\" class=\"wp-image-4390\" srcset=\"https:\/\/www.raetia.net\/wp-content\/uploads\/86_Smyrna-in-Flammen.jpg 609w, https:\/\/www.raetia.net\/wp-content\/uploads\/86_Smyrna-in-Flammen-400x297.jpg 400w, https:\/\/www.raetia.net\/wp-content\/uploads\/86_Smyrna-in-Flammen-16x12.jpg 16w\" sizes=\"auto, (max-width: 609px) 100vw, 609px\" \/><figcaption class=\"wp-element-caption\"><strong>Smyrna in Flammen<\/strong>&nbsp;(1922)<\/figcaption><\/figure>\n<\/div>\n\n\n\n<div class=\"wp-block-column is-layout-flow wp-block-column-is-layout-flow\">\n<p><strong>\u2022<\/strong>&nbsp;Am 9. September 1922, nach 3 Jahren griechisch-t\u00fcrkischen Kriegs, nahm Mustafa Kemal Smyrna weitgehend kampflos ein. In der Nacht zum 13. September 1922 brachten t\u00fcrkische Soldaten mehrere Benzinf\u00e4sser in das armenische Viertel und legten Feuer. Schnell griffen die Flammen auf die griechischen Wohngebiete \u00fcber und breiteten sich bis zum Quai aus.&nbsp;Durch den Funkenflug entwickelte sich der Brand zu einer rasenden&nbsp;Feuersbrunst, die Stra\u00dfe um Stra\u00dfe verschlang und die Bewohner in Panik zum Wasser fliehen lie\u00df. Hinter dem Quai ragte eine kilometerlange Feuerwand mit 30 Meter hohen Flammen empor. Soldaten schossen in die Menschenmenge, viele verbrannten oder ertranken. Die Kommandeure der westlichen Kriegsschiffe, die vor Smyrna ankerten, beobachteten das dramatische Geschehen, lie\u00dfen aber nur Zivilisten der eigenen Nationalit\u00e4t evakuieren. Einige Schiffe fuhren sogar noch weiter hinaus, damit sie f\u00fcr schwimmende Fl\u00fcchtlinge schwer zu erreichen waren. Die Bordkapellen spielten schwungvolle Musik, um die Schreie vom Quai zu \u00fcbert\u00f6nen.<\/p>\n\n\n\n<p><strong>Lutz C. Kleveman<\/strong>&nbsp;(*1974) :&nbsp;Smyrna in Flammen (2022)<\/p>\n<\/div>\n<\/div>\n\n\n\n<hr class=\"wp-block-separator has-alpha-channel-opacity is-style-dots\"\/>\n\n\n\n<div class=\"wp-block-columns is-layout-flex wp-container-core-columns-is-layout-9d6595d7 wp-block-columns-is-layout-flex\">\n<div class=\"wp-block-column is-layout-flow wp-block-column-is-layout-flow\">\n<figure class=\"wp-block-image size-full\"><img loading=\"lazy\" decoding=\"async\" width=\"404\" height=\"320\" src=\"https:\/\/www.raetia.net\/wp-content\/uploads\/87_Heimito-von-Doderer.jpg\" alt=\"\" class=\"wp-image-4392\" srcset=\"https:\/\/www.raetia.net\/wp-content\/uploads\/87_Heimito-von-Doderer.jpg 404w, https:\/\/www.raetia.net\/wp-content\/uploads\/87_Heimito-von-Doderer-400x317.jpg 400w, https:\/\/www.raetia.net\/wp-content\/uploads\/87_Heimito-von-Doderer-15x12.jpg 15w\" sizes=\"auto, (max-width: 404px) 100vw, 404px\" \/><figcaption class=\"wp-element-caption\"><strong>Heimito von Doderer<\/strong>&nbsp;(1896 &#8211; 1966) bei einer Lesung. (1958)<\/figcaption><\/figure>\n<\/div>\n\n\n\n<div class=\"wp-block-column is-layout-flow wp-block-column-is-layout-flow\">\n<p><strong>\u2022<\/strong>&nbsp;Wenn ich mich fragte, was ich denn eigentlich und wirklich haben m\u00f6chte und mir w\u00fcnschte, so w\u00e4re es &#8211; viel Geld, um in einer Folge schwerster sexueller Excesse, sinnloser Saufereien und entsprechender Gewalth\u00e4ndel endlich und endg\u00fcltig unterzugehen. Statt dessen habe ich das weitaus gewagtere Abenteuer der Tugend gew\u00e4hlt.<\/p>\n\n\n\n<p>(Eintrag im Tagebuch Doderers vom 17.\/18. Oktober 1951)<\/p>\n\n\n\n<p><strong>\u2022 <\/strong>Mit guten Vors\u00e4tzen ist angeblich der Weg zur H\u00f6lle gepflastert. Selten sind Lebenslauf &amp; Lebenswerk eines K\u00fcnstlers auf einen Nenner zu bringen. Ein untadelig gef\u00fchrtes Leben zeitigt oftmals ein fragw\u00fcrdiges, marginales Werk.<br>Und umgekehrt:<br>Ein aufregend innovatives Werk wurde oftmals in\/von einem moralisch fragw\u00fcrdigen Leben erschaffen. Mit guten Vors\u00e4tzen ist angeblich der Weg zur H\u00f6lle gepflastert. Doch sollte man diese niemals aufgeben. Und das betrifft bitte nicht nur die K\u00fcnstler.<\/p>\n\n\n\n<p>(Renald Deppe)<\/p>\n\n\n\n<p><strong>\u2022<\/strong>&nbsp;Junger Doktor, 33 Jahre, aus guter Familie, finanziell unabh\u00e4ngig und desinteressiert, gepflegte, trainierte Erscheinung, sucht ehrbare Bekanntschaft mit distinguierter ca. 45j\u00e4hriger israelitischer Dame (Wienerin) von nur au\u00dfergew\u00f6hnlich starker, korpulenter, \u00fcppiger und \u00fcberaus m\u00e4chtiger, breiter Statur, schwarzem, respektive graumeliertem Haar und wei\u00dfem Teint und wirklich imposanter Erscheinung. Strengste Diskretion.<\/p>\n\n\n\n<p>(Kontaktanzeige <strong>Heimito von Doderers<\/strong> zwei Tage vor seiner Hochzeit 1930)<\/p>\n<\/div>\n<\/div>\n\n\n\n<hr class=\"wp-block-separator has-alpha-channel-opacity is-style-dots\"\/>\n\n\n\n<div class=\"wp-block-columns is-layout-flex wp-container-core-columns-is-layout-9d6595d7 wp-block-columns-is-layout-flex\">\n<div class=\"wp-block-column is-layout-flow wp-block-column-is-layout-flow\">\n<figure class=\"wp-block-image size-full\"><img loading=\"lazy\" decoding=\"async\" width=\"484\" height=\"566\" src=\"https:\/\/www.raetia.net\/wp-content\/uploads\/88_Lawrence-Durrell.jpg\" alt=\"\" class=\"wp-image-4414\" srcset=\"https:\/\/www.raetia.net\/wp-content\/uploads\/88_Lawrence-Durrell.jpg 484w, https:\/\/www.raetia.net\/wp-content\/uploads\/88_Lawrence-Durrell-342x400.jpg 342w, https:\/\/www.raetia.net\/wp-content\/uploads\/88_Lawrence-Durrell-10x12.jpg 10w\" sizes=\"auto, (max-width: 484px) 100vw, 484px\" \/><figcaption class=\"wp-element-caption\"><strong>Lawrence Durrell<\/strong>,&nbsp;Autor der Romane des Alexandriaquartett : \u00bbein Wortkontinuum\u00ab (1957 &#8211; 1961)<\/figcaption><\/figure>\n<\/div>\n\n\n\n<div class=\"wp-block-column is-layout-flow wp-block-column-is-layout-flow\">\n<p>LAWRENCE DURRELL,&nbsp;1912 als Sohn eines britischen Kolonialbeamten im indischen Jalandhar geboren, lebte an so vielen verschiedenen Orten, wie er Talente besa\u00df. Mit elf Jahren wurde er zum Schulbesuch nach Canterbury geschickt, f\u00fchlte sich aber in England, das er als pr\u00fcde und engstirnig empfand, nie wohl.&nbsp;<br>Zeit seines Lebens betrachtete er sich nicht als Brite, sondern als Kosmopolit.&nbsp;<br>In London jobbte er kurz als Barpianist und fing an, Gedichte zu schreiben.&nbsp;<br>1935 heiratete er zum ersten Mal (drei weitere Ehen sollten folgen) und zog mit Mutter, Frau und Geschwistern auf die griechische Insel Korfu. Nach England sollte er nie mehr zur\u00fcckkehren.&nbsp;<br>Den Zweiten Weltkrieg verbrachte Durrell im \u00e4gyptischen Alexandria, wo er f\u00fcr die britische Botschaft t\u00e4tig war; auch nach dem Krieg arbeitete er als Diplomat, unter anderem in Argentinien, Jugoslawien und auf Zypern, das er 1956 im Zuge der Unabh\u00e4ngigkeitsbestrebungen der Zyperngriechen verlassen musste.&nbsp;<br>Seine letzten Lebensjahrzehnte verbrachte Lawrence Durrell im s\u00fcdfranz\u00f6sischen Sommi\u00e8res, wo er 1990 starb.<\/p>\n\n\n\n<p>(Kampa Verlag)<\/p>\n\n\n\n<p><strong>\u2022<\/strong>&nbsp;Im Alexandriaquartett sind alle ein bisschen verloren, ist jede Liebesaff\u00e4re dazu verurteilt, auf Abwege zu geraten, und wir als Leserinnen und Leser sind eingeladen, nicht zu urteilen, sondern einfach zu verstehen.<br>Kein Individuum existiert als Insel, keine Wahrheit ist komplett, es sei denn sie wird aus verschiedenen Blickwinkeln und durch eine Vielzahl von Verbindungen betrachtet.<br>Vielleicht begegnen wir nichtbritischen Leserinnen und Leser Durrell anders als die britischen.<br>F\u00fcr diejenigen von uns, die aus verwundeten Demokratien oder L\u00e4nder mit einer unruhigen, noch nicht aufgearbeiteten Vergangenheit stammen, ging es bei Literatur nie so sehr um die \u00bbSuche nach der verlorenen Zeit \u00abals um die \u00bbSuche nach dem verlorenen Ort\u00bb.<\/p>\n\n\n\n<p><strong>Elif Shafak<\/strong>, aus dem Vorwort zu Clea, Band IV der Tetralogie \u00bbAlexandriaquartett\u00ab.<\/p>\n<\/div>\n<\/div>\n\n\n\n<hr class=\"wp-block-separator has-alpha-channel-opacity is-style-dots\"\/>\n\n\n\n<div class=\"wp-block-columns is-layout-flex wp-container-core-columns-is-layout-9d6595d7 wp-block-columns-is-layout-flex\">\n<div class=\"wp-block-column is-layout-flow wp-block-column-is-layout-flow\">\n<figure class=\"wp-block-image size-full\"><img loading=\"lazy\" decoding=\"async\" width=\"341\" height=\"454\" src=\"https:\/\/www.raetia.net\/wp-content\/uploads\/89_Thomas-Mann.jpg\" alt=\"\" class=\"wp-image-4431\" srcset=\"https:\/\/www.raetia.net\/wp-content\/uploads\/89_Thomas-Mann.jpg 341w, https:\/\/www.raetia.net\/wp-content\/uploads\/89_Thomas-Mann-300x400.jpg 300w, https:\/\/www.raetia.net\/wp-content\/uploads\/89_Thomas-Mann-9x12.jpg 9w\" sizes=\"auto, (max-width: 341px) 100vw, 341px\" \/><figcaption class=\"wp-element-caption\"><strong>Thomas Mann<\/strong> (1875 &#8211; 1955)<\/figcaption><\/figure>\n<\/div>\n\n\n\n<div class=\"wp-block-column is-layout-flow wp-block-column-is-layout-flow\">\n<p><strong>\u2022<\/strong>&nbsp;Ein Poet mit Personal: Er speise schon zum Morgentee Zuckerbr\u00f6tchen und trage fast ausschlie\u00dflich Lackstiefel, behauptete Thomas Mann 1907 von sich, ein wenig selbstsp\u00f6ttisch zwar, doch auch mit Selbstbehagen: \u00bbMein Hausstand ist reich bestellt, ich befehle drei stattliche Dienstm\u00e4dchen und einen schottischen Sch\u00e4ferhund.\u00ab<br>Und da wohnten die Manns noch lange nicht in der nach ihren W\u00fcnschen gebauten Villa in der Poschingerstra\u00dfe, die 1914 bezogen wurde.<\/p>\n\n\n\n<p>Thomas Mann: \u00bbEin Schriftsteller ist ein Mensch, dem das Schreiben schwerer f\u00e4llt als allen anderen Leuten.\u00ab<br>Das ist nur einer der Widerspr\u00fcche dieses an inneren Gegens\u00e4tzen, Spannungen, Irritationen so reichen Dichterlebens.<br>Die Geschichte der Manns ist nicht blo\u00df eine von gewaltigen literarischen Leistungen und hoher Arbeitsdisziplin, sondern auch von Drogenmissbrauch, Selbstmorden und sexueller Not &#8211; und eine, um die sich zahlreiche Legenden rankten.<\/p>\n\n\n\n<p><strong>Volker Hage<\/strong> (*1949) : Schriftstellerportraits (Auszug)<\/p>\n<\/div>\n<\/div>\n\n\n\n<hr class=\"wp-block-separator has-alpha-channel-opacity is-style-dots\"\/>\n\n\n\n<div class=\"wp-block-columns is-layout-flex wp-container-core-columns-is-layout-9d6595d7 wp-block-columns-is-layout-flex\">\n<div class=\"wp-block-column is-layout-flow wp-block-column-is-layout-flow\">\n<figure class=\"wp-block-image size-full\"><img loading=\"lazy\" decoding=\"async\" width=\"609\" height=\"407\" src=\"https:\/\/www.raetia.net\/wp-content\/uploads\/90_Robert-Musil.jpg\" alt=\"\" class=\"wp-image-4434\" srcset=\"https:\/\/www.raetia.net\/wp-content\/uploads\/90_Robert-Musil.jpg 609w, https:\/\/www.raetia.net\/wp-content\/uploads\/90_Robert-Musil-400x267.jpg 400w, https:\/\/www.raetia.net\/wp-content\/uploads\/90_Robert-Musil-18x12.jpg 18w\" sizes=\"auto, (max-width: 609px) 100vw, 609px\" \/><figcaption class=\"wp-element-caption\"><strong>Robert Musil<\/strong> (1880 &#8211; 1942)<\/figcaption><\/figure>\n<\/div>\n\n\n\n<div class=\"wp-block-column is-layout-flow wp-block-column-is-layout-flow\">\n<p><strong>\u2022<\/strong>&nbsp;Die Entscheidung f\u00fcr die Dichtung hatte zur Folge, dass Musil &#8211; als &#8222;freischwebender Intellektueller&#8220; &#8211; stets auf finanzielle Unterst\u00fctzung angewiesen war und in der Folge radikal vereinsamte.&nbsp;<br>&#8222;Man k\u00f6nnte den Dichter als den Menschen beschreiben, dem die rettungslose Einsamkeit des Ich in der Welt und zwischen den Menschen am st\u00e4rksten zu Bewusstsein kommt&#8220;, so lautete Musils Fazit.<br>Musils kontinuierliche Arbeit an &#8222;Der Mann ohne Eigenschaften&#8220; lie\u00df ihm wenig Zeit f\u00fcr andere literarische T\u00e4tigkeiten.&nbsp;<br>Von 1921 bis 1931 lebte er in Wien und arbeitete als Theaterkritiker und Essayist.&nbsp;<br>Danach zog Musil nach Berlin; er hoffte, dort mehr Beachtung f\u00fcr sein schriftstellerisches Werk zu finden, was nicht der Fall war.&nbsp;<br>Die Machtergreifung der Nationalsozialisten veranlasste den Autor, nach Wien zur\u00fcckzukehren.<br>Die mangelnde Anerkennung seines Werks f\u00fchrten zu Schreibhemmungen, Depressionen und Suizidgedanken.&nbsp;<br>Dazu kam, dass er einen Gro\u00dfteil seines Lebens auf finanzielle Unterst\u00fctzung angewiesen war.&nbsp;<br>Musils prek\u00e4re Existenz, die von gravierenden gesundheitlichen Problemen begleitet wurde, verschlimmerte sich.&nbsp;<br>1938 begab er sich in das Exil in die Schweiz, um seine j\u00fcdische Ehefrau zu sch\u00fctzen.&nbsp;<br>Ohne jegliche finanzielle R\u00fccklagen, auf die Hilfe weniger Freunde angewiesen, als Schriftsteller kaum beachtet, starb Robert Musil am 15. April 1942 in Genf an einem Gehirnschlag.<\/p>\n\n\n\n<p><strong>Nikolaus Halmer<\/strong> (*1958) : Wiener Zeitung (Auszug)<\/p>\n<\/div>\n<\/div>\n\n\n\n<hr class=\"wp-block-separator has-alpha-channel-opacity is-style-dots\"\/>\n\n\n\n<div class=\"wp-block-columns is-layout-flex wp-container-core-columns-is-layout-9d6595d7 wp-block-columns-is-layout-flex\">\n<div class=\"wp-block-column is-layout-flow wp-block-column-is-layout-flow\">\n<figure class=\"wp-block-image size-full\"><img loading=\"lazy\" decoding=\"async\" width=\"609\" height=\"407\" src=\"https:\/\/www.raetia.net\/wp-content\/uploads\/91_George-Braque.jpg\" alt=\"\" class=\"wp-image-4448\" srcset=\"https:\/\/www.raetia.net\/wp-content\/uploads\/91_George-Braque.jpg 609w, https:\/\/www.raetia.net\/wp-content\/uploads\/91_George-Braque-400x267.jpg 400w, https:\/\/www.raetia.net\/wp-content\/uploads\/91_George-Braque-18x12.jpg 18w\" sizes=\"auto, (max-width: 609px) 100vw, 609px\" \/><figcaption class=\"wp-element-caption\"><strong>Georges Braque (1882-1963)<\/strong><br>La Musique aus Si je mourais l\u00e0-bas (1962)<\/figcaption><\/figure>\n<\/div>\n\n\n\n<div class=\"wp-block-column is-layout-flow wp-block-column-is-layout-flow\">\n<p><strong>\u2022<\/strong> Die Kunst hat Schwingen, die Wissenschaft hat Kr\u00fccken.<\/p>\n\n\n\n<p><strong>Georges Braque<\/strong><\/p>\n\n\n\n<p><strong>\u2022<\/strong> K\u00f6nnte gegenw\u00e4rtig\/zuk\u00fcnftig folgendes zutreffen:<\/p>\n\n\n\n<p>1. da\u00df Kunst &amp; Wissenschaft sich immer mehr ann\u00e4hern,<br>2. da\u00df daher auch Kr\u00fccken und Schwingen sich zunehmend \u00e4hneln,<br>3. da\u00df folglich der Umgang mit Kunst, Wissenschaft, Kr\u00fccken &amp; Schwingen in vielen F\u00e4llen vollkommen obsolet geworden ist\u2026?<\/p>\n\n\n\n<p><strong>Renald Deppe<\/strong><\/p>\n<\/div>\n<\/div>\n\n\n\n<hr class=\"wp-block-separator has-alpha-channel-opacity is-style-dots\"\/>\n\n\n\n<div class=\"wp-block-columns is-layout-flex wp-container-core-columns-is-layout-9d6595d7 wp-block-columns-is-layout-flex\">\n<div class=\"wp-block-column is-layout-flow wp-block-column-is-layout-flow\">\n<figure class=\"wp-block-image size-full\"><img loading=\"lazy\" decoding=\"async\" width=\"609\" height=\"407\" src=\"https:\/\/www.raetia.net\/wp-content\/uploads\/92_Peter-Bichsel.jpg\" alt=\"\" class=\"wp-image-4451\" srcset=\"https:\/\/www.raetia.net\/wp-content\/uploads\/92_Peter-Bichsel.jpg 609w, https:\/\/www.raetia.net\/wp-content\/uploads\/92_Peter-Bichsel-400x267.jpg 400w, https:\/\/www.raetia.net\/wp-content\/uploads\/92_Peter-Bichsel-18x12.jpg 18w\" sizes=\"auto, (max-width: 609px) 100vw, 609px\" \/><figcaption class=\"wp-element-caption\"><strong>Peter Bichsel<\/strong> (*1935)<\/figcaption><\/figure>\n<\/div>\n\n\n\n<div class=\"wp-block-column is-layout-flow wp-block-column-is-layout-flow\">\n<p><strong>\u2022&nbsp;<\/strong>Das Erlernen des Alphabets macht einen noch lange nicht zum Leser.<br>Zwar wird das Lesen von Staat, Gesellschaft und Schule propagiert. Ich finde das gut und unterst\u00fctze es.&nbsp;Ich kann nur nicht so recht an die Aufrichtigkeit dieser Propaganda glauben &#8211; ich wei\u00df nicht, ob das Lesen noch propagiert w\u00fcrde, wenn die Propaganda Erfolg h\u00e4tte.&nbsp;<br>Ich f\u00fcrchte, allgemeines Lesen w\u00e4re dem Bruttosozialprodukt und dem verbissenen Leistungsdenken nicht f\u00f6rderlich.&nbsp;Lesen macht arbeitsunf\u00e4hig, und zudem sind leidenschaftliche Leser in ihrer Freizeit schlechte Konsumenten.&nbsp;Ich finde es sch\u00f6n und gut, dass der Staat Leser will &#8211; fraglich bleibt, ob er dann auch den Staat will, den die Leser wollen.&nbsp;Leser sind jedenfalls noch gef\u00e4hrlicher, noch subversiver als Schriftsteller.&nbsp;Und sie sind eine Hoffnung. Ich meine die Hoffnung, mit der man sich bei allen Kennern der Materie von links bis rechts l\u00e4cherlich macht, die Hoffnung auf ein bruttosozialprodukt-unabh\u00e4ngiges Leben.<br>Lesen ist zeitaufwendig, man braucht viel Zeit zum Lesen, und man wird m\u00fcde dabei wie bei der Arbeit.&nbsp;Ich kenne Leute, die nur halbtags arbeiten &#8211; und nur die H\u00e4lfte verdienen &#8211; nur um Zeit zum Lesen zu finden.&nbsp;So sch\u00f6n die Vorstellung auch ist: Der Industriearbeiter, der der von der Arbeit kommt und sein Buch liest &#8211; ich kann mir nicht vorstellen, dass man nach einem harten Tagwerk die Kraft zum Lesen findet.&nbsp;<br>Eine Gesellschaft von Lesern m\u00fcsste eine andere Gesellschaft als diese sein. Wollen wir das wirklich riskieren?<\/p>\n\n\n\n<p><strong>Peter Bichsel,&nbsp;<\/strong>Rede in Bergen-Enkheim (BRD) anl\u00e4sslich seiner Ernennung zum Stadtschreiber 1981\/82 (Auszug)<\/p>\n<\/div>\n<\/div>\n\n\n\n<hr class=\"wp-block-separator has-alpha-channel-opacity is-style-dots\"\/>\n\n\n\n<div class=\"wp-block-columns is-layout-flex wp-container-core-columns-is-layout-9d6595d7 wp-block-columns-is-layout-flex\">\n<div class=\"wp-block-column is-layout-flow wp-block-column-is-layout-flow\">\n<figure class=\"wp-block-image size-large\"><img loading=\"lazy\" decoding=\"async\" width=\"548\" height=\"1024\" src=\"https:\/\/www.raetia.net\/wp-content\/uploads\/93_Carl-Spitzweg-548x1024.jpg\" alt=\"\" class=\"wp-image-4455\" srcset=\"https:\/\/www.raetia.net\/wp-content\/uploads\/93_Carl-Spitzweg-548x1024.jpg 548w, https:\/\/www.raetia.net\/wp-content\/uploads\/93_Carl-Spitzweg-214x400.jpg 214w, https:\/\/www.raetia.net\/wp-content\/uploads\/93_Carl-Spitzweg-6x12.jpg 6w, https:\/\/www.raetia.net\/wp-content\/uploads\/93_Carl-Spitzweg.jpg 609w\" sizes=\"auto, (max-width: 548px) 100vw, 548px\" \/><figcaption class=\"wp-element-caption\"><strong>Carl Spitzweg<\/strong> (1808 &#8211; 1885) : Der B\u00fccherwurm (1850)<\/figcaption><\/figure>\n<\/div>\n\n\n\n<div class=\"wp-block-column is-layout-flow wp-block-column-is-layout-flow\">\n<p><strong>\u2022<\/strong> Wer B\u00fccher liest, lebt l\u00e4nger<\/p>\n\n\n\n<p>Wer liest, tut dies meist nicht im Stehen, Gehen oder laufen. Er sitzt vielmehr oder liegt gar auf der Couch oder im Bett.<\/p>\n\n\n\n<p>Weil aber k\u00f6rperlich Aktivit\u00e4t bekannterma\u00dfen gesund und entsprechende Faulheit ungesund ist, liegt der Schluss nahe, da\u00df uns jedes Buch nicht nur die Lebenszeit nimmt, die wir brauchen, um es zu lesen (in dieser Zeit k\u00f6nnten wir schlie\u00dflich die tollsten Sachen erleben; stattdessen decodieren wir &#8211; freiwillig &#8211; stundenlang schwarz-wei\u00dfe Zeichen).<\/p>\n\n\n\n<p>Nein, wir verlieren noch zus\u00e4tzliche Zeit, weil wir aufgrund des mangelnden k\u00f6rperlichen Trainings fr\u00fcher sterben. Zudem ist das Lesen eine Aktivit\u00e4t, die man zumeist allein ausf\u00fchrt. Da Einsamkeit einen klaren Risikofaktor f\u00fcr erh\u00f6hte Mortalit\u00e4t darstellt, ergibt sich aus dieser Sicht, da\u00df das Lesen sich eher ung\u00fcnstig auf unsere Lebenserwartung auswirken sollte.<\/p>\n\n\n\n<p>Falls sie ein B\u00fccherwurm sind, m\u00f6chte ich Sie bereits an dieser Stelle beruhigen: Dem ist nicht so. Ganz im Gegenteil: Wie eine k\u00fcrzlich von Spezialisten f\u00fcr Epidemiologie und Public Health an der renommierten US-amerikanischen Yale University publizierte Studie zeigt, hat das Lesen von B\u00fcchern ganz offensichtlich lebensverl\u00e4ngernde Eigenschaften.<\/p>\n\n\n\n<p><strong>Manfred Spitzer<\/strong> (*1958) : Fr\u00fcher war alles sp\u00e4ter (Stuttgart, 2017)<\/p>\n<\/div>\n<\/div>\n\n\n\n<hr class=\"wp-block-separator has-alpha-channel-opacity is-style-dots\"\/>\n\n\n\n<div class=\"wp-block-columns is-layout-flex wp-container-core-columns-is-layout-9d6595d7 wp-block-columns-is-layout-flex\">\n<div class=\"wp-block-column is-layout-flow wp-block-column-is-layout-flow\">\n<figure class=\"wp-block-image size-full\"><img loading=\"lazy\" decoding=\"async\" width=\"609\" height=\"366\" src=\"https:\/\/www.raetia.net\/wp-content\/uploads\/94_Thomas-Bernhard.jpg\" alt=\"\" class=\"wp-image-4489\" srcset=\"https:\/\/www.raetia.net\/wp-content\/uploads\/94_Thomas-Bernhard.jpg 609w, https:\/\/www.raetia.net\/wp-content\/uploads\/94_Thomas-Bernhard-400x240.jpg 400w, https:\/\/www.raetia.net\/wp-content\/uploads\/94_Thomas-Bernhard-18x12.jpg 18w\" sizes=\"auto, (max-width: 609px) 100vw, 609px\" \/><figcaption class=\"wp-element-caption\"><strong>Thomas Bernhard<\/strong> (1931 &#8211; 1989)<\/figcaption><\/figure>\n<\/div>\n\n\n\n<div class=\"wp-block-column is-layout-flow wp-block-column-is-layout-flow\">\n<p><strong>\u2022<\/strong>&nbsp;Die \u00d6sterreicher haben nicht den geringsten Geschmack, jedenfalls schon lange Zeit nicht mehr, wo man hinschaut, herrscht die allergr\u00f6\u00dfte Geschmacklosigkeit.<br>Und was f\u00fcr eine allgemeine Interesselosigkeit.<br>Als ob der Mittelpunkt nur der Magen sei, sagte ich, und der Kopf v\u00f6llig ausgeschaltet.<br>Ein so dummes Volk, sagte ich, und so ein herrliches Land, dessen Sch\u00f6nheit andererseits un\u00fcbertroffen ist.<br>Eine Natur wie keine zweite und so an dieser Natur desinteressierte Menschen.<br>Eine so hohe Kultur von alters her, sagte ich, und eine solche barbarische Kulturlosigkeit heute, eine verheerende Unkultur.<br>Ganz zu schweigen von den deprimierenden politischen Verh\u00e4ltnissen.<br>Was f\u00fcr scheu\u00dfliche Kreaturen in diesem \u00d6sterreich heute die Macht haben!<br>Die Niedrigsten sitzen jetzt oben.<br>Die&nbsp;Widerw\u00e4rtigsten&nbsp;und die Gemeinsten haben jetzt alles in der Hand und sind drauf und dran, alles, das etwas ist, zu zerst\u00f6ren.<\/p>\n\n\n\n<p><strong>Thomas Bernhard<\/strong> : Ausl\u00f6schung. Ein Zerfall. (1986)<\/p>\n<\/div>\n<\/div>\n\n\n\n<hr class=\"wp-block-separator has-alpha-channel-opacity is-style-dots\"\/>\n\n\n\n<div class=\"wp-block-columns is-layout-flex wp-container-core-columns-is-layout-9d6595d7 wp-block-columns-is-layout-flex\">\n<div class=\"wp-block-column is-layout-flow wp-block-column-is-layout-flow\">\n<figure class=\"wp-block-image size-full\"><img loading=\"lazy\" decoding=\"async\" width=\"609\" height=\"363\" src=\"https:\/\/www.raetia.net\/wp-content\/uploads\/94_George-Steiner.jpg\" alt=\"\" class=\"wp-image-4484\" srcset=\"https:\/\/www.raetia.net\/wp-content\/uploads\/94_George-Steiner.jpg 609w, https:\/\/www.raetia.net\/wp-content\/uploads\/94_George-Steiner-400x238.jpg 400w, https:\/\/www.raetia.net\/wp-content\/uploads\/94_George-Steiner-18x12.jpg 18w\" sizes=\"auto, (max-width: 609px) 100vw, 609px\" \/><figcaption class=\"wp-element-caption\"><strong>George Steiner<\/strong> (1929-2020)<\/figcaption><\/figure>\n<\/div>\n\n\n\n<div class=\"wp-block-column is-layout-flow wp-block-column-is-layout-flow\">\n<p><strong>\u2022<\/strong>&nbsp;Dies ist die allem endlichen Leben anklebende Traurigkeit, die aber nie zur Wirklichkeit kommt, sondern nur zur ewigen Freude der \u00dcberwindung dient.<br>Daher der Schleier der Schwermut, der \u00fcber die ganze Natur ausgebreitet ist, die tief unzerst\u00f6rliche Melancholie alles Lebens.<br>Nur in der Pers\u00f6nlichkeit ist Leben:<br>und alle Pers\u00f6nlichkeit ruht auf einem dunklen Grund, der allerdings auch Grund der Erkenntnis sein mag.<\/p>\n\n\n\n<p>Friedrich Wilhelm Joseph Schelling (1775-1854), \u00dcber das Wesen der menschlichen Freiheit (1809)<\/p>\n\n\n\n<p><strong>Eingangszitat<\/strong> aus: George Steiner: Warum Denken traurig macht. Zehn m\u00f6gliche Gr\u00fcnde (2005)<\/p>\n<\/div>\n<\/div>\n\n\n\n<hr class=\"wp-block-separator has-alpha-channel-opacity is-style-dots\"\/>\n\n\n\n<div class=\"wp-block-columns is-layout-flex wp-container-core-columns-is-layout-9d6595d7 wp-block-columns-is-layout-flex\">\n<div class=\"wp-block-column is-layout-flow wp-block-column-is-layout-flow\">\n<figure class=\"wp-block-image size-full\"><img loading=\"lazy\" decoding=\"async\" width=\"609\" height=\"408\" src=\"https:\/\/www.raetia.net\/wp-content\/uploads\/6_Martin-Mosebach.jpg\" alt=\"\" class=\"wp-image-4516\" srcset=\"https:\/\/www.raetia.net\/wp-content\/uploads\/6_Martin-Mosebach.jpg 609w, https:\/\/www.raetia.net\/wp-content\/uploads\/6_Martin-Mosebach-400x268.jpg 400w, https:\/\/www.raetia.net\/wp-content\/uploads\/6_Martin-Mosebach-18x12.jpg 18w\" sizes=\"auto, (max-width: 609px) 100vw, 609px\" \/><figcaption class=\"wp-element-caption\"><strong>Martin Mosebach<\/strong> (*1951)<\/figcaption><\/figure>\n<\/div>\n\n\n\n<div class=\"wp-block-column is-layout-flow wp-block-column-is-layout-flow\">\n<p><strong>\u2022<\/strong>&nbsp;Es handelt sich um ein kulturelles Axiom:<br>Das Alte ist das Gute &#8211; dies entspricht der Erfahrung wohl jeder Kultur. Kultur ist zwangsl\u00e4ufig immer mit dem Vertrauen in die \u00dcberlieferung verbunden:<br>Kultur besteht in der Ausweitung des Menschenlebens in seiner K\u00fcrze in die Weite der Vergangenheit und der Zukunft.<br>Die Kultur schenkt dem Menschen die M\u00f6glichkeit, sich die Erfahrungen fr\u00fcherer Generationen zu eigen zu machen und sie zuk\u00fcnftigen Generationen weiterzureichen, aufgrund der Erfahrung der vergangenen Generationen B\u00e4ume zu pflanzen, deren Fr\u00fcchte erst die kommenden Generationen genie\u00dfen werden. Das Alte hat die Kraft bewiesen, \u00fcber viele Generationen weiterzuleben. Es ist nicht dahingesunken wie das Wertlose, wie das Wertlose, Unlebendige, sondern es hat \u00fcber Jahrhunderte oder gar Jahrtausende Fruchtbarkeit bewiesen, und dazu hat Goethe, der gro\u00dfe Dichter der Deutschen, bemerkt: \u00bbWas fruchtbar ist, allein ist wahr\u00ab &#8211;&nbsp;so kann das lebendiggebliebene Alte sogar die sichtbar gewordene, sichtbar werdende, Gestalt der Wahrheit sein.<\/p>\n\n\n\n<p><strong>Martin Mosebach<\/strong>: Das alte r\u00f6mische Messbuch zwischen Verlust und Wiederentdeckung, 2010<\/p>\n<\/div>\n<\/div>\n\n\n\n<hr class=\"wp-block-separator has-alpha-channel-opacity is-style-dots\"\/>\n\n\n\n<div class=\"wp-block-columns is-layout-flex wp-container-core-columns-is-layout-9d6595d7 wp-block-columns-is-layout-flex\">\n<div class=\"wp-block-column is-layout-flow wp-block-column-is-layout-flow\">\n<figure class=\"wp-block-image size-full\"><img loading=\"lazy\" decoding=\"async\" width=\"609\" height=\"438\" src=\"https:\/\/www.raetia.net\/wp-content\/uploads\/97_Jean-Paul-Belmondo.jpg\" alt=\"\" class=\"wp-image-4519\" srcset=\"https:\/\/www.raetia.net\/wp-content\/uploads\/97_Jean-Paul-Belmondo.jpg 609w, https:\/\/www.raetia.net\/wp-content\/uploads\/97_Jean-Paul-Belmondo-400x288.jpg 400w, https:\/\/www.raetia.net\/wp-content\/uploads\/97_Jean-Paul-Belmondo-18x12.jpg 18w\" sizes=\"auto, (max-width: 609px) 100vw, 609px\" \/><figcaption class=\"wp-element-caption\"><strong>Jean-Paul Belmondo <\/strong>(1933 &#8211; 2021) liest Sascha Guitry: &nbsp;\u00abTh\u00e9\u00e2tre, je t\u2019adore\u00bb.<\/figcaption><\/figure>\n<\/div>\n\n\n\n<div class=\"wp-block-column is-layout-flow wp-block-column-is-layout-flow\">\n<p><strong>\u2022<\/strong>&nbsp;Leselust.&nbsp;<br>Der stille Dialog mit dem Autor eines Buches kann Herz, Hirn, Seele, &amp; Zwerchfell bewegen. Der Autor eines Buches schreibt zumeist f\u00fcr ihn unbekannte Herzen, Hirne, Seelen &amp; Zwerchfelle. Und wei\u00df gar nicht, ob er jene Herzhirnseelenzwerchfellbesitzer mit seinen (frohen) Botschaften jemals erreichen wird. Und kann nur hoffen: auf das Erwerben, Entdecken, Lesen, Verst\u00e4ndnis seiner publizierten Flaschenpost.<br>Schreiblust.<br>Eine oftmals (nicht nur) bei Autoren anzutreffende Leidenschaft, Obzession, Passion &amp; zumeist ungef\u00e4hrliche Manie. Ein herzhirnseelenzwerchfellnotwendiges Mitteilungs- &amp; Entladungsbed\u00fcrfnis. Kostbar. Weil (zumeist) nicht b\u00f6rsennotiert.<br>Schreib- &amp; Leselust.<br>Kommen beide Kulturverm\u00f6gen zusammen entstehen begl\u00fcckend nachhaltig konjunkturfrohe Nebenwirkungen &amp; Risiken. Dann konsultieren Sie bitte umgehend Ihren Blumen-, Kohlen-, Wein-, Auto- oder Buchh\u00e4ndler.<br>\u00c4rzte und\/oder Apotheker sind in der Regel f\u00fcr solch dialogbedingte Gl\u00fccksanf\u00e4lle nicht zust\u00e4ndig und zu meiden. &nbsp;&nbsp;<br>Nat\u00fcrlich gibt es auch Leseunlust &amp; Schreibunlust. Aber das ist eine andere (unendliche) Geschichte\u2026<\/p>\n\n\n\n<p><strong>Renald Deppe<\/strong><\/p>\n<\/div>\n<\/div>\n\n\n\n<hr class=\"wp-block-separator has-alpha-channel-opacity is-style-dots\"\/>\n\n\n\n<div class=\"wp-block-columns is-layout-flex wp-container-core-columns-is-layout-9d6595d7 wp-block-columns-is-layout-flex\">\n<div class=\"wp-block-column is-layout-flow wp-block-column-is-layout-flow\">\n<figure class=\"wp-block-image size-full\"><img loading=\"lazy\" decoding=\"async\" width=\"554\" height=\"416\" src=\"https:\/\/www.raetia.net\/wp-content\/uploads\/98_Elfriede-Gerstl.jpg\" alt=\"\" class=\"wp-image-4528\" srcset=\"https:\/\/www.raetia.net\/wp-content\/uploads\/98_Elfriede-Gerstl.jpg 554w, https:\/\/www.raetia.net\/wp-content\/uploads\/98_Elfriede-Gerstl-400x300.jpg 400w, https:\/\/www.raetia.net\/wp-content\/uploads\/98_Elfriede-Gerstl-16x12.jpg 16w\" sizes=\"auto, (max-width: 554px) 100vw, 554px\" \/><figcaption class=\"wp-element-caption\"><strong>Elfriede Gerstl<\/strong> (16.6.1932 &#8211; 9.4.2009)<\/figcaption><\/figure>\n<\/div>\n\n\n\n<div class=\"wp-block-column is-layout-flow wp-block-column-is-layout-flow\">\n<p><strong>\u2022<\/strong> Ein leichtf\u00fc\u00dfiger Mensch (Alles, was man sagen kann, k\u00f6nne man auch beil\u00e4ufig sagen, das war Elfriede Gerstls Motto, also: leicht. Leicht gesagt!) stirbt mit schweren F\u00fc\u00dfen.&nbsp;<\/p>\n\n\n\n<p>Jemand, der immer nur wegfliegen wollte von einem Ast am Baum, wird auf einmal am Boden festgehalten wie mit einem Bleibandabschlu\u00df, mit Beinen, in denen das Wasser so schwer ruht, da\u00df es sie hinunterzieht.&nbsp;<\/p>\n\n\n\n<p>Der leichteste Mensch wird pl\u00f6tzlich der schwerste. \u201etraum vom luft in der luft sein\u201c steht in einem dieser Gedichte.&nbsp;<\/p>\n\n\n\n<p>Eine Frau, die in der Luft gehen konnte, Zentimeter \u00fcber dem Boden, die sich in die Luft erhoben hat, wird pl\u00f6tzlich, aber auf ganz andre Weise, weil sie nicht mehr anders kann, wieder ganz leicht, l\u00f6st sich in Bewegung auf. Bleibt dennoch da. Schon ein Engel? Oder nur im Status eines Engels, denn vor dem Engelsein wird noch zur\u00fcckgeschreckt. &nbsp;<\/p>\n\n\n\n<p>Eine Frau, die in der Luft gehen konnte, ist immer auch durch die Stra\u00dfen gelaufen. In der Wiener Innenstadt kannten sie die meisten vom Sehen. Aber da haben die F\u00fc\u00dfe noch den Boden gefunden, um sich von dort abzusto\u00dfen. Jetzt erhebt sich die Frau nicht mehr. Sie kommt woanders vor. Wir haben es noch erwarten k\u00f6nnen, also h\u00e4tte es nicht einzutreten brauchen.&nbsp;<\/p>\n\n\n\n<p>Wer f\u00fcr den Tod nicht anhalten kann, f\u00fcr den h\u00e4lt er an, so etwa sagt es Emily Dickinson in einem ihrer Gedichte (\u201eBecause I could not stop for Death, He kindly stopped for me\u201c).&nbsp;<\/p>\n\n\n\n<p>Er h\u00e4lt gn\u00e4dig, freundlich an, nicht einfach an, er h\u00e4lt um einen an, als ginge es zu einer Hochzeit oder Verlobung.<\/p>\n\n\n\n<p><strong>Elfriede Jelinek<\/strong> (* 1946) : Vom Boden abgesto\u00dfen (Auszug, 2009)<\/p>\n<\/div>\n<\/div>\n\n\n\n<hr class=\"wp-block-separator has-alpha-channel-opacity is-style-dots\"\/>\n\n\n\n<div class=\"wp-block-columns is-layout-flex wp-container-core-columns-is-layout-9d6595d7 wp-block-columns-is-layout-flex\">\n<div class=\"wp-block-column is-layout-flow wp-block-column-is-layout-flow\">\n<figure class=\"wp-block-image size-full\"><img loading=\"lazy\" decoding=\"async\" width=\"609\" height=\"775\" src=\"https:\/\/www.raetia.net\/wp-content\/uploads\/99_Hyronimus.jpg\" alt=\"\" class=\"wp-image-4571\" srcset=\"https:\/\/www.raetia.net\/wp-content\/uploads\/99_Hyronimus.jpg 609w, https:\/\/www.raetia.net\/wp-content\/uploads\/99_Hyronimus-314x400.jpg 314w, https:\/\/www.raetia.net\/wp-content\/uploads\/99_Hyronimus-9x12.jpg 9w\" sizes=\"auto, (max-width: 609px) 100vw, 609px\" \/><figcaption class=\"wp-element-caption\"><strong>Der Heilige Hieronymus<\/strong> : Anonym : Erste H\u00e4lfte 17. Jahrhundert&nbsp;: \u00d6l auf Holz<\/figcaption><\/figure>\n<\/div>\n\n\n\n<div class=\"wp-block-column is-layout-flow wp-block-column-is-layout-flow\">\n<p><strong>\u2022<\/strong> Die Lekt\u00fcre verlangt bestimmte spezifische Voraussetzungen. Darauf wird nicht genug geachtet.<\/p>\n\n\n\n<p><strong>Zuerst einmal verlangt sie viel Stille.<\/strong> Stille ist zum kostbarsten, luxuri\u00f6sesten Gut der Welt geworden. In unseren St\u00e4dten (die inzwischen 24 Stunden am Tag in Betrieb sind: New York, Chicago oder London leben nachts genau wie tags\u00fcber) ist die Stille Gold wert. 85 % der Jugendlichen k\u00f6nnen nicht mehr lesen, ohne dass gleichzeitig Musik l\u00e4uft; das f\u00fchrt zu dem \u00bbFlicker Effect\u00ab, wie Psychologen es nennen, zu Lichtb\u00fcndelungen: Der Fernseher ist pr\u00e4sent, ist eingeschaltet, am Rande des Blickfelds, w\u00e4hrend man vorgibt zu lesen. Niemand kann unter solchen Bedingungen einen ernsthaften Text lesen.<\/p>\n\n\n\n<p><strong>Die zweite Bedingung: eine gewisse Privatsph\u00e4re.<\/strong>&nbsp;Im Haus ein Zimmer, selbst wenn es klein ist, wo man mit dem Buch allein sein kann, wo man in diesen Dialog eintreten kann, ohne dass andere sich im selben Raum befinden. Das wird selten verstanden. Das wunderbare an der Musik ist, dass man zu mehreren Anteil nehmen kann. Man kann in einer Gruppe zuh\u00f6ren, zusammen mit geliebten Menschen, in Gesellschaft von Freunden. die Musik ist eine Sprache der Anteilnahme, nicht die Lekt\u00fcre. Gewiss, man kann laut lesen, das sollte man viel \u00f6fter tun. Es ist ein Skandal, dass das Vorlesen &#8211; ob nun Kindern oder Erwachsenen &#8211; vom Aussterben bedroht ist!<br>Die grossen Texte des 19. Jahrhunderts sind f\u00fcr das Vorlesen geschrieben worden, ich k\u00f6nnte es Ihnen beweisen: Es gibt bei Balzac,, bei Hugo, bei George Sand ganze Seiten, deren Kadenz, deren strukturierter Rhythmus einen m\u00fcndlichen Vortrag erfordern, den es zu erh\u00f6ren, zu ergreifen gilt. Ich hatte das gro\u00dfe Gl\u00fcck, dass mein Vater mir vorgelesen hat, bevor ich \u00fcberhaupt verstand (das ist das Geheimnis), bevor ich den Inhalt des Vorgelesenen g\u00e4nzlich erfassen konnte.<\/p>\n\n\n\n<p><strong>Und als drittes gilt es<\/strong> &#8211; eine \u00e4u\u00dferst elit\u00e4re Bemerkung (aber ich liebe das Wort \u00bbElite\u00ab; es besagt, dass gewisse Dinge besser sind als andere; nichts anderes will es sagen) &#8211;<strong> im <em>Besitz <\/em>von B\u00fcchern zu sein.<\/strong> Die gro\u00dfen \u00f6ffentlichen Bibliotheken bildeten die Grundlage der Erziehung und der Kultur des 19. Jahrhunderts sowie vieler Geister des 20. Jahrhunderts. Aber \u00fcber eine Sammlung von B\u00fcchern zu verf\u00fcgen, die Ihnen geh\u00f6ren, die nicht ausgeliehen sind, ist von entscheidender Bedeutung. Warum? Weil man beim Lesen unbedingt einen Bleistift in der Hand haben muss.<br>Man muss sich Notizen machen, unterstreichen, an den Rand schreiben: \u00bbSo eine Dummheit! Was f\u00fcr Ideen!\u00ab Es gibt nichts faszinierenderes als die Randnotizen grosser Schriftsteller. Sie sind lebendige Dialoge. Erasmus hat gesagt: \u00bbWer keine zerissenen B\u00fccher besitzt, hat sie nicht gelesen.\u00ab Das gilt in <em>extremis<\/em>, aber darin liegt eine tiefe Wahrheit verborgen.<\/p>\n\n\n\n<p><strong>George Steiner<\/strong>&nbsp;(*1929) : Ein langer Samstag : Ein Gespr\u00e4che mit Laure Adler : Hoffman &amp; Campe, Hamburg 2016.<\/p>\n<\/div>\n<\/div>\n\n\n\n<hr class=\"wp-block-separator has-alpha-channel-opacity is-style-dots\"\/>\n\n\n\n<div class=\"wp-block-columns is-layout-flex wp-container-core-columns-is-layout-9d6595d7 wp-block-columns-is-layout-flex\">\n<div class=\"wp-block-column is-layout-flow wp-block-column-is-layout-flow\">\n<figure class=\"wp-block-image size-full\"><img loading=\"lazy\" decoding=\"async\" width=\"609\" height=\"609\" src=\"https:\/\/www.raetia.net\/wp-content\/uploads\/100_Paul-Valery.jpg\" alt=\"\" class=\"wp-image-4646\" srcset=\"https:\/\/www.raetia.net\/wp-content\/uploads\/100_Paul-Valery.jpg 609w, https:\/\/www.raetia.net\/wp-content\/uploads\/100_Paul-Valery-400x400.jpg 400w, https:\/\/www.raetia.net\/wp-content\/uploads\/100_Paul-Valery-235x235.jpg 235w, https:\/\/www.raetia.net\/wp-content\/uploads\/100_Paul-Valery-12x12.jpg 12w\" sizes=\"auto, (max-width: 609px) 100vw, 609px\" \/><figcaption class=\"wp-element-caption\"><strong>Paul Val\u00e9ry<\/strong>&nbsp;(1871 &#8211; 1945)<\/figcaption><\/figure>\n<\/div>\n\n\n\n<div class=\"wp-block-column is-layout-flow wp-block-column-is-layout-flow\">\n<p><strong>\u2022 Die Kunst des Lesens.<\/strong><\/p>\n\n\n\n<p>Gut liest man nur aus einer ganz pers\u00f6nlichen Absicht heraus.<br>Etwa um ein bestimmtes K\u00f6nnen zu erlangen.<br>Oder weil man den Autor hasst.<\/p>\n\n\n\n<p>Paul Val\u00e9ry&nbsp;:Autre Rhumbs (Weitere&nbsp;Windstriche), Paris 1927<\/p>\n\n\n\n<p><strong>\u2022<\/strong>&nbsp;Mir ist es lieber, mehrere Male von einem gelesen zu werden, als einmal von mehreren.<\/p>\n\n\n\n<p>Paul Val\u00e9ry : Cahiers (Hefte), Paris 1922<\/p>\n\n\n\n<p><strong>\u2022<\/strong>&nbsp;Ich vermochte nie etwas zu lernen, es sei denn auf den Weg \u00fcber mich selbst. &#8211;<br>Ich begreife nur durch <em>Neuerfindung aus Bed\u00fcrftigkeit<\/em>.<\/p>\n\n\n\n<p><strong>Paul Val\u00e9ry<\/strong> : Cahiers (Hefte), Paris 1938<\/p>\n<\/div>\n<\/div>\n\n\n\n<hr class=\"wp-block-separator has-alpha-channel-opacity is-style-dots\"\/>\n\n\n\n<div class=\"wp-block-columns is-layout-flex wp-container-core-columns-is-layout-9d6595d7 wp-block-columns-is-layout-flex\">\n<div class=\"wp-block-column is-layout-flow wp-block-column-is-layout-flow\">\n<figure class=\"wp-block-image size-full\"><img loading=\"lazy\" decoding=\"async\" width=\"609\" height=\"738\" src=\"https:\/\/www.raetia.net\/wp-content\/uploads\/101_Guethersloh.jpg\" alt=\"\" class=\"wp-image-4832\" srcset=\"https:\/\/www.raetia.net\/wp-content\/uploads\/101_Guethersloh.jpg 609w, https:\/\/www.raetia.net\/wp-content\/uploads\/101_Guethersloh-330x400.jpg 330w, https:\/\/www.raetia.net\/wp-content\/uploads\/101_Guethersloh-10x12.jpg 10w\" sizes=\"auto, (max-width: 609px) 100vw, 609px\" \/><figcaption class=\"wp-element-caption\">Portraitskizze (1954) von<strong> Albert Paris G\u00fctersloh<\/strong> (1887 &#8211; 1973) von Erich Huber (1916 &#8211; 1996)<\/figcaption><\/figure>\n<\/div>\n\n\n\n<div class=\"wp-block-column is-layout-flow wp-block-column-is-layout-flow\">\n<p><strong>\u2022<\/strong> Weiter musste ich mich fragen: was sind also&nbsp;\u201eBegabungen\u201c?<br>Ich musste antworten: Herabgekommene Religion. Herabgekommene Idee.<br>Verwischter Gott. Getr\u00fcbter Pers\u00f6nlichkeitsbegriff. Au\u00dferordentlicher und interessanter Grad von Verirrung.<br>Von Abirrung ins Kentaurische, Hermaphroditische, Elbische, Hexen- und Magierhafte und, lieber Freund, wenn Sie mit Inquisitorenaug die scheelen K\u00f6pfe unserer \u201eGro\u00dfen\u201c ansehen, so werden Sie im besten Falle Karikaturen von Priestern sehen, Jesuskarikaturen, Paulusaffen, Johannesknaben und die ganze Reihe der Heiligen ins Liberale verzerrt.<br>Ich sage das, vor allem Ihnen selbst zum Nutzen, damit Sie, wie ich in diesem Liberalen wandelnd, des eigentlichen Weges stets bewu\u00dft bleiben.<\/p>\n\n\n\n<p>(Brief [Auszug] vom 29.09. 1928 von <strong>Albert Paris <\/strong>G\u00fctersloh an Heimito von Doderer.)<\/p>\n<\/div>\n<\/div>\n\n\n\n<hr class=\"wp-block-separator has-alpha-channel-opacity is-style-dots\"\/>\n\n\n\n<div class=\"wp-block-columns is-layout-flex wp-container-core-columns-is-layout-9d6595d7 wp-block-columns-is-layout-flex\">\n<div class=\"wp-block-column is-layout-flow wp-block-column-is-layout-flow\">\n<figure class=\"wp-block-image size-full\"><img loading=\"lazy\" decoding=\"async\" width=\"609\" height=\"344\" src=\"https:\/\/www.raetia.net\/wp-content\/uploads\/102_Michael-Maar.jpg\" alt=\"\" class=\"wp-image-4847\" srcset=\"https:\/\/www.raetia.net\/wp-content\/uploads\/102_Michael-Maar.jpg 609w, https:\/\/www.raetia.net\/wp-content\/uploads\/102_Michael-Maar-400x226.jpg 400w, https:\/\/www.raetia.net\/wp-content\/uploads\/102_Michael-Maar-18x10.jpg 18w\" sizes=\"auto, (max-width: 609px) 100vw, 609px\" \/><figcaption class=\"wp-element-caption\"><strong>Michael Maar<\/strong> (1960) : Germanist, Schriftsteller, Literaturkritiker.<\/figcaption><\/figure>\n<\/div>\n\n\n\n<div class=\"wp-block-column is-layout-flow wp-block-column-is-layout-flow\">\n<p><strong>\u2022<\/strong>&nbsp;Nach ehrlicher und ernster Pr\u00fcfung der Frage, was man im Leben falsch gemacht hat, welche Fehler man vermieden haben k\u00f6nnte und was, daraus folgend, der Lebensrad an die Kinder w\u00e4re: Man h\u00e4tte \u00f6fters die Klappe halten sollen.<\/p>\n\n\n\n<p>Ehrlichkeit sch\u00f6n und gut, aber den anderen damit verletzen, h\u00e4\u00dflich und schlecht.<\/p>\n\n\n\n<p>Wie oft nicht w\u00e4re Schweigen Gold gewesen.<\/p>\n\n\n\n<p>Immer wieder beeindruckend und halb belustigend, halb verst\u00f6rend, wie schwerf\u00e4llig der Mensch doch lernt. Selbst die simpelsten Sachen nicht, wie eben das: Besser \u00f6fter den Mund oder die Tinte oder die Tastatur halten. Ist es so schwierig?<\/p>\n\n\n\n<p><strong>Michael Maar<\/strong> : Fliegenpapier : Vermischte Notizen, Hamburg 2022<\/p>\n<\/div>\n<\/div>\n\n\n\n<hr class=\"wp-block-separator has-alpha-channel-opacity is-style-dots\"\/>\n\n\n\n<div class=\"wp-block-columns is-layout-flex wp-container-core-columns-is-layout-9d6595d7 wp-block-columns-is-layout-flex\">\n<div class=\"wp-block-column is-layout-flow wp-block-column-is-layout-flow\">\n<figure class=\"wp-block-image size-large\"><img loading=\"lazy\" decoding=\"async\" width=\"580\" height=\"1024\" src=\"https:\/\/www.raetia.net\/wp-content\/uploads\/104_Andre-Gilde-580x1024.jpg\" alt=\"\" class=\"wp-image-5080\" srcset=\"https:\/\/www.raetia.net\/wp-content\/uploads\/104_Andre-Gilde-580x1024.jpg 580w, https:\/\/www.raetia.net\/wp-content\/uploads\/104_Andre-Gilde-227x400.jpg 227w, https:\/\/www.raetia.net\/wp-content\/uploads\/104_Andre-Gilde-7x12.jpg 7w, https:\/\/www.raetia.net\/wp-content\/uploads\/104_Andre-Gilde.jpg 609w\" sizes=\"auto, (max-width: 580px) 100vw, 580px\" \/><figcaption class=\"wp-element-caption\"><strong>Andr\u00e9 Gide<\/strong>&nbsp;(1869 -1951)<br><\/figcaption><\/figure>\n<\/div>\n\n\n\n<div class=\"wp-block-column is-layout-flow wp-block-column-is-layout-flow\">\n<p><strong>\u2022<\/strong> Glaube denen, die die Wahrheit suchen, und zweifle an denen, die sie gefunden haben.<\/p>\n\n\n\n<p><strong>Andr\u00e9 Gide<\/strong>&nbsp;(Literaturnobelpreis 1947)<\/p>\n<\/div>\n<\/div>\n\n\n\n<hr class=\"wp-block-separator has-alpha-channel-opacity is-style-dots\"\/>\n\n\n\n<div class=\"wp-block-columns is-layout-flex wp-container-core-columns-is-layout-9d6595d7 wp-block-columns-is-layout-flex\">\n<div class=\"wp-block-column is-layout-flow wp-block-column-is-layout-flow\">\n<figure class=\"wp-block-image size-full\"><img loading=\"lazy\" decoding=\"async\" width=\"456\" height=\"644\" src=\"https:\/\/www.raetia.net\/wp-content\/uploads\/104_Rodin.jpg\" alt=\"\" class=\"wp-image-5146\" srcset=\"https:\/\/www.raetia.net\/wp-content\/uploads\/104_Rodin.jpg 456w, https:\/\/www.raetia.net\/wp-content\/uploads\/104_Rodin-283x400.jpg 283w, https:\/\/www.raetia.net\/wp-content\/uploads\/104_Rodin-8x12.jpg 8w\" sizes=\"auto, (max-width: 456px) 100vw, 456px\" \/><figcaption class=\"wp-element-caption\"><strong>Auguste Rodin<\/strong> (1840 &#8211; 1914) : &nbsp;Fotografie (1917)<\/figcaption><\/figure>\n<\/div>\n\n\n\n<div class=\"wp-block-column is-layout-flow wp-block-column-is-layout-flow\">\n<p><strong>\u2022<\/strong> Malerei, Skulptur, Literatur, Musik stehen einander viel n\u00e4her, als man im allgemeinen glaubt. Sie dr\u00fccken alle Gef\u00fchle der menschlichen Seele der Natur gegen\u00fcber aus, eine jede selbstverst\u00e4ndlich mit verschiedenen Mitteln.<\/p>\n\n\n\n<p><strong>Auguste Rodin<\/strong><\/p>\n\n\n\n<p><strong>\u2022<\/strong>&nbsp;RODIN war einsam vor seinem Ruhme. Und der Ruhm, der kam, hat ihn vielleicht noch einsamer gemacht. Denn Ruhm ist schlie\u00dflich nur der Inbegriff aller Mi\u00dfverst\u00e4ndnisse, die sich um einen neuen Namen sammeln.&nbsp;<\/p>\n\n\n\n<p>Es sind ihrer sehr viele um Rodin, und es w\u00e4re eine lange und m\u00fchsame Aufgabe, sie aufzukl\u00e4ren. Es ist auch nicht n\u00f6tig; sie stehen um den Namen, nicht um das Werk, das weit \u00fcber dieses Namens Klang und Rand hinausgewachsen und namenlos geworden ist, wie eine Ebene namenlos ist, oder ein Meer, das nur auf der Karte einen Namen hat, in den B\u00fcchern und bei den Menschen, in Wirklichkeit aber nur Weite ist, Bewegung und Tiefe.<\/p>\n\n\n\n<p>Man wird einmal erkennen, was diesen gro\u00dfen K\u00fcnstler so gro\u00df gemacht hat: da\u00df er ein Arbeiter war, der nichts ersehnte, als ganz, mit allen seinen Kr\u00e4ften, in das niedrige und harte Dasein seines Werkzeuges einzugehen. Darin lag eine Art von Verzicht auf das Leben; aber gerade mit dieser Geduld gewann er es: denn zu seinem Werkzeug kam die Welt.&nbsp;<\/p>\n\n\n\n<p><strong>Rainer Maria Rilke <\/strong>(1875 &#8211; 1926) : Rodin : Einer jungen Bildhauerin : Paris, im Dezember 1902 (Auszug)<\/p>\n<\/div>\n<\/div>\n\n\n\n<hr class=\"wp-block-separator has-alpha-channel-opacity is-style-dots\"\/>\n\n\n\n<div class=\"wp-block-columns is-layout-flex wp-container-core-columns-is-layout-9d6595d7 wp-block-columns-is-layout-flex\">\n<div class=\"wp-block-column is-layout-flow wp-block-column-is-layout-flow\">\n<figure class=\"wp-block-image size-full\"><img loading=\"lazy\" decoding=\"async\" width=\"484\" height=\"615\" src=\"https:\/\/www.raetia.net\/wp-content\/uploads\/105_Virginia-Wolff.jpg\" alt=\"\" class=\"wp-image-5159\" srcset=\"https:\/\/www.raetia.net\/wp-content\/uploads\/105_Virginia-Wolff.jpg 484w, https:\/\/www.raetia.net\/wp-content\/uploads\/105_Virginia-Wolff-315x400.jpg 315w, https:\/\/www.raetia.net\/wp-content\/uploads\/105_Virginia-Wolff-9x12.jpg 9w\" sizes=\"auto, (max-width: 484px) 100vw, 484px\" \/><figcaption class=\"wp-element-caption\"><strong>Virginia Woolf<\/strong> (1882 &#8211; 1941) : Fotografie (undatiert)<\/figcaption><\/figure>\n<\/div>\n\n\n\n<div class=\"wp-block-column is-layout-flow wp-block-column-is-layout-flow\">\n<p><strong>\u2022<\/strong> Die in der Kindheit von ihrem Stiefbruder sexuell bedr\u00e4ngte Virginia Woolf war ameisenflei\u00dfig, wurde aber immer wieder zur\u00fcckgeworfen durch Depressionen und psychotische Sch\u00fcbe, in denen sie Stimmen h\u00f6rte, die ihr Obsz\u00f6nit\u00e4ten zuriefen. Beim letzten dieser Sch\u00fcbe &#8211; f\u00fcr den Fall einer deutschen Invasion hatte sie schon mit ihrem Mann Leonard Woolf den gemeinsamen Selbstmord geplant &#8211; stieg sie mit einem schweren Stein in der Manteltasche in den nahegelegenen Flu\u00df Ouse.&nbsp;Sie k\u00f6nne Leonards Leben nicht l\u00e4nger ruinieren, schrieb sie in ihrem Abschiedsbrief.&nbsp;<\/p>\n\n\n\n<p>Erst drei Wochen sp\u00e4ter fanden spielende Kinder ihre Leiche.<\/p>\n\n\n\n<p><strong>Michael Maar<\/strong> (*1960) : Heute bedeckt und k\u00fchl (2013)<\/p>\n<\/div>\n<\/div>\n\n\n\n<hr class=\"wp-block-separator has-alpha-channel-opacity is-style-dots\"\/>\n\n\n\n<div class=\"wp-block-columns is-layout-flex wp-container-core-columns-is-layout-9d6595d7 wp-block-columns-is-layout-flex\">\n<div class=\"wp-block-column is-layout-flow wp-block-column-is-layout-flow\">\n<figure class=\"wp-block-image size-full\"><img loading=\"lazy\" decoding=\"async\" width=\"484\" height=\"574\" src=\"https:\/\/www.raetia.net\/wp-content\/uploads\/105_The-Washington-Post.jpg\" alt=\"\" class=\"wp-image-5197\" srcset=\"https:\/\/www.raetia.net\/wp-content\/uploads\/105_The-Washington-Post.jpg 484w, https:\/\/www.raetia.net\/wp-content\/uploads\/105_The-Washington-Post-337x400.jpg 337w, https:\/\/www.raetia.net\/wp-content\/uploads\/105_The-Washington-Post-10x12.jpg 10w\" sizes=\"auto, (max-width: 484px) 100vw, 484px\" \/><figcaption class=\"wp-element-caption\"><strong>The Washington Post<\/strong> vom 21. Juli 1969 mit der Schlagzeile \u201eThe Eagle Has Landed \u2013 Two Men Walk on the Moon\u201c (Der Adler ist gelandet \u2013 zwei Menschen spazieren auf dem Mond) \u00fcber erstmalige Mondlandung der Astronauten Neil Armstrong &amp; Buzz Aldrin.<\/figcaption><\/figure>\n<\/div>\n\n\n\n<div class=\"wp-block-column is-layout-flow wp-block-column-is-layout-flow\">\n<p><strong>\u2022<\/strong>&nbsp;Wir haben die Dunkle Seite des Mondes enth\u00fcllt,&nbsp;aber nicht das verborgene Universum des Menschen.&nbsp;Wir wissen, was auf dem Mars geschieht,&nbsp;aber nicht, was in den Herzen unseres N\u00e4chsten vor sich geht.&nbsp;Wir sind so weit vorangeschritten, so schnell, dass wir vergessen haben,&nbsp;wo wir suchen und nach was.&nbsp;Trotz der Erfolge und Errungenschaften hat sich der Mensch nie so einsam,&nbsp;so fremd gef\u00fchlt in seiner eigenen Heimat &#8211;&nbsp;und so verletzt und ohnm\u00e4chtig.&nbsp;<\/p>\n\n\n\n<p>Was ihn selber betrifft, so hat der Mensch die falschen Probleme gel\u00f6st.<\/p>\n\n\n\n<p><strong>Eli Wiesel<\/strong>&nbsp;(1928 &#8211; 2016)<\/p>\n\n\n\n<p><strong>\u2022<\/strong> The Washington Post<br>Washington Post, einflussreiche \u00fcberregionale amerikanische Tageszeitung, gegr\u00fcndet 1877 in Washington (D.\u202fC.).&nbsp;<br>Unter ihrem Chefredakteur Benjamin Bradlee (*\u202f1921, \u2020\u202f2014) entwickelte sich die Washington Post in den 1970er-Jahren von einer Hauptstadtzeitung zu einem weltweit beachteten Blatt.&nbsp;<br><strong>1972\u201374 enth\u00fcllte sie die Watergate-Aff\u00e4re.&nbsp;<\/strong><br>Auflage (2014): 475\u202f000 Exemplare. Sie war Teil der Mediengruppe The Washington Post Company, zu der daneben u.\u202fa. Regionalzeitungen, lokale Fernsehstationen und Kabelfernsehsender sowie bis 2010 die (inzwischen eingestellte) Zeitschrift \u00bbNewsweek\u00ab geh\u00f6rten. 2013 erwarb der Gr\u00fcnder des Online-Handelsunternehmens Amazon, J.\u202fBezos, die Washington Post.<\/p>\n\n\n\n<p>(Brockhaus, Enzyklop\u00e4die)<\/p>\n<\/div>\n<\/div>\n\n\n\n<hr class=\"wp-block-separator has-alpha-channel-opacity is-style-dots\"\/>\n\n\n\n<div class=\"wp-block-columns is-layout-flex wp-container-core-columns-is-layout-9d6595d7 wp-block-columns-is-layout-flex\">\n<div class=\"wp-block-column is-layout-flow wp-block-column-is-layout-flow\">\n<figure class=\"wp-block-image size-full\"><img loading=\"lazy\" decoding=\"async\" width=\"604\" height=\"690\" src=\"https:\/\/www.raetia.net\/wp-content\/uploads\/106_Edward-Hopper.jpg\" alt=\"\" class=\"wp-image-5199\" srcset=\"https:\/\/www.raetia.net\/wp-content\/uploads\/106_Edward-Hopper.jpg 604w, https:\/\/www.raetia.net\/wp-content\/uploads\/106_Edward-Hopper-350x400.jpg 350w, https:\/\/www.raetia.net\/wp-content\/uploads\/106_Edward-Hopper-11x12.jpg 11w\" sizes=\"auto, (max-width: 604px) 100vw, 604px\" \/><figcaption class=\"wp-element-caption\"><strong>Edward Hopper<\/strong> (1882 &#8211; 1967) : US-amerikanischer Maler : compartment c car (1938)&nbsp;<\/figcaption><\/figure>\n<\/div>\n\n\n\n<div class=\"wp-block-column is-layout-flow wp-block-column-is-layout-flow\">\n<p><strong>\u2022<\/strong> Die Malerei muss sich vollst\u00e4ndiger und weniger unrealistisch mit Lebens- und Naturph\u00e4nomenen auseinandersetzen, bevor sie wieder gro\u00dfartig werden kann.<\/p>\n\n\n\n<p><strong>Edward Hopper<\/strong> (1953)<\/p>\n\n\n\n<p><strong>\u2022<\/strong>&nbsp;Stille kann durch Viele &amp; Vieles ge- &amp; erzeugt werden:<br>Stille durch Zeichen,<br>Stille als Abzeichen.<br>Stille durch Einsamkeit,<br>Stille als Vereinsamung.<br>Stille durch Witz,<br>Stille als Aberwitz.<br>Stille durch Fremde,<br>Stille als Entfremdung.<br>Stille durch Gift,<br>Stille als Mitgift.<br>Stille durch Zauber,<br>Stille als Entzauberung.<br>Stille durch Tracht,<br>Stille als Zwietracht.<br>Stille durch Not,<br>Stille als N\u00f6tigung.<br>Stille durch Schlaf,<br>Stille als Beischlaf.<br>Stille durch Treue,<br>Stille als Untreue.<br>Stille durch K\u00e4lte,<br>Stille als Erkaltung.<br>Stille durch Glaube,<br>Stille als Aberglaube.<br>Stille durch Verzicht,<br>Stille als Bezichtigung.<br>Stille durch Sprache,<br>Stille als Absprache.<br>Stille durch Ordnung,<br>Stille als Zuordnung.<br>Stille durch Flucht,<br>Stille als Ausflucht.<br>Stille durch Mut,<br>Stille als \u00dcbermut.<br>Stille durch Wesen,<br>Stille als Verwesung.<br>Zum Beispiel.<br>Zum Beispiel:<br>Stille durch Malen.<br>Stille als Gemaltes.&nbsp;<br>Edward Hopper ist und war ein Meister im Verzeichnen vieler der hier angef\u00fchrten \u00bbdurch &amp; als\u00ab Geschehen.<br>Edward Hopper ist und war ein Maler der tosenden Stille und bedr\u00fcckenden Einsamkeiten.<br>Edward Hopper ist und war ein Chronist von lustfrustbunten Mattfarben und Kaltganz-Irritationen der Moderne.&nbsp;<br>Edward Hopper ist und war ein Diarist der stummen Schreie und bewegungsfrohen Monotonien unserer Gegenwart.<br>Um eine verantwortete Zukunft gestalten zu k\u00f6nnen.<br>Zum Beispiel.<\/p>\n\n\n\n<p><strong>Renald Deppe<\/strong> (*1955) : F\u00fcr wenn ich trotzlaunig bin\u2026 (Verortung &amp; Perspektive, 2023)<\/p>\n<\/div>\n<\/div>\n\n\n\n<hr class=\"wp-block-separator has-alpha-channel-opacity is-style-dots\"\/>\n\n\n\n<div class=\"wp-block-columns is-layout-flex wp-container-core-columns-is-layout-9d6595d7 wp-block-columns-is-layout-flex\">\n<div class=\"wp-block-column is-layout-flow wp-block-column-is-layout-flow\">\n<figure class=\"wp-block-image size-full\"><img loading=\"lazy\" decoding=\"async\" width=\"609\" height=\"406\" src=\"https:\/\/www.raetia.net\/wp-content\/uploads\/107_JM.jpg\" alt=\"\" class=\"wp-image-5203\" srcset=\"https:\/\/www.raetia.net\/wp-content\/uploads\/107_JM.jpg 609w, https:\/\/www.raetia.net\/wp-content\/uploads\/107_JM-400x267.jpg 400w, https:\/\/www.raetia.net\/wp-content\/uploads\/107_JM-18x12.jpg 18w\" sizes=\"auto, (max-width: 609px) 100vw, 609px\" \/><figcaption class=\"wp-element-caption\"><strong>Friederike Mayr\u00f6cker <\/strong>und<strong> Ernst Jandl<\/strong>&nbsp;: Fotografie von Isolde Ohlbaum : Wien (1989)<\/figcaption><\/figure>\n\n\n\n<figure class=\"wp-block-image size-full\"><img loading=\"lazy\" decoding=\"async\" width=\"407\" height=\"644\" src=\"https:\/\/www.raetia.net\/wp-content\/uploads\/107_JM2.jpg\" alt=\"\" class=\"wp-image-5206\" srcset=\"https:\/\/www.raetia.net\/wp-content\/uploads\/107_JM2.jpg 407w, https:\/\/www.raetia.net\/wp-content\/uploads\/107_JM2-253x400.jpg 253w, https:\/\/www.raetia.net\/wp-content\/uploads\/107_JM2-8x12.jpg 8w\" sizes=\"auto, (max-width: 407px) 100vw, 407px\" \/><figcaption class=\"wp-element-caption\"><strong>K\u00fcnstlerpaare<\/strong>&nbsp;(NZZ-Magazin): 46 Jahre lang ein symbiotisches Paar : Friederike Mayr\u00f6cker und Ernst Jandl 1969 in Wien.<\/figcaption><\/figure>\n<\/div>\n\n\n\n<div class=\"wp-block-column is-layout-flow wp-block-column-is-layout-flow\">\n<p><em>liegen, bei dir<\/em><\/p>\n\n\n\n<p>&nbsp;ich liege bei dir. deine arme<br>halten mich. deine arme<br>halten mehr als ich bin.<br>deine arme hakten, was ich bin<br>wenn ich bei dir liege und<br>deine arme mich halten.&nbsp;<\/p>\n\n\n\n<p>Ernst Jandl<\/p>\n\n\n\n<p><\/p>\n\n\n\n<p><em>f\u00fcr Ernst Jandl<\/em><\/p>\n\n\n\n<p>ich h\u00e4nge jetzt an der Flasche sagt er<br>rufe dich an wenn die Infusion vor\u00fcber ist sagt er<br>Sie werden nur gr\u00fcne T\u00fccher sehen und vermummte<br>Gestalten sagt der Chirurg<br>ich fl\u00fcchte in die Spitalskapelle die Hostie<br>der Psychopharmaka unter der Zunge.<br>Ein H\u00e4ufchen Blume ein H\u00e4ufchen Schnee, der Tod sage ich<br>diese vertrackte Haarnadelkurve eine Frivolit\u00e4t eine<br>Verdammung sage ich<br>ich bin schon nicht mehr bei Sinnen, schwimme<br>in seinen Augen ein angelf\u00fcchsischer Traumvom Himmel auf die gesprenkelte Erde herab sehe ich<br>die Haare waren Spinnweben pl\u00f6tzlich in seinem<br>Nacken \u00fcber welchem das Hemd offenstand lange verblaszte&nbsp;<br>Haare in seinem Nacken ich schlang eines um meine Finger<br>z\u00e4rtliche Wickel des Lichts n\u00e4mlich auch Niederflur<br>oder die anderswo weiszen Veilchen.<\/p>\n\n\n\n<p>Friederike Mayr\u00f6cker<\/p>\n<\/div>\n<\/div>\n\n\n\n<hr class=\"wp-block-separator has-alpha-channel-opacity is-style-dots\"\/>\n\n\n\n<div class=\"wp-block-columns is-layout-flex wp-container-core-columns-is-layout-9d6595d7 wp-block-columns-is-layout-flex\">\n<div class=\"wp-block-column is-layout-flow wp-block-column-is-layout-flow\">\n<figure class=\"wp-block-image size-full\"><img loading=\"lazy\" decoding=\"async\" width=\"484\" height=\"620\" src=\"https:\/\/www.raetia.net\/wp-content\/uploads\/108_Mao-Zedong.jpg\" alt=\"\" class=\"wp-image-5235\" srcset=\"https:\/\/www.raetia.net\/wp-content\/uploads\/108_Mao-Zedong.jpg 484w, https:\/\/www.raetia.net\/wp-content\/uploads\/108_Mao-Zedong-312x400.jpg 312w, https:\/\/www.raetia.net\/wp-content\/uploads\/108_Mao-Zedong-9x12.jpg 9w\" sizes=\"auto, (max-width: 484px) 100vw, 484px\" \/><\/figure>\n\n\n\n<figure class=\"wp-block-image size-full\"><img loading=\"lazy\" decoding=\"async\" width=\"609\" height=\"595\" src=\"https:\/\/www.raetia.net\/wp-content\/uploads\/108_Mao-Zedong-II.jpg\" alt=\"\" class=\"wp-image-5236\" srcset=\"https:\/\/www.raetia.net\/wp-content\/uploads\/108_Mao-Zedong-II.jpg 609w, https:\/\/www.raetia.net\/wp-content\/uploads\/108_Mao-Zedong-II-400x391.jpg 400w, https:\/\/www.raetia.net\/wp-content\/uploads\/108_Mao-Zedong-II-12x12.jpg 12w\" sizes=\"auto, (max-width: 609px) 100vw, 609px\" \/><figcaption class=\"wp-element-caption\"><strong>Kulturrevolution<\/strong>&nbsp;: Fotografie (1966)<\/figcaption><\/figure>\n<\/div>\n\n\n\n<div class=\"wp-block-column is-layout-flow wp-block-column-is-layout-flow\">\n<p><strong>\u2022<\/strong>&nbsp;Die f\u00fcrstliche Erektion scheint eine anthropologische Konstante zu sein.<\/p>\n\n\n\n<p>Mao Zedong hat, dem Zeugnis des Leibarztes zufolge, mindesten zweihundertf\u00fcnfzig Chinesinnen mit seinem Tripper angesteckt. Da er, asiatischer Sexual-Esoterik folgend, \u00fcber die Kunst verf\u00fcgte, fast nie zu ejakulieren, war er am Morgen immer in Form, munter genug, um eine Liste von bis zu zweitausend Todesurteilen gegen die Kritiker seiner Beschl\u00fcsse zu signieren.<br>35 Jahre lang, t\u00e4glich.<\/p>\n\n\n\n<p><strong>Peter Sloterdijk<\/strong> (*1947) : Neue Zeilen &amp; Tage (2011)<\/p>\n\n\n\n<p><strong>\u2022<\/strong>&nbsp;Mao Zedong: Der Gr\u00fcnder der Volksrepublik China entwickelte die kommunistische Ideologie zum Maoismus weiter, dem er u. a. durch die Ideen des Guerillakriegs sowie durch die Betonung der Rolle des b\u00e4uerlichen Proletariat in einer Revolution ein eigenes Gepr\u00e4ge gab. Dies und au\u00dfenpolitische Differenzen f\u00fchrten zum ideologischen Konflikt mit der Sowjetunion und zur Spaltung der kommunistischen Weltbewegung.&nbsp;<br>Das maoistische Regime forderte in China Millionen von Opfern.<\/p>\n\n\n\n<p>Brockhaus, Enzyklop\u00e4die (Auszug)<\/p>\n\n\n\n<p><strong>\u2022<\/strong>&nbsp;Die Kulturrevolution war eine politische Kampagne, die der Parteif\u00fchrer Mao Zedong 1966 einleitete, um den &#8222;Neuen Menschen&#8220; zu schaffen. Der &#8222;Neue Mensch&#8220; sollte jenes &#8222;selbstlose Gemeinschaftswesen in der herrschaftsfreien Gesellschaft sein, das seit jeher durch die Menschheitsutopien gegeistert war&#8220;, so der Chinafachmann Oskar Weggel. Zur Erreichung dieses Ziels forderte Mao die Zerst\u00f6rung der &#8222;vier Relikte&#8220;. Damit gemeint waren: alte Gedanken, alte Kultur, alte Gebr\u00e4uche und alte Gewohnheiten. An ihre Stelle sollten die Mao-Zedong-Ideen treten.<\/p>\n\n\n\n<p>Das &#8222;kleine Rote Buch&#8220; oder die &#8222;Mao-Bibel&#8220; tr\u00e4gt eigentlich den Titel &#8222;Worte des Vorsitzenden Mao&#8220;. Es handelt sich um eine Kompilation von Texten, Reden und Sinnspr\u00fcchen Mao Zedongs, die Lin Biao w\u00e4hrend des &#8222;Gro\u00dfen Sprungs nach vorn&#8220; zusammengestellt hatte. W\u00e4hrend der Kulturrevolution sollte jeder aufrechte Revolution\u00e4r stets ein Exemplar bei sich tragen. Gerne begr\u00fc\u00dften sich die Roten Garden mit Zitaten aus dem Buch. Bis heute wurden weltweit etwa eine Milliarde &#8222;Mao-Bibeln&#8220; aufgelegt.<br>Die Kulturrevolution dauerte von 1966 bis 1976.<br>Den Anfang bildete der Aufstand der Sch\u00fcler und Studenten, die sich zu den sogenannten Rotgardisten zusammenschlossen, um gegen die &#8222;vier Relikte&#8220; zu Felde zu ziehen. Konkret ging es dabei aber vor allem um Lehrer und Professoren, die zu &#8222;Gest\u00e4ndnissen&#8220; gen\u00f6tigt wurden. Wohnungen der Lehrer wurden verw\u00fcstet, Tempel, Pagoden und Bibliotheken zerst\u00f6rt. Nicht selten landeten vermeintliche Revisionisten vor dem Erschie\u00dfungskommando. Bald schlossen sich auch Arbeiter und gro\u00dfe Teile der Stadtbev\u00f6lkerung der Revolution an. Es ging nun verst\u00e4rkt gegen den lokalen Parteiapparat.<br>Heutige Sch\u00e4tzungen gehen davon aus, dass 1,4 bis 1,6 Millionen Chinesen w\u00e4hrend der Kulturrevolution get\u00f6tet wurden.<\/p>\n\n\n\n<p><strong>Deutsche Welle<\/strong> (DW) : &nbsp;Mai 2016 (Auszug)<\/p>\n<\/div>\n<\/div>\n\n\n\n<hr class=\"wp-block-separator has-alpha-channel-opacity is-style-dots\"\/>\n\n\n\n<div class=\"wp-block-columns is-layout-flex wp-container-core-columns-is-layout-9d6595d7 wp-block-columns-is-layout-flex\">\n<div class=\"wp-block-column is-layout-flow wp-block-column-is-layout-flow\">\n<figure class=\"wp-block-image size-full\"><img loading=\"lazy\" decoding=\"async\" width=\"484\" height=\"567\" src=\"https:\/\/www.raetia.net\/wp-content\/uploads\/109_Leonard-Wolff.jpg\" alt=\"\" class=\"wp-image-5287\" srcset=\"https:\/\/www.raetia.net\/wp-content\/uploads\/109_Leonard-Wolff.jpg 484w, https:\/\/www.raetia.net\/wp-content\/uploads\/109_Leonard-Wolff-341x400.jpg 341w, https:\/\/www.raetia.net\/wp-content\/uploads\/109_Leonard-Wolff-10x12.jpg 10w\" sizes=\"auto, (max-width: 484px) 100vw, 484px\" \/><figcaption class=\"wp-element-caption\"><strong>Leonard Woolf<\/strong> (1880 &#8211; 1969) : britischer Verleger, Autor &amp; Publizist : Ehemann von Virginia Woolf<\/figcaption><\/figure>\n<\/div>\n\n\n\n<div class=\"wp-block-column is-layout-flow wp-block-column-is-layout-flow\">\n<p><strong>\u2022<\/strong> Wie ich dich k\u00fcrzlich brutal beschrieben habe \u00fcbst du auf mich keine k\u00f6rperliche Anziehungskraft aus. Es gibt Augenblicke &#8211; als du mich neulich gek\u00fcsst hast, war ein solcher -, wo ich nicht mehr als ein Felsen empfinde.<\/p>\n\n\n\n<p><strong>Virginia Woolf<\/strong>&nbsp;(1882 &#8211; 1941)<\/p>\n\n\n\n<p><strong>\u2022<\/strong>&nbsp;Was Virginia Woolf suchte, war &#8211; nicht zuletzt angesichts ihres fragilen seelischen Zustands &#8211; Geborgenheit und Hilfe, und diesbez\u00fcglich h\u00e4tte sie keine besserer Wahl treffen k\u00f6nnen: Leonard Woolf ertrug ihre teilweise extreme Gereiztheit und Aggressivit\u00e4t, fand sich mit den zahlreichen (nicht billigen) Klinikaufenthalten ab und versuchte geschickt, ihre psychische Labilit\u00e4t durch Regelung des Tagesablaufs in Grenzen zu halten.<\/p>\n\n\n\n<p><strong>Thomas K\u00f6hler<\/strong> (*1949)<\/p>\n<\/div>\n<\/div>\n\n\n\n<hr class=\"wp-block-separator has-alpha-channel-opacity is-style-dots\"\/>\n\n\n\n<div class=\"wp-block-columns is-layout-flex wp-container-core-columns-is-layout-9d6595d7 wp-block-columns-is-layout-flex\">\n<div class=\"wp-block-column is-layout-flow wp-block-column-is-layout-flow\">\n<figure class=\"wp-block-image size-full\"><img loading=\"lazy\" decoding=\"async\" width=\"327\" height=\"477\" src=\"https:\/\/www.raetia.net\/wp-content\/uploads\/110_2002_R.-Gernhardt.jpeg\" alt=\"\" class=\"wp-image-5299\" srcset=\"https:\/\/www.raetia.net\/wp-content\/uploads\/110_2002_R.-Gernhardt.jpeg 327w, https:\/\/www.raetia.net\/wp-content\/uploads\/110_2002_R.-Gernhardt-274x400.jpeg 274w, https:\/\/www.raetia.net\/wp-content\/uploads\/110_2002_R.-Gernhardt-8x12.jpeg 8w\" sizes=\"auto, (max-width: 327px) 100vw, 327px\" \/><figcaption class=\"wp-element-caption\"><strong>Robert Gernhardt<\/strong>&nbsp;(1937 &#8211; 2006) : Schriftsteller, Dichter &amp; Maler<\/figcaption><\/figure>\n<\/div>\n\n\n\n<div class=\"wp-block-column is-layout-flow wp-block-column-is-layout-flow\">\n<p><strong>\u2022<\/strong> Die unendliche Liste<\/p>\n\n\n\n<p>Paulus schrieb an die Apatschen:<br>Ihr sollt nicht nach der Predigt klatschen<\/p>\n\n\n\n<p>Paulus schrieb an Kommunisten:<br>Erst die Bonzen, dann die Christen<\/p>\n\n\n\n<p>Paulus schrieb an ferne Inder:<br>Ihr sollt nicht kochen eure Rinder<\/p>\n\n\n\n<p>Paulus schrieb an fesche Nonnen:<br>Erst die Beichte, dann die Wonnen<\/p>\n\n\n\n<p>Paulus schrieb an die Germanen:<br>Ihr sollt nicht fressen eure Ahnen<\/p>\n\n\n\n<p>Paulus schrieb an feuchte Friesen:<br>Erst das Trocknen, dann das Rieseln<\/p>\n\n\n\n<p>Paulus schrieb an edle Eulen:<br>Ihr sollt nicht vor den Pferden heulen<\/p>\n\n\n\n<p>Paulus schrieb an Tischgenossen:<br>Erst die K\u00f6pfe, dann die Flossen<\/p>\n\n\n\n<p>Paulus schrieb an gr\u00fcne Rote:<br>Ihr sollt nicht spotten \u00fcber Tote<\/p>\n\n\n\n<p>Paulus schrieb an die Vandalen:<br>Erst das Rauben, dann die Qualen<\/p>\n\n\n\n<p>Paulus schrieb an die &nbsp;Uiguren:<br>Ihr sollt nicht schmauchen auf den Fluren<\/p>\n\n\n\n<p>Paulus schrieb einst an die Goten:<br>Erst Balladen, dann die Zoten<\/p>\n\n\n\n<p>Paulus schrieb an reiche Flamen:<br>Ihr sollt nicht schw\u00f6ren fest auf Damen<\/p>\n\n\n\n<p>Paulus schrieb auch an die R\u00f6mer:<br>erst die Pasta, dann die D\u00f6ner<\/p>\n\n\n\n<p>* Paulus schrieb meist unstet heiter:<br>Ihr sollt gut kauen und so weiter\u2026<\/p>\n\n\n\n<p>* Dieser Vers wurde einst von der <strong>KMD<\/strong> (Katholischen Medienaufsicht Deutschland) ersatzlos gestrichen:<\/p>\n\n\n\n<p>Paulus schrieb an Marlon Brando:<br>Ich sollt nicht v\u00f6geln wild beim Tango<\/p>\n\n\n\n<p><strong>Robert Gernhardt<\/strong> (?) : Weiche Ziele (1994) (?)<\/p>\n\n\n\n<p><strong>\u2022<\/strong>&nbsp;Der Gymnasiast stand vor der Aufgabe, beim m\u00fcndlichen Deutsch-Abitur ein Gedicht eigner Wahl vorzutragen. Er entschied sich f\u00fcr ein Herbstgedicht Georg Trakls:<\/p>\n\n\n\n<p>Die Pendel brauner Uhren nicken leise.<br>Der Abendmond verl\u00e4\u00dft sein bleiches Bett.<br>Ein J\u00e4ger einsam bei dem Hasel steht.<br>Die schwarzen V\u00f6gel ziehen leichte Kreise.<\/p>\n\n\n\n<p>Der Lehrer, der diese Zeilen ausdeutet und ihre poetische Qualit\u00e4t r\u00fchmte, war Robert Gernhardts erstes Opfer. Bei den vorgetragenen Versen handelte es sich keineswegs u ein Sonett Georg Trakls, sondern um eine Eigenanfertigung des Sch\u00fclers, dessen Entr\u00e9e in die Welt der Literatur mithin in einem gewissen mondbleichen Zwielicht lag.<\/p>\n\n\n\n<p><strong>Michael Maar<\/strong> (*1960) : Robert Gernhardt als Rigorist : Rede zum Heine-Preis (2004)<\/p>\n\n\n\n<p><strong>\u2022<\/strong>Zeichnen<\/p>\n\n\n\n<p>Zeichnen hei\u00dft weglassen<br>(er lie\u00df immer mehr weg,<br>schlie\u00dflich auch das Weglassen.)<\/p>\n<\/div>\n<\/div>\n\n\n\n<hr class=\"wp-block-separator has-alpha-channel-opacity is-style-dots\"\/>\n\n\n\n<div class=\"wp-block-columns is-layout-flex wp-container-core-columns-is-layout-9d6595d7 wp-block-columns-is-layout-flex\">\n<div class=\"wp-block-column is-layout-flow wp-block-column-is-layout-flow\">\n<figure class=\"wp-block-image size-full\"><img loading=\"lazy\" decoding=\"async\" width=\"609\" height=\"829\" src=\"https:\/\/www.raetia.net\/wp-content\/uploads\/111_Klaus-Mann.jpg\" alt=\"\" class=\"wp-image-5307\" srcset=\"https:\/\/www.raetia.net\/wp-content\/uploads\/111_Klaus-Mann.jpg 609w, https:\/\/www.raetia.net\/wp-content\/uploads\/111_Klaus-Mann-294x400.jpg 294w, https:\/\/www.raetia.net\/wp-content\/uploads\/111_Klaus-Mann-9x12.jpg 9w\" sizes=\"auto, (max-width: 609px) 100vw, 609px\" \/><figcaption class=\"wp-element-caption\"><strong>Klaus Mann<\/strong> (1906 &#8211; 1949) : H\u020ftel Bedford, Paris (1993)<\/figcaption><\/figure>\n<\/div>\n\n\n\n<div class=\"wp-block-column is-layout-flow wp-block-column-is-layout-flow\">\n<p><strong>\u2022&nbsp;<\/strong>Klaus Mann: der \u00e4lteste Sohn des gro\u00dfen Thomas Mann, ein Jahr nach der \u00e4ltesten Tochter Erika geboren (mit der er jahrelang zusammen berufliche und private Unternehmungen durchf\u00fchrte), war mit Sicherheit nicht unbegabt, brach aber die h\u00f6herer Schulbildung ab &#8211; wie \u00fcbrigens sein ber\u00fchmter Vater auch &#8211; und versuchte sich dann als Schriftsteller. Zwar konnte er letztlich davon nicht leben, war auf finanzielle Unterst\u00fctzung angewiesen (nicht zuletzt vonseiten des Vaters, schrieb aber einige nicht unbedeutende Werke.<\/p>\n\n\n\n<p>Eher unbekannt ist der fr\u00fche Roman&nbsp;\u00bbDer fremde Mann\u00ab, in dem der Autor sich zu seiner Homosexualit\u00e4t bekennt. Gr\u00f6\u00dferes Aufsehen erregte \u00bbMephisto &#8211; Roman einer Karriere\u00ab &nbsp;(1936), dessen Hauptfigur Hendrik H\u00f6fgen unverkennbar Gustaf Gr\u00fcndgens nachgebildet ist, welcher Mitte der 20er kurz mit Erika Mann verheiratet war und sich sehr bald gl\u00e4nzend mit dem NS-Regie zu arrangieren wusste. Bald nach der Machtergreifung war die gesamte Familie Mann emigriert. Klaus zog nach Amerika, fand dort, schon morphiums\u00fcchtig, gewissen Halt in seiner gegen Hitler gerichteten Aufkl\u00e4rungsarbeit. Er trat sogar der Armee bei und war bei der Landung 1944 in Italien beteiligt, wo er bei der psychologischen Kriegsf\u00fchrung eingesetzt wurde.<\/p>\n\n\n\n<p>Mit dem Ende des Kampfes gegen Hitler, der Klaus Manns \u00bbganze Lebensenergie geb\u00fcndelt\u00ab hatte, entwickelte sich eine schwere Krise. Die bereits geschriebenen B\u00fccher fanden keinen deutschen Verleger, Neues brachte er nicht mehr zustande. Er unternahm einen Selbstmordversuch, konnte aber gerade noch gerettet werden. Mindestens einen Suizidversuch hatte es fr\u00fcher bereits gegeben, n\u00e4mlich Anfang der 40er Jahre, als er eine \u00dcberdosis Schlaftabletten nahm, jedoch noch rechtzeitig in seinem Hotelzimmer aufgefunden wurde.<\/p>\n\n\n\n<p>Der n\u00e4chste Versuch hingegen war erfolgreich: Von einem Klinikaufenthalt in Nizza entlassen, schrieb er am 10. April 1949 einen letzten Brief an seine Mutter und die Schwester, der \u00bbzukunftsfreudig\u00ab klang. Jedoch: Am Abend dieses Tages nahm er eine \u00dcberdosis Schlaftabletten. Zu Mittag des n\u00e4chste Tages fand ihn die Hotelbesitzerin sorgf\u00e4ltig gekleidet und reglos auf seinem Bett liegend. Sie veranlasste die Einlieferung in die Klinik Lutetia, wo er am fr\u00fchen Abend starb.<\/p>\n\n\n\n<p><strong>Thomas K\u00f6hler<\/strong> (*1966) : Ruhm und Wahnsinn (2017)<\/p>\n<\/div>\n<\/div>\n\n\n\n<hr class=\"wp-block-separator has-alpha-channel-opacity is-style-dots\"\/>\n\n\n\n<div class=\"wp-block-columns is-layout-flex wp-container-core-columns-is-layout-9d6595d7 wp-block-columns-is-layout-flex\">\n<div class=\"wp-block-column is-layout-flow wp-block-column-is-layout-flow\">\n<figure class=\"wp-block-image size-full\"><img loading=\"lazy\" decoding=\"async\" width=\"609\" height=\"419\" src=\"https:\/\/www.raetia.net\/wp-content\/uploads\/112_Hartlaub.jpg\" alt=\"\" class=\"wp-image-5310\" srcset=\"https:\/\/www.raetia.net\/wp-content\/uploads\/112_Hartlaub.jpg 609w, https:\/\/www.raetia.net\/wp-content\/uploads\/112_Hartlaub-400x275.jpg 400w, https:\/\/www.raetia.net\/wp-content\/uploads\/112_Hartlaub-18x12.jpg 18w\" sizes=\"auto, (max-width: 609px) 100vw, 609px\" \/><figcaption class=\"wp-element-caption\"><strong>Felix Hartlaub<\/strong> (1913 &#8211; 1945) : Im F\u00fchrerhauptquartier&nbsp;\u00bbWerwolf\u00ab (1942)<\/figcaption><\/figure>\n\n\n\n<figure class=\"wp-block-image size-full\"><img loading=\"lazy\" decoding=\"async\" width=\"609\" height=\"780\" src=\"https:\/\/www.raetia.net\/wp-content\/uploads\/112_Hartlaub-II.jpg\" alt=\"\" class=\"wp-image-5312\" srcset=\"https:\/\/www.raetia.net\/wp-content\/uploads\/112_Hartlaub-II.jpg 609w, https:\/\/www.raetia.net\/wp-content\/uploads\/112_Hartlaub-II-312x400.jpg 312w, https:\/\/www.raetia.net\/wp-content\/uploads\/112_Hartlaub-II-9x12.jpg 9w\" sizes=\"auto, (max-width: 609px) 100vw, 609px\" \/><figcaption class=\"wp-element-caption\"><strong>Felix Hartlaub<\/strong> : Kinderzeichnung : Br\u00fcgge-Gent, August 1927 <br><br><strong>\u2022<\/strong>&nbsp;Im Jahre 1927 unternimmt Felix Hartlaub, nunmehr dreizehnj\u00e4hrig, eine Reise ans Meer; f\u00e4hrt \u00fcber Darmstadt, dann den Rhein hinab nach K\u00f6ln, er sieht Br\u00fcssel, Gent und Br\u00fcgge, schlie\u00dflich Ostende und den Badeort Coxyde, aber auch etwas von den Schlachtfeldern des Weltkrieges. Diese Reise, die er f\u00fcr den Vater in einem Reisetagebuch voller Zeichnungen und Texte festgehalten hat, erh\u00e4lt f\u00fcr Felix schicksalhafte Bedeutung.<br>Unter dem Eindruck der Bilder Belgiens wird aus dem hochbegabt spielenden und phantasierenden Kind ein reifer, fertiger K\u00fcnstler.<br><strong>Martin Mosebach<\/strong>&nbsp;(*1951) : Du sollst dir ein Bild machen (2011)(Blaue Tinte)<\/figcaption><\/figure>\n<\/div>\n\n\n\n<div class=\"wp-block-column is-layout-flow wp-block-column-is-layout-flow\">\n<p><strong>\u2022<\/strong>&nbsp;Nirgends ist man so weit vom Kriegsende weg wie hier, aber auch nirgends schon so vertraut mit ihm.<\/p>\n\n\n\n<p><strong>Felix Hartlaub<\/strong> : Geheimes Kriegstagebuch : Aufzeichnungen aus dem F\u00fchrerhauptquartier (2022)<\/p>\n\n\n\n<p><strong>\u2022<\/strong>&nbsp;Felix Hartlaub verschwand im April 1945 in Berlin. Er war 32 Jahre alt. Ursache und Umst\u00e4nde seines Todes sind unbekannt. Obwohl er w\u00e4hrend des ganzen Krieges die Uniform trug &#8211; zum Schlu\u00df die eines Obergefreiten &#8211; war er doch erst kurz vor seinem Tod zur eigentlich k\u00e4mpfenden Truppe gesto\u00dfen. Vorher hatte er seinem Vater ein gro\u00dfes Manuskript zur Aufbewahrung \u00fcbergegeben: sein pers\u00f6nliches geheime Tagebuch, das ihm als untergeordneter Mitarbeiter am offiziellen Kriegstagebuch in den Hauptquartieren Adolf Hitlers in Berlin, in der ostpreu\u00dfischen \u00bbWolfsschanze\u00ab und in Berchtesgaden vor aller Augen und auf Wehrmachtspapier zu schreiben gelungen war.<\/p>\n\n\n\n<p>Die Historiker, die im Stab Percy Ernst Schramms am Kriegstagebuch arbeiteten, lebten im \u00bbSperrkreis zwei\u00ab, von der Au\u00dfenwelt streng abgeriegelt, zugleich aber auch vom \u00bbSperrkreis eins\u00ab geschieden, in dem sich Hitler, die Parteifunktion\u00e4re und Gener\u00e4le bewegten. Um die Wirklichkeit dieses Zwischenreichs zu erfassen, brachte der Schriftsteller, der hinter dem Kriegshistoriker steckte, alles zum Schweigen, was ihn an der einen Wahrnehmung h\u00e4tte hindern k\u00f6nnen. Er unternahm den Versuch, das Geheimnis der in seiner unmittelbaren N\u00e4he pulsierenden zerst\u00f6rerischen Kraft durch eine Art \u00e4sthetische Detektivarbeit einzukreisen.<\/p>\n\n\n\n<p>Die Zeit war knapp; wenn er notieren wollte, was er sah, dann mu\u00dfte er darauf verzichten, auch festzuhalten, was er sich dabei dachte. Die photographische K\u00e4lte dieser Notizen hat ihnen bis auf den heutigen Tag eine einzigartige Frische verliehen.<\/p>\n\n\n\n<p><strong>Martin Mosebach<\/strong> (*1951) : Du sollst dir ein Bild machen (2011)<\/p>\n\n\n\n<p><strong>\u2022<\/strong>&nbsp;Einen so unbestechlichen Blick wie den seinen hat es in der Literatur nach 1945 nicht mehr gegeben\u2026<\/p>\n\n\n\n<p><strong>Hans Magnus Enzensberger<\/strong> (1929 &#8211; 2022)<\/p>\n<\/div>\n<\/div>\n\n\n\n<hr class=\"wp-block-separator has-alpha-channel-opacity is-style-dots\"\/>\n\n\n\n<div class=\"wp-block-columns is-layout-flex wp-container-core-columns-is-layout-9d6595d7 wp-block-columns-is-layout-flex\">\n<div class=\"wp-block-column is-layout-flow wp-block-column-is-layout-flow\">\n<figure class=\"wp-block-image size-full\"><img loading=\"lazy\" decoding=\"async\" width=\"945\" height=\"644\" src=\"https:\/\/www.raetia.net\/wp-content\/uploads\/113_Ingeborg_Bachmann_2.jpg\" alt=\"\" class=\"wp-image-5399\" srcset=\"https:\/\/www.raetia.net\/wp-content\/uploads\/113_Ingeborg_Bachmann_2.jpg 945w, https:\/\/www.raetia.net\/wp-content\/uploads\/113_Ingeborg_Bachmann_2-400x273.jpg 400w, https:\/\/www.raetia.net\/wp-content\/uploads\/113_Ingeborg_Bachmann_2-768x523.jpg 768w, https:\/\/www.raetia.net\/wp-content\/uploads\/113_Ingeborg_Bachmann_2-18x12.jpg 18w\" sizes=\"auto, (max-width: 945px) 100vw, 945px\" \/><figcaption class=\"wp-element-caption\"><strong>Ingeborg Bachmann<\/strong> (1926 &#8211; 1973) : Tod in Rom durch einen Brandunfall in der eigenen Wohnung mit Verbrennungen 2. &amp; 3. Grades (36 % der K\u00f6rperoberfl\u00e4che) und den Folgen einer zu sp\u00e4t im Spital erkannten Medikamentenabh\u00e4ngigkeit.<\/figcaption><\/figure>\n<\/div>\n\n\n\n<div class=\"wp-block-column is-layout-flow wp-block-column-is-layout-flow\">\n<p><strong>\u2022<\/strong>&nbsp;Ich existiere nur, wenn ich schreibe, ich bin nichts, wenn ich nicht schreibe, ich bin mir vollkommen fremd, aus mir herausgefallen, wenn ich nicht schreibe. Wenn ich aber schreibe, dann sehen Sie mich nicht, es sieht mich niemand dabei. Sie k\u00f6nnen einen Dirigenten sehen beim dirigieren, einen S\u00e4nger beim singen, einen Schauspieler, wenn er spielt, aber es kann niemand sehen, was Schreiben ist. Es ist eine seltsame, absonderliche Art zu existieren, asozial, einsam, verdammt, es ist etwas verdammt daran, und nur das ver\u00f6ffentlichte, die B\u00fccher, werden sozial, assoziierbar, finden einen Weg zu einem Du, mit der verzweifelt gesuchten und manchmal gewonnenen Wirklichkeit. Alles, was mir nicht unwert vorkommt, denkend ausgedr\u00fcckt zu werden, geht in die Arbeit.<\/p>\n\n\n\n<p><strong>\u2022<\/strong>&nbsp;Es ist mir schrecklich, Ihnen schreiben zu m\u00fcssen, da\u00df ich krank bin, da\u00df es wieder sehr arg ist\u2026<br>Am Weihnachtsabend habe ich mir eine Spritze geben lassen und bin kurz zu Freunden zum Abendessen gegangen, und so wird es auch am Silvesterabend sein. Ich tu\u2019s, weil so ein Abend allein schwer zu ertragen ist, auch wenn man sich sagt, da\u00df es schlie\u00dflich gleichg\u00fcltig ist, ob man auch an diesem Abend daliegt und die W\u00e4nde anstarrt\u2026<br>Trotzdem hoffe ich immer noch, da\u00df dieser R\u00fcckfall, (den eine, wenn man will, l\u00e4cherliche Nachricht, in Zusammenhang mit der alten Sache ausgel\u00f6st hat) doch recht bald vor\u00fcbergeht. Ich werde nicht mehr klug aus mir, nicht ganz jedenfalls. Aber vor allem fange ich zum ersten Mal an, mich mit der Vorstellung zu befreunden, da\u00df es nicht mehr heilbar ist, da\u00df ich nicht mehr ausgehen und leben kann wie bisher etc., da\u00df ich mich langsam anders einrichten mu\u00df. Ich bin so schwach, da\u00df ich an manchen Tagen gedacht habe, ich sei am Ausl\u00f6schen\u2026<br>Denn es geht auch mit den Medikamenten nicht mehr, fr\u00fcher konnte ich mich meistens stundenlang \u00fcber Wasser halten.<\/p>\n\n\n\n<p><strong>Ingeborg Bachmann<\/strong> (Briefe, 1964 &#8211; 1965)<\/p>\n\n\n\n<p><strong>\u2022<\/strong>&nbsp;Ich war zutiefst erschrocken \u00fcber das Ausma\u00df ihrer Tablettensucht. Es m\u00fcssen 100 St\u00fcck pro Tag gewesen sein, der M\u00fclleimer ging \u00fcber von leeren Schachteln. Sie hat schlecht ausgesehen, war wachsbleich. Und am ganzen K\u00f6rper voller Flecken. Ich r\u00e4tselte, was es sein konnte. Dann, als ich sah, wie ihr die Gauloise, die sie rauchte, aus der Hand glitt und auf dem Arm ausbrannte, wu\u00dfte ich\u2019s: Brandwunden, verursacht von herabfallenden Zigaretten. Die vielen Tabletten hatten ihren K\u00f6rper schmerzunempfindlich gemacht. Zum ersten Mal hatte ich den Mut, mit ihr dar\u00fcber zu sprechen, und sie ging auch darauf ein: die \u00c4rzte h\u00e4tten ihr gesagt, man k\u00f6nne eine Entziehungskur versuchen &#8211; zwei Jahre Dauer, f\u00fcnf Prozent Erfolgschance.<strong>Zeitzeugenbericht<\/strong> (Brief) eines Freundes Ingeborg Bachmanns vom August 1973. (Auszug)<\/p>\n<\/div>\n<\/div>\n\n\n\n<hr class=\"wp-block-separator has-alpha-channel-opacity is-style-dots\"\/>\n\n\n\n<div class=\"wp-block-columns is-layout-flex wp-container-core-columns-is-layout-9d6595d7 wp-block-columns-is-layout-flex\">\n<div class=\"wp-block-column is-layout-flow wp-block-column-is-layout-flow\">\n<figure class=\"wp-block-image size-full\"><img loading=\"lazy\" decoding=\"async\" width=\"609\" height=\"686\" src=\"https:\/\/www.raetia.net\/wp-content\/uploads\/114_Sylvia-Plath.jpg\" alt=\"\" class=\"wp-image-5403\" srcset=\"https:\/\/www.raetia.net\/wp-content\/uploads\/114_Sylvia-Plath.jpg 609w, https:\/\/www.raetia.net\/wp-content\/uploads\/114_Sylvia-Plath-355x400.jpg 355w, https:\/\/www.raetia.net\/wp-content\/uploads\/114_Sylvia-Plath-11x12.jpg 11w\" sizes=\"auto, (max-width: 609px) 100vw, 609px\" \/><figcaption class=\"wp-element-caption\"><strong>Sylvia Plath<\/strong>&nbsp;(1932 &#8211; 1963) : amerikanische Schriftstellerin<\/figcaption><\/figure>\n<\/div>\n\n\n\n<div class=\"wp-block-column is-layout-flow wp-block-column-is-layout-flow\">\n<p><strong>\u2022<\/strong>&nbsp;Masken sind heutzutage an der Tagesordnung, und das mindeste, was ich tun kann, ist die Illusion zu pflegen, da\u00df ich fr\u00f6hlich, ausgeglichen und nicht \u00e4ngstlich bin.<\/p>\n\n\n\n<p><strong>Sylvia Plath<\/strong> (Tagebuch)<\/p>\n\n\n\n<p><strong>\u2022<\/strong>&nbsp;Die Tageb\u00fccher zeigen sie, vor allem in Kontrast zu den Briefen an ihre Mutter, als rasend ehrgeizige, libidin\u00f6s anspruchsvolle und zwischen Rollenerwartungen zerquetschte K\u00fcnstlerin, die nie \u00fcber den fr\u00fchen Tod des Vaters hinwegkam, den sie in jedem Geliebten suchte, und die immer wieder in Depressionen verfiel.<\/p>\n\n\n\n<p><strong>\u2022<\/strong>&nbsp;<strong>Michael Maar<\/strong> (*1960) : Heute bedeckt und k\u00fchl (M\u00fcnchen 2013)<\/p>\n\n\n\n<p><strong>\u2022<\/strong>&nbsp;Es ist, als ob eine Schlange ihre H\u00e4ute sammeln wollte, statt sie den Elementen zur\u00fcckzugeben. Aber man sieht doch einigerma\u00dfen, wie man war und das ist sehr notwendig, wenn man erfahren will, wie man ist. Das ganze Leben ist ein verungl\u00fcckter Versuch des Individuums, Form zu erlangen; man springt best\u00e4ndig von der einen in die andere hinein und findet jede zu eng oder zu weit, bis man des Experimentierens m\u00fcde wird und sich von der letzten ersticken oder auseinanderrei\u00dfen l\u00e4\u00dft. Ein Tagebuch zeichnet den Weg.<\/p>\n\n\n\n<p><strong>Friedrich Hebbel<\/strong> (1813 &#8211; 1863) : Tagebuch (1843)<\/p>\n\n\n\n<p><strong>\u2022<\/strong>&nbsp;Es ist nun f\u00fcnfundf\u00fcnfzig Jahre her, dass sich Sylvia Plath in ihrer Wohnung in London, in der N\u00e4he von Primrose Hill, in einem Haus, in dem einst William Butler Yeats lebte, das Leben nahm. Sie war einunddrei\u00dfig Jahre alt. Ihre beiden Kinder, Frieda, drei Jahre alt, und Nicholas, kaum ein Jahr alt, schliefen im Zimmer nebenan. Die Einzelheiten ihres Selbstmordes sind wahrscheinlich jedem bekannt, der auch nur im Entferntesten etwas mit Poesie zu tun hat &#8211; die Lumpen und Handt\u00fccher, die die T\u00fcr blockierten; die Schlafmittel; das Gas aus dem Herd, in dessen Backofen sie ihren Kopf legte; die beiden kleinen Kinder, die nebenan schliefen; die Gl\u00e4ser mit Milch, die sie f\u00fcr sie auf dem K\u00fcchentisch stehen lie\u00df.<\/p>\n\n\n\n<p>(The Rulebook, 2018)<\/p>\n\n\n\n<p><strong>\u2022<\/strong>&nbsp;Plath, Sylvia, amerikanische Schriftstellerin, *\u202fBoston (Massachusetts) 27.\u202f10. 1932, \u2020\u202f(Selbstt\u00f6tung) London 11.\u202f2. 1963;<br>studierte am Smith College (Massachusetts) und in Oxford; war ab 1956 \u26ad mit dem englischen Lyriker T. Hughes, lebte ab 1959 endg\u00fcltig in England.<br>Sie schrieb bekenntnishafte Lyrik, die die private Problematik ihrer Vater- und Mutterbeziehungen, ihre labilen, von Angst und selbstzerst\u00f6rerischen Tendenzen gepr\u00e4gten Stimmungslagen sowie Probleme des sch\u00f6pferischen Prozesses verarbeitete. Ihre Gedichte setzen sich in k\u00fchner, bilderreicher, subtil nuancierter Sprache auch mit den Schwierigkeiten weiblicher Identit\u00e4tssuche, mit politischen Themen wie Macht und Unterdr\u00fcckung sowie mit zeitlosen Erfahrungen wie Liebe und Tod auseinander. F\u00fcr ihr lyrisches Werk wurde sie 1982 posthum mit dem Pulitzerpreis geehrt.<br>In ihrem autobiografischen Roman \u00bbThe bell jar\u00ab (herausgegeben 1963, unter dem Pseudonym Victoria Lucas; deutsch \u00bbDie Glasglocke\u00ab) schilderte sie die Auswirkungen eines Nervenzusammenbruchs und den Beginn ihrer schriftstellerischen Karriere.<\/p>\n\n\n\n<p>(Brockhaus, Enzyklop\u00e4die)<\/p>\n\n\n\n<p><strong>\u2022<\/strong>&nbsp;Wenn es neurotisch ist, da\u00df man zwei Dinge, die sich gegenseitig ausschlie\u00dfen, gleichzeitig will, dann bin ich allerdings verdammtneurotisch. F\u00fcr den Rest meiner Tage werde ich zwischen Dingen, die sich gegenseitig ausschlie\u00dfen, hin- und herfliegen.<\/p>\n\n\n\n<p><strong>\u2022Sylvia Plath<\/strong>&nbsp;: \u00bbDie Glasglocke\u00ab : Frankfurt am Main 2005<\/p>\n<\/div>\n<\/div>\n\n\n\n<hr class=\"wp-block-separator has-alpha-channel-opacity is-style-dots\"\/>\n\n\n\n<div class=\"wp-block-columns is-layout-flex wp-container-core-columns-is-layout-9d6595d7 wp-block-columns-is-layout-flex\">\n<div class=\"wp-block-column is-layout-flow wp-block-column-is-layout-flow\">\n<figure class=\"wp-block-image size-full\"><img loading=\"lazy\" decoding=\"async\" width=\"609\" height=\"312\" src=\"https:\/\/www.raetia.net\/wp-content\/uploads\/115_Umberto-Eco.jpg\" alt=\"\" class=\"wp-image-5425\" srcset=\"https:\/\/www.raetia.net\/wp-content\/uploads\/115_Umberto-Eco.jpg 609w, https:\/\/www.raetia.net\/wp-content\/uploads\/115_Umberto-Eco-400x205.jpg 400w, https:\/\/www.raetia.net\/wp-content\/uploads\/115_Umberto-Eco-18x9.jpg 18w\" sizes=\"auto, (max-width: 609px) 100vw, 609px\" \/><figcaption class=\"wp-element-caption\"><strong>Umberto Eco<\/strong> (1932 &#8211; 2016) in seiner Bibliothek.<\/figcaption><\/figure>\n<\/div>\n\n\n\n<div class=\"wp-block-column is-layout-flow wp-block-column-is-layout-flow\">\n<p><strong>\u2022<\/strong> Komplotte, Verschw\u00f6rungen, Konspirationen<\/p>\n\n\n\n<p>Da ich mich hier zum Thema Obsession \u00e4u\u00dfern soll, kam ich darauf, dass eine der Obsessionen unserer Zeit fraglos die der Komplotte und Verschw\u00f6rungen ist. Schon ein kleiner Ausflug ins Internet macht uns deutlich, wie viele (offensichtlich an den Haaren herbeigezogene) Komplotte \u00fcberall entdeckt werden. Die Obsession der Verschw\u00f6rung betrifft jedoch nicht nur unsere Gegenwart, sondern auch die Vergangenheit.<\/p>\n\n\n\n<p>Dass es in der Geschichte Verschw\u00f6rungen gab und immer gegeben hat, scheint mir evident zu sein &#8211; vom Komplott zur Ermordung Julius C\u00e4sars \u00fcber die Pulververschw\u00f6rung in England und Georges Cadoudals Konspiration der H\u00f6llenmaschine in Frankreich bis hin zu den heutigen Finanzkomplotten, mit denen Aktiengesellschaften zur Macht an der B\u00f6rse verholfen werden soll. Aber f\u00fcr reale Verschw\u00f6rungen ist es charakteristisch, dass sie alsbald aufgedeckt werden, sowohl wenn sie erfolgreich sind, wie bei Julius C\u00e4sar, als auch wenn sie scheitern, wie das Orsini-Komplott zur Ermordung Napoleons III. oder der versuchte Staatsstreich, den Junio Borghese Ende 1969 in Italien organisierte, oder auch die Konspirationen des Freimaurers Licio Gelli. Reale Verschw\u00f6rungen sind also keineswegs mysteri\u00f6s, weshalb sie uns hier auch nicht weiter interessieren.<\/p>\n\n\n\n<p>Interessant ist dagegen das Ph\u00e4nomen des Verschw\u00f6rungssyndroms und des Erdichtens bisweilen sogar weltumspannender Konspirationen, von denen es im Internet geradezu wimmelt und die mysteri\u00f6s und unerforschlich bleiben, \u00fcber das der Soziologe Georg Simmel geschrieben hat, dass es umso m\u00e4chtiger und verlockender wird, je leerer es ist. Ein leeres Geheimnis erhebt sich drohend und kann weder aufgedeckt noch widerlegt werden, und genau deshalb wird es zu einem Machtinstrument.<\/p>\n\n\n\n<p>Ich m\u00f6chte mich hier auf das berufen, was ich den \u00bbBeweis des Schweigens\u00ab nenne. Ein Paradebeispiel f\u00fcr diesen Bereich des Schweigens kann man etwa gegen jene ins Feld f\u00fchren, die insinuieren, dass die amerikanische Landung auf dem Mond eine F\u00e4lschung im Fernsehstudio gewesen sei. Wenn das amerikanische Raumschiff nicht auf dem Mond gelandet w\u00e4re, h\u00e4tte sich damals jemand klar und deutlich ge\u00e4u\u00dfert, denn es gab jemanden, der in der Lage war, es zu \u00fcberpr\u00fcfen, und der ein Interesse daran gehabt h\u00e4tte, die \u00bbWahrheit\u00ab ans Licht zu bringen, n\u00e4mlich die Sowjetunion. Dass die Sowjets damals geschwiegen haben, ist f\u00fcr mich der Beweis, dass die Amerikaner wirklich auf dem Mond gelandet sind. Punkt und Basta.<\/p>\n\n\n\n<p>Was schlie\u00dflich die Verschw\u00f6rungen und Geheimnisse angeht, so sagt uns die Erfahrung (auch die historische) Folgendes:<\/p>\n\n\n\n<p>1.) Wenn es ein Geheimnis gibt, und sei es nur einer einzigen Person bekannt, so wird diese Person es fr\u00fcher oder sp\u00e4ter offenbaren, wom\u00f6glich ihrem Liebhaber im Bett &#8211; nur die naiven Freimaurer und die Adepten gewisser kindischer Templerriten glauben an ein Geheimnis, das niemals ans Licht kommt.<\/p>\n\n\n\n<p>2.) Wenn es ein Geheimnis gibt, wird es auch immer eine angemessenen Summe geben, f\u00fcr die jemand bereit ist, es zu enth\u00fcllen. &nbsp;<\/p>\n\n\n\n<p><strong>Umberto Eco<\/strong>&nbsp;: Verschw\u00f6rungen (Auszug) : Auf der Suche nach Mustern (M\u00fcnchen 2021)<\/p>\n<\/div>\n<\/div>\n\n\n\n<hr class=\"wp-block-separator has-alpha-channel-opacity is-style-dots\"\/>\n\n\n\n<div class=\"wp-block-columns is-layout-flex wp-container-core-columns-is-layout-9d6595d7 wp-block-columns-is-layout-flex\">\n<div class=\"wp-block-column is-layout-flow wp-block-column-is-layout-flow\">\n<figure class=\"wp-block-image size-full\"><img loading=\"lazy\" decoding=\"async\" width=\"609\" height=\"344\" src=\"https:\/\/www.raetia.net\/wp-content\/uploads\/116_Jean-Paul-Sartre.jpg\" alt=\"\" class=\"wp-image-5429\" srcset=\"https:\/\/www.raetia.net\/wp-content\/uploads\/116_Jean-Paul-Sartre.jpg 609w, https:\/\/www.raetia.net\/wp-content\/uploads\/116_Jean-Paul-Sartre-400x226.jpg 400w, https:\/\/www.raetia.net\/wp-content\/uploads\/116_Jean-Paul-Sartre-18x10.jpg 18w\" sizes=\"auto, (max-width: 609px) 100vw, 609px\" \/><figcaption class=\"wp-element-caption\"><strong>Jean-Paul Sartre <\/strong>(1905 &#8211; 1980) in seinem Arbeitszimmer (1948).<\/figcaption><\/figure>\n<\/div>\n\n\n\n<div class=\"wp-block-column is-layout-flow wp-block-column-is-layout-flow\">\n<p><strong>\u2022<\/strong> Der Mensch kann nichts wollen, wenn er nicht zun\u00e4chst begriffen hat, da\u00df er auf nichts anderes als auf sich selber z\u00e4hlen kann, da\u00df er allein ist, verlassen auf der Erde inmitten seiner unendlichen Verantwortlichkeiten, ohne Hilfe noch Beistand, ohne ein anderes Ziel als das, das er sich selbst geben wird, ohne ein anderes Schicksal als das, das er sich auf dieser Erde schmieden wird.<\/p>\n\n\n\n<p><strong>Jean-Paul Sartre<\/strong> : Zum Existentialismus. Eine Klarstellung. : Reinbek bei Hamburg 2012 (Auszug)<\/p>\n\n\n\n<p><strong>\u2022<\/strong>&nbsp;Der Mensch kann alles wollen, wenn er zun\u00e4chst begriffen hat, da\u00df er niemals nur als auf sich selber z\u00e4hlen kann, da\u00df er niemals allein ist, niemals verlassen auf der Erde inmitten seiner unendlichen Verantwortlichkeiten, niemals ohne Hilfe noch Beistand, ohne ein anderes Ziel als das, das er sich selbst gemeinsam mit anderen Wirklichkeiten geben wird, mit einem anderen Schicksal als das, das er versucht sich auf dieser Erde zu schmieden.<\/p>\n\n\n\n<p><strong>Renald Deppe<\/strong> (*1955) : Eine Klarstellung. Zum Existenzialismus. (Institut zur Verbesserung der Lage 2023)<\/p>\n<\/div>\n<\/div>\n\n\n\n<hr class=\"wp-block-separator has-alpha-channel-opacity is-style-dots\"\/>\n\n\n\n<div class=\"wp-block-columns is-layout-flex wp-container-core-columns-is-layout-9d6595d7 wp-block-columns-is-layout-flex\">\n<div class=\"wp-block-column is-layout-flow wp-block-column-is-layout-flow\">\n<figure class=\"wp-block-image size-full\"><img loading=\"lazy\" decoding=\"async\" width=\"580\" height=\"484\" src=\"https:\/\/www.raetia.net\/wp-content\/uploads\/117_Jean-Genet.jpg\" alt=\"\" class=\"wp-image-5451\" srcset=\"https:\/\/www.raetia.net\/wp-content\/uploads\/117_Jean-Genet.jpg 580w, https:\/\/www.raetia.net\/wp-content\/uploads\/117_Jean-Genet-400x334.jpg 400w, https:\/\/www.raetia.net\/wp-content\/uploads\/117_Jean-Genet-14x12.jpg 14w\" sizes=\"auto, (max-width: 580px) 100vw, 580px\" \/><figcaption class=\"wp-element-caption\"><strong>Jean Genet<\/strong> (1910 &#8211; 1986) in seinem Arbeitszimmer (1960)<\/figcaption><\/figure>\n<\/div>\n\n\n\n<div class=\"wp-block-column is-layout-flow wp-block-column-is-layout-flow\">\n<p><strong>\u2022<\/strong> Genet, Jean, franz\u00f6sischer Schriftsteller, *\u202fParis 19.\u202f12. 1910, \u2020\u202febenda 15.\u202f4. 1986.<\/p>\n\n\n\n<p>Genet wuchs bei Pflegeeltern, dann in einer Erziehungsanstalt auf, aus der er jedoch ausbrach. 1929 trat er in die Fremdenlegion ein, desertierte und lebte vagabundierend in verschiedenen L\u00e4ndern Europas.<\/p>\n\n\n\n<p>Wegen zahlreicher Delikte angeklagt, akzeptierte er bereits als Jugendlicher die gegen ihn vorgebrachten Anklagen als \u00bbvouloir \u00eatre\u00ab (So-sein-Wollen) und bekannte sich sp\u00e4ter bewusst zu seiner gesellschaftlichen Position als Dieb, Bettler, Zuh\u00e4lter und \u00bbVerbrecher\u00ab sowie zu seiner Homosexualit\u00e4t. Zu lebensl\u00e4nglicher Haft verurteilt, wurde er 1948 nach Intervention verschiedener Schriftsteller (darunter J.-P. Sartre und J. Cocteau) begnadigt. Von 1961 an ver\u00f6ffentlichte er nur noch wenig. Politisch stand er u. a. mit der Black Panther Party und mit der PLO in Verbindung.<\/p>\n\n\n\n<p>Seine Werke spiegeln seine Erfahrungen als gesellschaftlicher Au\u00dfenseiter. Die im Gef\u00e4ngnis entstandenen, autobiografisch gef\u00e4rbten Romane zeigen eine Welt von Gewalt, Anarchie und Kriminalit\u00e4t abseits sozialer und moralischer Normen, in der das Verbrechen mythische Dimension annimmt. Auch in Genets Dramen werden etablierte Wertnormen und hierarchisch aufgebaute gesellschaftliche Strukturen entsprechend reflektiert. Sie geben kein realistisches Abbild der Welt oder einer Gegenwelt, sondern sind h\u00e4ufig in ein imagin\u00e4res, rituelles Spiel (im Spiel) eingebunden, das im Ausgreifen in die Wirklichkeit endet. In ihrer stilisierten, wirklichkeitsverfremdenden Form vermitteln Genets Dramen auch keine eigentliche Botschaft, obwohl sie (in der zeremoniellen Darstellung von Konfliktsituationen) politische und sozialkritische Akzente setzen. Genets von Argotismen bis zu lyrisch \u00fcberh\u00f6hter Metaphorik reichende Sprache ist ein kongenialer Ausdruck seiner \u00bb\u00c4sthetik des B\u00f6sen\u00ab.<\/p>\n\n\n\n<p>(Brockhaus, Enzyklop\u00e4die)<\/p>\n\n\n\n<p><strong>\u2022<\/strong>&nbsp;Die meisten Ruinen auf der Welt haben zwei Beine.<\/p>\n\n\n\n<p><strong>\u2022<\/strong>&nbsp;Die Laster der Mehrheit nennt man Tugenden.<\/p>\n\n\n\n<p><strong>\u2022<\/strong>&nbsp;Den Reiz des Verbotenen kann man nur kosten, wenn man es sofort tut. Morgen ist es vielleicht schon erlaubt.<\/p>\n\n\n\n<p><strong>\u2022<\/strong>&nbsp;In der moralischen Entr\u00fcstung schwingt auch immer die Besorgnis mit, vielleicht etwas vers\u00e4umt zu haben.<\/p>\n\n\n\n<p><strong>Jean Genet<\/strong><\/p>\n<\/div>\n<\/div>\n\n\n\n<hr class=\"wp-block-separator has-alpha-channel-opacity is-style-dots\"\/>\n\n\n\n<div class=\"wp-block-columns is-layout-flex wp-container-core-columns-is-layout-9d6595d7 wp-block-columns-is-layout-flex\">\n<div class=\"wp-block-column is-layout-flow wp-block-column-is-layout-flow\">\n<figure class=\"wp-block-image size-full\"><img loading=\"lazy\" decoding=\"async\" width=\"609\" height=\"344\" src=\"https:\/\/www.raetia.net\/wp-content\/uploads\/118_Pageturner.jpg\" alt=\"\" class=\"wp-image-5513\" srcset=\"https:\/\/www.raetia.net\/wp-content\/uploads\/118_Pageturner.jpg 609w, https:\/\/www.raetia.net\/wp-content\/uploads\/118_Pageturner-400x226.jpg 400w, https:\/\/www.raetia.net\/wp-content\/uploads\/118_Pageturner-18x10.jpg 18w\" sizes=\"auto, (max-width: 609px) 100vw, 609px\" \/><figcaption class=\"wp-element-caption\"><strong>Pageturner.<\/strong>&nbsp;(Verlagswerbung 2022)<\/figcaption><\/figure>\n<\/div>\n\n\n\n<div class=\"wp-block-column is-layout-flow wp-block-column-is-layout-flow\">\n<p><strong>\u2022 Freizeit &#8211; freie Zeit. Zeit f\u00fcr Freie?<\/strong><\/p>\n\n\n\n<p>Man kann die Zeit vergehen lassen.<br>Man kann die Zeit nutzen.<br>Man kann Zeit stehlen.<br>Man kann Zeit schenken.<br>Man kann Zeit teilen.<br>Man kann die Zeit einteilen.<br>Man kann die Zeit verlieren.<br>Man kann die verlorene Zeit suchen.<br>Man kann die Zeit messen.<br>Man kann die Zeit bemessen.<br>Man kann in der Zeit sein.<br>Man kann aus der Zeit fallen.<br>Man kann mit der Zeit gehen.<br>Man kann mit der Zeit reisen.<br>Man kann die Zeit stoppen.<br>Man kann die Zeit nagen lassen.<br>Man kann mit der Zeit geizen.<br>Man kann die Zeit arbeiten lassen.<br>Man kann Zeit vergeuden.<br>Man kann auf Zeit spielen.<br>Man kann auf die Zeit hoffen.<br>Man kann die Zeit Wunden heilen lassen.<br>Man kann die Zeit einstellen.<br>Man kann die Zeit umstellen.<br>Man kann eine Zeit vereinbaren.<br>Man kann um Zeit bitten.<br>Man kann Zeit brauchen.<br>Man kann die Zeit verbrauchen.<br>Man kann Zeit opfern.<br>Man kann Zeit schinden.<br>Man kann die Zeit \u00fcberdauern.<br>Man kann seine Zeit gestalten.<br>Man kann seine Zeit verwalten.<br>Man kann Zeit totschlagen.<br>Man kann Zeit (lebensl\u00e4nglich) ab- &amp; einsitzen.<br>Man kann die Zeit nicht zur\u00fcckdrehen.<\/p>\n\n\n\n<p>Die uns zubemessene (verbleibende) Zeit ist mit das Kostbarste, \u00fcber das wir verf\u00fcgen (d\u00fcrfen).<br>Sie ist weder zu ersetzen noch (unendlich) zu verl\u00e4ngern.<br>Sie ist f\u00fcr uns existentieller als jedwedes Kapital, Besitz und Ansehen.<br>Das wird oftmals vergessen.<br>Und zeitigt dadurch gewaltige Probleme.<br>Das wird oftmals verdr\u00e4ngt, verschwiegen, vertuscht.<br>Was also tun mit\/in der uns zubemessenen kostbaren (freien &amp; nichtfreien) Zeit?<br>Lesen?<br>Zum Beispiel.<br>Lesen als Schule der Selbst- &amp; Fremdwahrnehmung.<br>Des Eigenen, des Anderen, des Ent- &amp; Begrenzten in, an &amp; um uns.<\/p>\n\n\n\n<p>Ich danke dem\/der geneigten LeserIn f\u00fcr seine\/ihre kostbare Lesezeit.<\/p>\n\n\n\n<p><strong>Renald Deppe<\/strong> (*1955) : F\u00fcr wenn ich zeitvertreibig bin\u2026 (Institut zur Verbesserung der Lage, 2023)<\/p>\n<\/div>\n<\/div>\n\n\n\n<hr class=\"wp-block-separator has-alpha-channel-opacity is-style-dots\"\/>\n\n\n\n<div class=\"wp-block-columns is-layout-flex wp-container-core-columns-is-layout-9d6595d7 wp-block-columns-is-layout-flex\">\n<div class=\"wp-block-column is-layout-flow wp-block-column-is-layout-flow\">\n<figure class=\"wp-block-image size-full\"><img loading=\"lazy\" decoding=\"async\" width=\"609\" height=\"344\" src=\"https:\/\/www.raetia.net\/wp-content\/uploads\/119_Franziskus.jpg\" alt=\"\" class=\"wp-image-5527\" srcset=\"https:\/\/www.raetia.net\/wp-content\/uploads\/119_Franziskus.jpg 609w, https:\/\/www.raetia.net\/wp-content\/uploads\/119_Franziskus-400x226.jpg 400w, https:\/\/www.raetia.net\/wp-content\/uploads\/119_Franziskus-18x10.jpg 18w\" sizes=\"auto, (max-width: 609px) 100vw, 609px\" \/><figcaption class=\"wp-element-caption\"><strong>Papst Franziskus<\/strong>&nbsp;(I) : (*1936)<\/figcaption><\/figure>\n\n\n\n<figure class=\"wp-block-image size-full\"><img loading=\"lazy\" decoding=\"async\" width=\"609\" height=\"344\" src=\"https:\/\/www.raetia.net\/wp-content\/uploads\/119_Franziskus-I.jpg\" alt=\"\" class=\"wp-image-5530\" srcset=\"https:\/\/www.raetia.net\/wp-content\/uploads\/119_Franziskus-I.jpg 609w, https:\/\/www.raetia.net\/wp-content\/uploads\/119_Franziskus-I-400x226.jpg 400w, https:\/\/www.raetia.net\/wp-content\/uploads\/119_Franziskus-I-18x10.jpg 18w\" sizes=\"auto, (max-width: 609px) 100vw, 609px\" \/><figcaption class=\"wp-element-caption\"><strong>Papst Franziskus<\/strong>&nbsp;(II) : (*1936)<\/figcaption><\/figure>\n<\/div>\n\n\n\n<div class=\"wp-block-column is-layout-flow wp-block-column-is-layout-flow\">\n<p><strong>\u2022<\/strong>&nbsp;Der Narr<\/p>\n\n\n\n<p>Er war nicht unbegabt. Die Geisteskr\u00e4fte<br>Gen\u00fcgten f\u00fcr die laufenden Gesch\u00e4fte.<br>Nur hatt&#8216; er die Marotte,<br>Er sei der Papst. Dies sagt&#8216; er oft und gern,<br>F\u00fcr jedermann zum \u00c4rgernis und Spotte,<br>Bis sie zuletzt ins Narrenhaus ihn sperrn.<br>Ein guter Freund, der ihn daselbst besuchte,<br>Fand ihn h\u00f6chst aufgeregt. Er fluchte:<br>\u00bbZum Kuckuck, das ist doch zu dumm.<br>Ich soll ein Narr sein und wei\u00df nicht warum.\u00ab<br>\u00bbJa\u00ab, sprach der Freund, \u00bbso sind die Leute.<br>Man hat an einem Papst genug.<br>Du bist der zweite.<br>Das eben kann man nicht vertragen.<br>H\u00f6r zu, ich will dir mal was sagen:<br>Wer schweigt, ist klug.\u00ab<br>Der Narr verstummt, als ob er \u00fcberlege.<br>Der gute Freund ging leise seiner Wege.<br>Und schau, nach vierzehn Tagen grade,<br>Da traf er ihn schon auf der Promenade.<br>\u00bbEi\u00ab, rief der Freund, \u00bbwo kommst du her?<br>Bist du denn jetzt der Papst nicht mehr?\u00ab<br>\u00bbFreund\u00ab, sprach der Narr und l\u00e4chelt schlau,<br>\u00bbDu scheinst zur Neugier sehr geneigt.<br>Das, was wir sind, wei\u00df ich genau.<br>Wir alle haben unsern Sparren,<br>Doch sagen tun es nur die Narren.<br>Der Weise schweigt.\u00ab<\/p>\n\n\n\n<p><strong>Wilhelm Busch<\/strong> (1832 &#8211; 1908)<\/p>\n\n\n\n<p><strong>\u2022<\/strong> Eigentlich&#8230;<\/p>\n\n\n\n<p>Eigentlich m\u00f6chte ER schweigen.<br>Doch ein Papst muss sich zu Wort melden.<br>Eigentlich sollte ER schweigen.<br>Doch ein Papst muss Botschaften senden.<\/p>\n\n\n\n<p>Eigentlich m\u00fcsste ER schweigen.<br>Doch ein Papst muss Entscheidungen verk\u00fcnden.<br>Eigentlich k\u00f6nnte ER schweigen.<br>Doch ein Papst muss Rat und Zuspruch erteilen.<\/p>\n\n\n\n<p>Zweitausend Jahre Spruch und Widerspruch.<br>Rede und Gegenrede.<br>Zweitausend Jahre Wort und Widerwort.<br>Glauben und Unglauben.<\/p>\n\n\n\n<p>Zweitausend Jahre Willen und Widerwillen.<br>Gebote und Verbote.<br>Zweitausend Jahre Ruf und Widerruf.<br>Welt und Unterwelt.<\/p>\n\n\n\n<p>Doch eigentlich\u2026<\/p>\n\n\n\n<p><strong>Renald Deppe<\/strong> (*1955) : F\u00fcr wenn ich kreuzstaunig bin\u2026 (Institut zur Verbesserung der Lage 2023)<\/p>\n<\/div>\n<\/div>\n\n\n\n<hr class=\"wp-block-separator has-alpha-channel-opacity is-style-dots\"\/>\n\n\n\n<div class=\"wp-block-columns is-layout-flex wp-container-core-columns-is-layout-9d6595d7 wp-block-columns-is-layout-flex\">\n<div class=\"wp-block-column is-layout-flow wp-block-column-is-layout-flow\">\n<figure class=\"wp-block-image size-full\"><img loading=\"lazy\" decoding=\"async\" width=\"394\" height=\"436\" src=\"https:\/\/www.raetia.net\/wp-content\/uploads\/120_Manes-Sperber.jpg\" alt=\"\" class=\"wp-image-5570\" srcset=\"https:\/\/www.raetia.net\/wp-content\/uploads\/120_Manes-Sperber.jpg 394w, https:\/\/www.raetia.net\/wp-content\/uploads\/120_Manes-Sperber-361x400.jpg 361w, https:\/\/www.raetia.net\/wp-content\/uploads\/120_Manes-Sperber-11x12.jpg 11w\" sizes=\"auto, (max-width: 394px) 100vw, 394px\" \/><figcaption class=\"wp-element-caption\"><strong>Man\u00e8s Sperber <\/strong>(1905 &#8211; 1984) : Bei der Pr\u00e4sentation\/Lesung seines Buches&nbsp;\u00bbDie Wassertr\u00e4ger Gottes\u00ab (1974)<\/figcaption><\/figure>\n<\/div>\n\n\n\n<div class=\"wp-block-column is-layout-flow wp-block-column-is-layout-flow\">\n<p><strong>\u2022<\/strong>&nbsp;Noch weniger scheue ich den \u00bbBeifall auf der falschen Seite\u00ab, denn die Wahrheit&nbsp;ist nicht taktisch und nicht funktionell. Dass auch der Gegner sie ausspricht, entwertet&nbsp;sie in keiner Weise; somit gibt es keine falsche Seite.&nbsp;<\/p>\n\n\n\n<p>Wer denkt oder schreibt, als&nbsp;ob die Gegner immer und in allem Unrecht haben m\u00fcssen, verteufelt die Welt&nbsp;und misshandelt die Wahrheit.<\/p>\n\n\n\n<p><strong>\u2022<\/strong>&nbsp;Die Logik des Hasses geht namentlich in zweierlei weise vor:&nbsp;Sie&nbsp;<em>totalisiert&nbsp;<\/em>und sie&nbsp;<em>atomisiert.&nbsp;<\/em>Der Antisemit sucht in der t\u00e4glichen Skandalchronik der Zeitungen die Namen von j\u00fcdischen Schwindlern,&nbsp;die einzigen \u00fcbrigens, von denen er \u00fcberhaupt Kenntnis nimmt.&nbsp;Zun\u00e4chst behauptet er nun, dass alle Schwindler Juden seien,&nbsp;dann&nbsp;<em>totalisiert<\/em>&nbsp;er diese Verallgemeinerung, die nun lautet: \u00bbAlle Juden sind Schwindler\u00ab.&nbsp;Darauf beginnt er zu&nbsp;<em>atomisieren;&nbsp;<\/em>die Juden h\u00f6ren allm\u00e4hlich auf, wirkliche Personen zu sein,&nbsp;und bestehen schlie\u00dflich nur noch aus Verbrechen, die ihnen vorgeworfen werden.<\/p>\n\n\n\n<p>Genau dasselbe Vorgehen erlaubt den totalit\u00e4ren Regimen,&nbsp;ihre wirklichen oder m\u00f6glichen Gegner in einer Weise zu desintegrieren,&nbsp;bis von ihnen nur noch eine verbrecherische Meinung \u00fcbrig bleibt,&nbsp;die dann mittels der nachtr\u00e4glichen Erfindung einer entsprechenden \u00bbkriminellen\u00ab&nbsp; Vergangenheit&nbsp;\u00bbobjektiv\u00ab konkretisiert wird.&nbsp;Der Mensch, der hasst, entpers\u00f6nlicht den, den er hasst, in affektiver Weise;&nbsp;dem totalit\u00e4ren Regime gelingt es mit Hilfe der \u00bbGehirnw\u00e4sche\u00ab,&nbsp;diese Atomisierung in der \u00bbPraxis\u00abdurchzuf\u00fchren.<\/p>\n\n\n\n<p>Dass der Mensch den Menschen auf die Dauer nicht hassen kann,&nbsp;ohne ihn seiner Eigenschaft als Mensch zu berauben, stellt einen h\u00f6chst bedeutsamen Umstand dar,&nbsp;der vermuten l\u00e4\u00dft, da\u00df der totale Hass eine Krankheit,&nbsp;ein wenigstens partieller Wahnsinn ist.&nbsp;Man hasst jene Menschen, die man entstellt hat,&nbsp;und man entstellt sie, um sie hassen zu k\u00f6nnen.<\/p>\n\n\n\n<p>Warum?<\/p>\n\n\n\n<p>Um n\u00e4mlich in der&nbsp;<em>absoluten&nbsp;<\/em>Negation des fremden Wertes&nbsp;die&nbsp;<em>absolute&nbsp;<\/em>Best\u00e4tigung des eigenen zu finden.<\/p>\n\n\n\n<p><strong>Man\u00e8s Sperber<\/strong><\/p>\n\n\n\n<p><strong>\u2022<\/strong>&nbsp;Man betritt den Weg zum Terrorismus unter dem Einfluss gewisser politischer Illusionen oder umgekehrt nach erbitternden Illusionsverlusten, aus denen man nichts lernen will. Aber dass man auf diesem Weg verharrt, obschon alles darauf hinweist, dass er ins Nichts f\u00fchrt, erkl\u00e4rt sich aus dem unhemmbaren Bed\u00fcrfnis nach einer Position, in der sich der Terrorist allen, die nicht seinesgleichen sind, pers\u00f6nlich, politisch, moralisch \u00fcberlegen f\u00fchlt. Dieses \u00dcberlegenheitsgef\u00fchl best\u00e4rkt ihn in seiner trotzigen Rechthaberei; er h\u00e4lt allen Argumenten stand, auch wenn es sich erweist, dass seine ideologischen, politischen, taktischen und sonstigen Begr\u00fcndungen t\u00e4glich durch Tatsachen so entkr\u00e4ftet werden, dass er sie nicht einmal umdeuten kann. Er und seinesgleichen k\u00f6nnen ihre Behauptung nicht aufrechterhalten, dass ihre Taten das Proletariat in Bewegung setzen oder zumindest seinen revolution\u00e4ren Eifer erwecken.<\/p>\n\n\n\n<p>Man entscheidet sich f\u00fcr die Revolte oder f\u00fcr die Revolution aus mannigfachen Gr\u00fcnden, unter dem Einfluss verschiedenartiger pers\u00f6nlicher und sozialer Erlebnisse und unter dem Eindruck gro\u00dfer Geschehnisse. In jedem Falle einer solchen Entscheidung wirkt sichtbar oder unbewusst eine pers\u00f6nliche Motivation, denn immer ist der Charakter des Einzelnen im Spiel. Daher gilt es, um so sch\u00e4rfer zu unterscheiden zwischen jenen, die in der Politik eine M\u00f6glichkeit suchen, an gemeinschaftlichen Bem\u00fchungen teilzunehmen, und jenen anderen, die in der Politik das dramatische Abenteuer und im individuellen sowie im Bandenterror Vehikel und Instrument ihrer pers\u00f6nlichen Revolte und gleichzeitig Zuflucht vor ihrer Entt\u00e4uschung \u00fcber sich selbst finden wollen.<\/p>\n\n\n\n<p>Jene, die ihre&nbsp;<em>neurotische Rebellion&nbsp;<\/em>als revolution\u00e4re Haltung maskieren, verwandeln die gro\u00dfe Sache, f\u00fcr deren Sieg sie k\u00e4mpfen wollen, in eine Angelegenheit pers\u00f6nlicher Rank\u00fcne, sozusagen in eine ungl\u00fcckliche Liebesgeschichte, in der die Vergewaltigung \u00fcber die Unf\u00e4higkeit zu lieben hinwegt\u00e4uschen soll.<\/p>\n\n\n\n<p>Der Grundsatz, dass der Zweck die Mittel heilige, ist nicht nur ein verwerflicher Generalpardon f\u00fcr alle Missetaten, sondern \u00fcberdies eine elendige, irref\u00fchrende Anleitung zu zielstrebigem Handeln. Was wir seit dem Ersten Weltkrieg erlebt haben, ist nicht nur die jenem Grundsatz gem\u00e4\u00dfe politische Praxis, die vor keinem Mittel zur\u00fcckscheut und die \u00fcbelsten Verbrechen durch die Erhabenheit der zu erreichenden Ziele rechtfertigt.<\/p>\n\n\n\n<p>Es geschieht etwas viel Sinnwidrigeres und im Ergebnis noch gef\u00e4hrlicheres: Man verselbstst\u00e4ndigt eben jene Mittel, die sodann Grund, Sinn und Rechtfertigung ihrer Selbst, das hei\u00dft: allen Tuns werden.&nbsp;<em>Das Mittel ersetzt den Zweck, der Terror wird Selbstzweck.&nbsp;<\/em>Diese Terroristen laufen im Teufelskreis herum. Ihr Tun ist zweckentfremdet; ihre Gewalttaten isolieren sie von der Welt, die sie erwecken oder erobern wollten. Sie sind Narren ihrer selbst, gef\u00e4hrlich arme Teufel.<\/p>\n\n\n\n<p>Gleichviel ob der Terrorist als Einzelg\u00e4nger handelt oder sich mit Gleichgesinnten zu einer, blinden Gehorsam heischenden, geheimen Gruppe zusammenschlie\u00dft &#8211; im einen wie im anderen Falle sucht er, so erstaunlich es klingen mag, ein pers\u00f6nliches Problem zu l\u00f6sen. Die moderne Psychologie erm\u00f6glicht es uns, in dem meist undeutlichen Zusammenhang von Bewusstsein und Unbewusstem den inneren Widerspruch des Handelnden aufzudecken, seine seltsame, ihn selbst irref\u00fchrende, verf\u00e4lschende Verquickung von Gr\u00fcnden, Vorw\u00e4nden und Motiven.&nbsp;<\/p>\n\n\n\n<p>So darf man ohne weiteres gelten lassen, dass ein Terrorist im Interesse einer ganzen Klasse, sagen wir des Proletariats, im Hinblick auf eine gro\u00dfe Sache, auf eine nationale Emanzipation zu&nbsp;<em>handeln glaubt<\/em>, obschon ihm die Analyse der tats\u00e4chlich erreichten Wirkungen terroristischer Aktionen in den meisten F\u00e4llen beweist, dass mit individuellem Terror keines seiner angestrebten Ziele erreicht werden kann.<\/p>\n\n\n\n<p>Er gebraucht somit&nbsp;<em>Ideologie und Politik&nbsp;<\/em>als eine&nbsp;<em>Schleiermotivation,&nbsp;<\/em>wie man ihr auch im privaten Leben und besonders auch bei Neurotikern begegnet. Der wahre, der wirklich bestimmende Beweggrund bleibt unnennbar und wird im Bewusstsein des Terroristen durch ideologischen Extremismus so gut wie v\u00f6llig verdeckt.<\/p>\n\n\n\n<p><strong>Man\u00e8s Sperber&nbsp;<\/strong>(Auszug: \u00bbDie Nachfahren Herostratos &#8211; Zur Psychologie des Terroristen\u00ab, 1975)<\/p>\n\n\n\n<p><strong>\u2022<\/strong>&nbsp;Sperber, Man\u00e8s, franz\u00f6sischer Schriftsteller \u00f6sterreichischer Herkunft, *\u202fZab\u0142ot\u00f3w (heute Sabolotow, Ukraine) 12.\u202f12. 1905, \u2020\u202fParis 5.\u202f2. 1984;<\/p>\n\n\n\n<p>Sohn eines Rabbiners, aufgewachsen in Galizien, ab 1916 in Wien. Dort studierte er Psychologie und war Sch\u00fcler und Mitarbeiter von A. Adler. 1927 wurde er Dozent f\u00fcr Psychologie und Soziologie in Berlin; es folgten der Bruch mit Adler (1932) und der Eintritt in die KPD, deren Mitglied er bis 1937 blieb. 1933 emigrierte Sperber \u00fcber \u00d6sterreich und Jugoslawien nach Frankreich. 1939 diente er als Kriegsfreiwilliger in der franz\u00f6sischen Armee, nach deren Niederlage floh er in die Schweiz. Nach Kriegsende kehrte er nach Paris zur\u00fcck, wo er im Verlagswesen und zeitweise auch als Hochschullehrer t\u00e4tig war.<\/p>\n\n\n\n<p>Sperber verkn\u00fcpft in seinem nachhaltig vom eigenen Erleben gepr\u00e4gten Werk narrativen Aufbau und Elemente der Spannung mit geistreich-ironischen Analysen. Wissen, Bewusstsein, Gewissen waren ihm als geistige Einheit oberstes Gebot in Leben und Werk; als skeptischer Humanist wandte er sich gegen jede Art von Totalitarismus. Sein wohl bekanntestes Werk ist die (auto)biografisch-politische Romantrilogie \u00bbWie eine Tr\u00e4ne im Ozean\u00ab (1961). Des Weiteren ver\u00f6ffentlichte er eine Reihe von Essayb\u00e4nden, in denen er sich u. a. mit j\u00fcdischer Identit\u00e4t, dem Problem der Gewalt und literarischen Themen auseinandersetzte, sowie psychologische Abhandlungen. Seine Erinnerungen, deren gemeinsamer Titel \u00bbAll das Vergangene\u00ab lautet, umfassen die B\u00e4nde \u00bbDie Wassertr\u00e4ger Gottes\u00ab (1974), \u00bbDie vergebliche Warnung\u00ab (1975) und \u00bbBis man mir Scherben auf die Augen legt\u00ab (1977). Sperber schrieb auch in franz\u00f6sischer Sprache. 1975 erhielt er den Georg-B\u00fcchner-Preis, 1983 den Friedenspreis des Deutschen Buchhandels.<\/p>\n\n\n\n<p>(Brockhaus, Enzyklop\u00e4die)<\/p>\n<\/div>\n<\/div>\n\n\n\n<hr class=\"wp-block-separator has-alpha-channel-opacity is-style-wide\"\/>","protected":false},"excerpt":{"rendered":"","protected":false},"author":2,"featured_media":2524,"comment_status":"closed","ping_status":"closed","sticky":false,"template":"","format":"standard","meta":{"footnotes":""},"categories":[15,17,19],"tags":[],"class_list":["post-2338","post","type-post","status-publish","format-standard","has-post-thumbnail","hentry","category-ab-und-zu-stand","category-projekte","category-vergangene-projekte","generate-columns","tablet-grid-50","mobile-grid-100","grid-parent","grid-25","no-featured-image-padding"],"_links":{"self":[{"href":"https:\/\/www.raetia.net\/it\/wp-json\/wp\/v2\/posts\/2338","targetHints":{"allow":["GET"]}}],"collection":[{"href":"https:\/\/www.raetia.net\/it\/wp-json\/wp\/v2\/posts"}],"about":[{"href":"https:\/\/www.raetia.net\/it\/wp-json\/wp\/v2\/types\/post"}],"author":[{"embeddable":true,"href":"https:\/\/www.raetia.net\/it\/wp-json\/wp\/v2\/users\/2"}],"replies":[{"embeddable":true,"href":"https:\/\/www.raetia.net\/it\/wp-json\/wp\/v2\/comments?post=2338"}],"version-history":[{"count":210,"href":"https:\/\/www.raetia.net\/it\/wp-json\/wp\/v2\/posts\/2338\/revisions"}],"predecessor-version":[{"id":5979,"href":"https:\/\/www.raetia.net\/it\/wp-json\/wp\/v2\/posts\/2338\/revisions\/5979"}],"wp:featuredmedia":[{"embeddable":true,"href":"https:\/\/www.raetia.net\/it\/wp-json\/wp\/v2\/media\/2524"}],"wp:attachment":[{"href":"https:\/\/www.raetia.net\/it\/wp-json\/wp\/v2\/media?parent=2338"}],"wp:term":[{"taxonomy":"category","embeddable":true,"href":"https:\/\/www.raetia.net\/it\/wp-json\/wp\/v2\/categories?post=2338"},{"taxonomy":"post_tag","embeddable":true,"href":"https:\/\/www.raetia.net\/it\/wp-json\/wp\/v2\/tags?post=2338"}],"curies":[{"name":"wp","href":"https:\/\/api.w.org\/{rel}","templated":true}]}}